{"id":420057,"date":"2025-09-26T23:20:37","date_gmt":"2025-09-26T23:20:37","guid":{"rendered":"https:\/\/www.europesays.com\/fr\/420057\/"},"modified":"2025-09-26T23:20:37","modified_gmt":"2025-09-26T23:20:37","slug":"la-valette-du-var-inaugure-la-mairie-annexe-de-la-coupiane-des-services-de-proximite-au-coeur-du-quartier","status":"publish","type":"post","link":"https:\/\/www.europesays.com\/fr\/420057\/","title":{"rendered":"La Valette-du-Var inaugure la mairie annexe de La Coupiane : des services de proximit\u00e9 au c\u0153ur du quartier"},"content":{"rendered":"<p>\t\t\t\t\t\t\t\tUn nouvel \u00e9quipement public au service des habitants<\/p>\n<p>La Valette-du-Var a inaugur\u00e9 la <strong data-start=\"688\" data-end=\"720\">mairie annexe de La Coupiane<\/strong> le <strong data-start=\"724\" data-end=\"754\">vendredi 19 septembre 2025<\/strong>, au c\u0153ur du secteur Val Sud. Le site est situ\u00e9 <strong data-start=\"802\" data-end=\"824\">avenue Paul-Val\u00e9ry<\/strong> (immeuble <strong data-start=\"835\" data-end=\"848\">Le Ribera<\/strong>), pour un acc\u00e8s simple depuis le quartier. L\u2019objectif est clair : rapprocher les d\u00e9marches du quotidien des habitants. Les <strong data-start=\"972\" data-end=\"994\">horaires d\u2019accueil<\/strong> sont align\u00e9s sur ceux de la ville : <strong data-start=\"1031\" data-end=\"1041\">8h-12h<\/strong> et <strong data-start=\"1045\" data-end=\"1058\">13h30-17h<\/strong>. L\u2019ouverture officielle s\u2019inscrit dans la continuit\u00e9 des am\u00e9nagements r\u00e9cents du secteur. Elle r\u00e9pond \u00e0 une demande forte de services publics de proximit\u00e9.<\/p>\n<p>\u00a0<\/p>\n<p><img loading=\"lazy\" decoding=\"async\" class=\" wp-image-56101\" src=\"https:\/\/www.europesays.com\/fr\/wp-content\/uploads\/2025\/09\/1_mairie_la_valette_info83-300x169.jpg\" alt=\"1_mairie_la_valette_info83\" width=\"678\" height=\"382\"  \/>Thierry Albertini, maire de La Valette-du-Var, a inaugur\u00e9 cette nouvelle mairie, accompagn\u00e9 du pr\u00e9fet du Var Simon Babre.<\/p>\n<p>\u00a0<\/p>\n<p>D\u00e9marches administratives, permanences et cap vers France Services<\/p>\n<p>Sur place, les usagers retrouvent des <strong data-start=\"1369\" data-end=\"1408\">d\u00e9marches administratives courantes<\/strong>, de l\u2019<strong data-start=\"1415\" data-end=\"1429\">\u00e9tat civil<\/strong> et des <strong data-start=\"1437\" data-end=\"1452\">permanences<\/strong> d\u2019information. Le <strong data-start=\"1471\" data-end=\"1501\">Pr\u00e9fet du Var, Simon Babre<\/strong>, pr\u00e9sent lors de l\u2019inauguration, a annonc\u00e9 l\u2019entr\u00e9e du site dans le <strong data-start=\"1570\" data-end=\"1618\">processus de labellisation \u201cFrance Services\u201d<\/strong>. Cette mont\u00e9e en gamme vise \u00e0 regrouper, \u00e0 terme, des guichets utiles au quotidien. Elle compl\u00e8te la requalification d\u00e9j\u00e0 visible de l\u2019avenue, marqu\u00e9e par le <strong data-start=\"1777\" data-end=\"1826\">retour du distributeur automatique de billets<\/strong> d\u00e9but ao\u00fbt. Le quartier franchit ainsi une nouvelle \u00e9tape en mati\u00e8re de services et de confort de vie.<\/p>\n<p>\u00a0<\/p>\n<p><img loading=\"lazy\" decoding=\"async\" class=\" wp-image-56102\" src=\"https:\/\/www.europesays.com\/fr\/wp-content\/uploads\/2025\/09\/2_mairie_la_valette_info83-300x169.jpg\" alt=\"2_mairie_la_valette_info83\" width=\"683\" height=\"385\"  \/>La Coupiane renforce son lien avec la commune.<\/p>\n<p>\u00a0<\/p>\n<p>Proximit\u00e9, accessibilit\u00e9 et qualit\u00e9 de vie \u00e0 La Coupiane<\/p>\n<p>Cette <strong data-start=\"2042\" data-end=\"2059\">mairie annexe<\/strong> renforce le lien entre la ville et les habitants de <strong data-start=\"2112\" data-end=\"2137\">La Coupiane \/ Val Sud<\/strong>. Elle facilite les d\u00e9marches, limite les d\u00e9placements et <strong data-start=\"2195\" data-end=\"2223\">am\u00e9liore l\u2019accessibilit\u00e9<\/strong> aux services. Le dispositif s\u2019inscrit dans une strat\u00e9gie locale d\u2019<strong data-start=\"2290\" data-end=\"2322\">am\u00e9lioration du cadre de vie<\/strong>. Il valorise un quartier actif et familial, attach\u00e9 \u00e0 la <strong data-start=\"2380\" data-end=\"2393\">proximit\u00e9<\/strong> et \u00e0 l\u2019<strong data-start=\"2401\" data-end=\"2412\">accueil<\/strong>. La Valette-du-Var confirme ainsi sa volont\u00e9 d\u2019un service public <strong data-start=\"2478\" data-end=\"2490\">pratique<\/strong>, <strong data-start=\"2492\" data-end=\"2503\">lisible<\/strong> et <strong data-start=\"2507\" data-end=\"2528\">pr\u00e8s de chez vous<\/strong>.<\/p>\n<p>\u00a0<\/p>\n<p><strong><img decoding=\"async\" class=\"emoji\" role=\"img\" draggable=\"false\" src=\"https:\/\/s.w.org\/images\/core\/emoji\/13.1.0\/svg\/1f538.svg\" alt=\"\ud83d\udd38\" data-pin-no-hover=\"true\"\/>A voir aussi : <\/strong><a href=\"https:\/\/www.info83.fr\/ds-n8-lancement-reussi-a-la-valette\/\" target=\"_blank\" rel=\"noopener\">DS N\u00b08 : lancement r\u00e9ussi \u00e0 La Valette<\/a><\/p>\n<p><strong><img decoding=\"async\" class=\"emoji\" role=\"img\" draggable=\"false\" src=\"https:\/\/s.w.org\/images\/core\/emoji\/13.1.0\/svg\/1f538.svg\" alt=\"\ud83d\udd38\" data-pin-no-hover=\"true\"\/>Info83, le Var proche de vous<br \/><\/strong><\/p>\n<p><img decoding=\"async\" class=\"emoji\" role=\"img\" draggable=\"false\" src=\"https:\/\/s.w.org\/images\/core\/emoji\/13.1.0\/svg\/27a1.svg\" alt=\"\u27a1\ufe0f\" data-pin-no-hover=\"true\"\/>\u00a0<a href=\"https:\/\/bit.ly\/2OZZMMK\" target=\"_blank\" rel=\"noopener noreferrer\">Facebook Info83<\/a><\/p>\n<p><img decoding=\"async\" class=\"emoji\" role=\"img\" draggable=\"false\" src=\"https:\/\/s.w.org\/images\/core\/emoji\/13.1.0\/svg\/27a1.svg\" alt=\"\u27a1\ufe0f\" data-pin-no-hover=\"true\"\/>\u00a0<a href=\"https:\/\/bit.ly\/2ONkTC9\" target=\"_blank\" rel=\"noopener noreferrer\">Youtube Info83<\/a><\/p>\n","protected":false},"excerpt":{"rendered":"Un nouvel \u00e9quipement public au service des habitants La Valette-du-Var a inaugur\u00e9 la mairie annexe de La Coupiane&hellip;\n","protected":false},"author":2,"featured_media":420058,"comment_status":"","ping_status":"","sticky":false,"template":"","format":"standard","meta":{"footnotes":""},"categories":[9619],"tags":[1111,11,54917,25681,25916,1777,674,1011,27,29947,54918,18323,54919,12,882,54920,25,54921,54922,2310],"class_list":{"0":"post-420057","1":"post","2":"type-post","3":"status-publish","4":"format-standard","5":"has-post-thumbnail","7":"category-toulon","8":"tag-actu","9":"tag-actualites","10":"tag-avenue-paul-valery","11":"tag-demarches-administratives","12":"tag-etat-civil","13":"tag-eu","14":"tag-europe","15":"tag-fr","16":"tag-france","17":"tag-france-services","18":"tag-inauguration-19-septembre-2025","19":"tag-la-valette-du-var","20":"tag-mairie-annexe-la-coupiane","21":"tag-news","22":"tag-provence-alpes-cote-dazur","23":"tag-quartier-val-sud","24":"tag-republique-francaise","25":"tag-services-de-proximite","26":"tag-simon-babre","27":"tag-toulon"},"share_on_mastodon":{"url":"https:\/\/pubeurope.com\/@fr\/115273166829632124","error":""},"_links":{"self":[{"href":"https:\/\/www.europesays.com\/fr\/wp-json\/wp\/v2\/posts\/420057","targetHints":{"allow":["GET"]}}],"collection":[{"href":"https:\/\/www.europesays.com\/fr\/wp-json\/wp\/v2\/posts"}],"about":[{"href":"https:\/\/www.europesays.com\/fr\/wp-json\/wp\/v2\/types\/post"}],"author":[{"embeddable":true,"href":"https:\/\/www.europesays.com\/fr\/wp-json\/wp\/v2\/users\/2"}],"replies":[{"embeddable":true,"href":"https:\/\/www.europesays.com\/fr\/wp-json\/wp\/v2\/comments?post=420057"}],"version-history":[{"count":0,"href":"https:\/\/www.europesays.com\/fr\/wp-json\/wp\/v2\/posts\/420057\/revisions"}],"wp:featuredmedia":[{"embeddable":true,"href":"https:\/\/www.europesays.com\/fr\/wp-json\/wp\/v2\/media\/420058"}],"wp:attachment":[{"href":"https:\/\/www.europesays.com\/fr\/wp-json\/wp\/v2\/media?parent=420057"}],"wp:term":[{"taxonomy":"category","embeddable":true,"href":"https:\/\/www.europesays.com\/fr\/wp-json\/wp\/v2\/categories?post=420057"},{"taxonomy":"post_tag","embeddable":true,"href":"https:\/\/www.europesays.com\/fr\/wp-json\/wp\/v2\/tags?post=420057"}],"curies":[{"name":"wp","href":"https:\/\/api.w.org\/{rel}","templated":true}]}}