{"id":420059,"date":"2025-09-26T23:21:12","date_gmt":"2025-09-26T23:21:12","guid":{"rendered":"https:\/\/www.europesays.com\/fr\/420059\/"},"modified":"2025-09-26T23:21:12","modified_gmt":"2025-09-26T23:21:12","slug":"le-poitiers-basket-domine-a-hyeres-toulon","status":"publish","type":"post","link":"https:\/\/www.europesays.com\/fr\/420059\/","title":{"rendered":"le Poitiers Basket domin\u00e9 \u00e0 Hy\u00e8res-Toulon"},"content":{"rendered":"<p><strong>Hy\u00e8res-Toulon\u00a0&#8211; Poitiers\u00a0: 88-79<\/strong><\/p>\n<p>Une semaine apr\u00e8s s\u2019\u00eatre inclin\u00e9 \u00e0 domicile face \u00e0 Antibes (79-87) pour l\u2019ouverture du championnat, le Poitiers Basket 86, bien que priv\u00e9 de Marcus Hammond et Ivan Ramljak, comptait d\u00e9crocher sa premi\u00e8re victoire en \u00c9lite 2 sur le parquet de Hy\u00e8res-Toulon.<\/p>\n<p>Mais, apr\u00e8s deux premiers quart-temps o\u00f9 les deux \u00e9quipes sont rest\u00e9es au coude \u00e0 coude (20-19, 10e\u00a0puis 38-38, 20e), les co\u00e9quipiers de K\u00e9vin Harley ont sombr\u00e9 ensuite. Manquant de coh\u00e9sion en d\u00e9fense et faisant preuve d\u2019une adresse en berne, voire fam\u00e9lique \u00e0 trois points (3\/16 \u00e0 la 30e), ils ont laiss\u00e9 les Varois prendre le large lors d\u2019un troisi\u00e8me quart-temps \u00e0 sens unique (67-54, 30e).<\/p>\n<p>La derni\u00e8re p\u00e9riode ne changeait rien, le HTV d\u00e9roulait et malgr\u00e9 les tr\u00e8s bonnes prestations de Narcisse Ngoy (9 points, 15 rebonds, 5 contres, 24 d\u2019\u00e9valuation) et Guillaume Eyango (11 points, 6 rebonds, 16 d\u2019\u00e9valuation), les Poitevins conc\u00e9daient leur deuxi\u00e8me revers en autant de journ\u00e9es (88-79).<\/p>\n<p>Ils auront l\u2019occasion de se relancer dans les prochains jours puisqu\u2019ils vont disputer deux rencontres dans leur salle de Saint-Eloi, mardi 30\u00a0septembre face \u00e0 Denain et vendredi 3\u00a0octobre contre Quimper.<\/p>\n","protected":false},"excerpt":{"rendered":"Hy\u00e8res-Toulon\u00a0&#8211; Poitiers\u00a0: 88-79 Une semaine apr\u00e8s s\u2019\u00eatre inclin\u00e9 \u00e0 domicile face \u00e0 Antibes (79-87) pour l\u2019ouverture du championnat,&hellip;\n","protected":false},"author":2,"featured_media":420060,"comment_status":"","ping_status":"","sticky":false,"template":"","format":"standard","meta":{"footnotes":""},"categories":[9619],"tags":[1392,1111,11,1465,7944,1777,674,1011,27,12,1653,13224,882,25,60,2310,1584],"class_list":{"0":"post-420059","1":"post","2":"type-post","3":"status-publish","4":"format-standard","5":"has-post-thumbnail","7":"category-toulon","8":"tag-a-la-une-local","9":"tag-actu","10":"tag-actualites","11":"tag-basket","12":"tag-elite-2","13":"tag-eu","14":"tag-europe","15":"tag-fr","16":"tag-france","17":"tag-news","18":"tag-poitiers","19":"tag-poitiers-basket-86","20":"tag-provence-alpes-cote-dazur","21":"tag-republique-francaise","22":"tag-sports","23":"tag-toulon","24":"tag-vienne"},"share_on_mastodon":{"url":"https:\/\/pubeurope.com\/@fr\/115273169879876300","error":""},"_links":{"self":[{"href":"https:\/\/www.europesays.com\/fr\/wp-json\/wp\/v2\/posts\/420059","targetHints":{"allow":["GET"]}}],"collection":[{"href":"https:\/\/www.europesays.com\/fr\/wp-json\/wp\/v2\/posts"}],"about":[{"href":"https:\/\/www.europesays.com\/fr\/wp-json\/wp\/v2\/types\/post"}],"author":[{"embeddable":true,"href":"https:\/\/www.europesays.com\/fr\/wp-json\/wp\/v2\/users\/2"}],"replies":[{"embeddable":true,"href":"https:\/\/www.europesays.com\/fr\/wp-json\/wp\/v2\/comments?post=420059"}],"version-history":[{"count":0,"href":"https:\/\/www.europesays.com\/fr\/wp-json\/wp\/v2\/posts\/420059\/revisions"}],"wp:featuredmedia":[{"embeddable":true,"href":"https:\/\/www.europesays.com\/fr\/wp-json\/wp\/v2\/media\/420060"}],"wp:attachment":[{"href":"https:\/\/www.europesays.com\/fr\/wp-json\/wp\/v2\/media?parent=420059"}],"wp:term":[{"taxonomy":"category","embeddable":true,"href":"https:\/\/www.europesays.com\/fr\/wp-json\/wp\/v2\/categories?post=420059"},{"taxonomy":"post_tag","embeddable":true,"href":"https:\/\/www.europesays.com\/fr\/wp-json\/wp\/v2\/tags?post=420059"}],"curies":[{"name":"wp","href":"https:\/\/api.w.org\/{rel}","templated":true}]}}