{"id":420065,"date":"2025-09-26T23:24:26","date_gmt":"2025-09-26T23:24:26","guid":{"rendered":"https:\/\/www.europesays.com\/fr\/420065\/"},"modified":"2025-09-26T23:24:26","modified_gmt":"2025-09-26T23:24:26","slug":"un-couple-cauchois-devant-le-tribunal-de-rouen-2","status":"publish","type":"post","link":"https:\/\/www.europesays.com\/fr\/420065\/","title":{"rendered":"un couple cauchois devant le tribunal de Rouen"},"content":{"rendered":"<p melodystyle=\"texte\">\u00ab\u00a0Chaque dossier ne commence pas par une tentative de suicide d&rsquo;un adolescent\u00a0\u00bb, lan\u00e7ait la pr\u00e9sidente de l&rsquo;audience correctionnelle au tribunal de Rouen, mercredi 24\u00a0septembre, \u00e0 l&rsquo;adresse d&rsquo;un couple de pr\u00e9venus. Lui est entrepreneur, elle employ\u00e9e de commerce. Mari\u00e9s et parents de quatre enfants, ils sont accus\u00e9s d&rsquo;avoir commis des violences sur deux d&rsquo;entre eux, entre 2019 et avril\u00a02025 pr\u00e8s de Yerville : une jeune fille de 15 ans et un gar\u00e7on de 13 ans.<\/p>\n<p>Gifles, cheveux tir\u00e9s, insultes<\/p>\n<p melodystyle=\"texte\">C&rsquo;est apr\u00e8s une tentative de suicide par prise de m\u00e9dicaments de l&rsquo;adolescente que le CHU de Rouen a alert\u00e9 les services sociaux. Elle a \u00e9t\u00e9 plac\u00e9e provisoirement pendant deux semaines. La jeune fille d\u00e9crit une violence permanente \u00e0 la maison\u00a0: des gifles, des insultes, des coups de pied aux fesses et des tirages de cheveux. Son petit fr\u00e8re rapporte lui aussi des violences aux enqu\u00eateurs, mais nuance les propos de sa s\u0153ur. Selon lui, elles \u00e9taient plus rares et moins violentes. A la barre, les parents ne nient pas l&rsquo;ensemble des faits, mais les minimisent. Ils reconnaissent quelques claques lorsque leur fille \u00ab\u00a0r\u00e9pond, manque de respect ou les pousse \u00e0 bout\u00a0\u00bb. \u00ab\u00a0J&rsquo;ai pris conscience du probl\u00e8me, j&rsquo;ai reproduit l&rsquo;\u00e9ducation que j&rsquo;ai eue\u00a0\u00bb, confie la m\u00e8re. \u00ab\u00a0J&rsquo;essaie de les \u00e9duquer du mieux que je peux.\u00a0\u00bb Depuis, la jeune fille a repris ses \u00e9tudes et \u00ab\u00a0cela se passe bien \u00e0 la maison\u00a0\u00bb, assurent les parents.<\/p>\n<p>\u00ab\u00a0J&rsquo;ai l&rsquo;impression que le tribunal <br \/>est pris en otage\u00a0\u00bb<\/p>\n<p melodystyle=\"texte\">Fait assez rare, \u00e0 l&rsquo;issue des r\u00e9quisitions du substitut du procureur, des plaidoiries de la partie civile mais aussi de la d\u00e9fense, la pr\u00e9sidente, agac\u00e9e par le comportement des parents, reprend la parole. \u00ab\u00a0Moi, j&rsquo;ai l&rsquo;impression que le tribunal est pris en otage\u00a0\u00bb, avance-t-elle. \u00ab\u00a0Qu&rsquo;est-ce que je fais de cette gamine qui est de retour chez ses parents\u00a0? Il faut que vous preniez conscience que la proc\u00e9dure n&rsquo;est pas anodine.\u00a0\u00bb La magistrate exprime ses doutes quant \u00e0 la s\u00e9curit\u00e9 des enfants et souhaite provoquer une prise de conscience. Elle \u00e9voque m\u00eame la suspension de l&rsquo;exercice de l&rsquo;autorit\u00e9 parentale.<\/p>\n<p melodystyle=\"texte\">Finalement, le couple est condamn\u00e9 \u00e0 une peine de prison avec sursis simple\u00a0: 12 mois pour la m\u00e8re, 8 mois pour le p\u00e8re. \u00ab\u00a0Ce soir, je reste inqui\u00e8te\u00a0\u00bb, conclura la pr\u00e9sidente avant d&rsquo;appeler le dossier suivant.<\/p>\n","protected":false},"excerpt":{"rendered":"\u00ab\u00a0Chaque dossier ne commence pas par une tentative de suicide d&rsquo;un adolescent\u00a0\u00bb, lan\u00e7ait la pr\u00e9sidente de l&rsquo;audience correctionnelle&hellip;\n","protected":false},"author":2,"featured_media":417469,"comment_status":"","ping_status":"","sticky":false,"template":"","format":"standard","meta":{"footnotes":""},"categories":[9587],"tags":[1111,11,1777,674,1011,27,12,5161,25,9590],"class_list":{"0":"post-420065","1":"post","2":"type-post","3":"status-publish","4":"format-standard","5":"has-post-thumbnail","7":"category-rouen","8":"tag-actu","9":"tag-actualites","10":"tag-eu","11":"tag-europe","12":"tag-fr","13":"tag-france","14":"tag-news","15":"tag-normandie","16":"tag-republique-francaise","17":"tag-rouen"},"share_on_mastodon":{"url":"https:\/\/pubeurope.com\/@fr\/115273181726481347","error":""},"_links":{"self":[{"href":"https:\/\/www.europesays.com\/fr\/wp-json\/wp\/v2\/posts\/420065","targetHints":{"allow":["GET"]}}],"collection":[{"href":"https:\/\/www.europesays.com\/fr\/wp-json\/wp\/v2\/posts"}],"about":[{"href":"https:\/\/www.europesays.com\/fr\/wp-json\/wp\/v2\/types\/post"}],"author":[{"embeddable":true,"href":"https:\/\/www.europesays.com\/fr\/wp-json\/wp\/v2\/users\/2"}],"replies":[{"embeddable":true,"href":"https:\/\/www.europesays.com\/fr\/wp-json\/wp\/v2\/comments?post=420065"}],"version-history":[{"count":0,"href":"https:\/\/www.europesays.com\/fr\/wp-json\/wp\/v2\/posts\/420065\/revisions"}],"wp:featuredmedia":[{"embeddable":true,"href":"https:\/\/www.europesays.com\/fr\/wp-json\/wp\/v2\/media\/417469"}],"wp:attachment":[{"href":"https:\/\/www.europesays.com\/fr\/wp-json\/wp\/v2\/media?parent=420065"}],"wp:term":[{"taxonomy":"category","embeddable":true,"href":"https:\/\/www.europesays.com\/fr\/wp-json\/wp\/v2\/categories?post=420065"},{"taxonomy":"post_tag","embeddable":true,"href":"https:\/\/www.europesays.com\/fr\/wp-json\/wp\/v2\/tags?post=420065"}],"curies":[{"name":"wp","href":"https:\/\/api.w.org\/{rel}","templated":true}]}}