{"id":420066,"date":"2025-09-26T23:25:19","date_gmt":"2025-09-26T23:25:19","guid":{"rendered":"https:\/\/www.europesays.com\/fr\/420066\/"},"modified":"2025-09-26T23:25:19","modified_gmt":"2025-09-26T23:25:19","slug":"basket-oppose-a-rouen-le-caen-bc-retrouve-le-chemin-de-la-victoire-dans-un-derby-normand-a-suspens","status":"publish","type":"post","link":"https:\/\/www.europesays.com\/fr\/420066\/","title":{"rendered":"Basket. Oppos\u00e9 \u00e0 Rouen, le Caen BC retrouve le chemin de la victoire dans un derby normand \u00e0 suspens"},"content":{"rendered":"<p>            Par<br \/>\n        <strong><br \/>\n            <a href=\"https:\/\/actu.fr\/auteur\/alexandre-gourlaouen\" title=\"Consulter tous les articles de Alexandre Gourlaouen\" target=\"_blank\" rel=\"noopener\">Alexandre Gourlaouen<\/a><br \/>\n        <\/strong><\/p>\n<p>        Publi\u00e9 le<\/p>\n<p>            26 sept. 2025 \u00e0 21h53        <\/p>\n<p>Apr\u00e8s <b>un coup d\u2019envoi rat\u00e9<\/b> et une d\u00e9faite conc\u00e9d\u00e9e contre Vichy une semaine plus t\u00f4t (68-75), le <a href=\"https:\/\/actu.fr\/tag\/caen-basket-calvados\" target=\"_blank\" rel=\"noopener\">Caen Basket Calvados<\/a> voulait profiter du derby normand face \u00e0 Rouen vendredi 26 septembre 2025 <b>pour taper du poing sur la table.\u00a0<\/b>La victoire n\u2019aura pas \u00e9t\u00e9 facile, <b>mais elle est bien l\u00e0<\/b> pour les joueurs de St\u00e9phane Eberlin (81-77).<\/p>\n<p>Un derby accroch\u00e9<\/p>\n<p class=\" wall-content\">C\u2019est Rouen qui lance la rencontre et m\u00e8ne au score dans les premi\u00e8res minutes (2-10, 3\u2032). Marc-Eddy Norelia d\u2019abord puis Kentan facey ensuite permettent au Caen BC <b>de revenir \u00e0 une possession<\/b> au milieu du premier quart-temps. L\u2019entr\u00e9e d\u2019Antoine Rojewski permet ensuite \u00e0 Caen de prendre l\u2019avantage et <b>d\u2019\u00eatre en t\u00eate apr\u00e8s dix minutes<\/b> (20-17, 10\u2032).\u00a0<\/p>\n<p class=\" wall-content\">Dans le deuxi\u00e8me quart-temps, les Caennais <b>acc\u00e9l\u00e8rent et creusent l\u2019\u00e9cart<\/b> gr\u00e2ce \u00e0 deux tirs longue distance de Siyani Chambers et Radshad Davis avant un panier avec la faute de Marc-Eddy Norelia (33-26, 14\u2032). Mais Rouen sait aussi marquer de loin et <b>revient \u00e0 hauteur en deux possessions<\/b> avant de prendre l\u2019avantage. Les deux \u00e9quipes rentrent aux vestiaires <b>sur un 15-6 en faveur des visiteurs<\/b> qui m\u00e8nent apr\u00e8s deux quart-temps (39-41, 20\u2032).<\/p>\n<p>Du suspens jusqu\u2019au bout<\/p>\n<p class=\" wall-content\">Les deux \u00e9quipes <b>ne se l\u00e2chent pas apr\u00e8s la pause<\/b> malgr\u00e9 quelques jolis tirs de loin de Sofiane Briki en faveur du Caen BC (52-53, 25\u2032). Ce sont quand m\u00eame les joueurs de St\u00e9phane Eberlin <b>qui abordent le dernier quart-temps en t\u00eate<\/b> (65-61, 30\u2032).<\/p>\n<p class=\" wall-content\"><b>Le dernier quart-temps est plus ferm\u00e9<\/b>, mais le Caen BC peut tout de m\u00eame augmenter son avance pour le plus grand plaisir du public du Palais des Sports qui monte encore le volume (72-64, 35\u2032). Mais Rouen ne l\u00e2che rien et revient <b>\u00e0 une seule possession \u00e0 seulement 44 secondes du buzzer final<\/b> (80-77, 39\u2032). Avec trois points d\u2019avance, le Caen BC choisit alors <b>de faire tourner le chronom\u00e8tre<\/b>, mais ne parvient pas \u00e0 marquer. Sur la transition, Rouen ne passe pas loin d\u2019\u00e9galiser par l\u2019in\u00e9vitable Trayvon Croft, <b>auteur de 30 points dans cette rencontre<\/b>, mais la d\u00e9fense caennaise fait le travail et <b>permet au Palais d\u2019exploser\u00a0<\/b>(81-77).<\/p>\n<p class=\" wall-content\">Tout n\u2019aura pas \u00e9t\u00e9 parfait, <b>mais la victoire est bel et bien l\u2019essentiel <\/b>pour ce Caen BC. <b>Un autre derby normand attend les Caennais<\/b>, cette fois-ci en d\u00e9placement \u00e0 \u00c9vreux vendredi 3 octobre 2025.<\/p>\n<p class=\" wall-content\">Personnalisez votre actualit\u00e9 en ajoutant vos villes et m\u00e9dias en favori avec <a href=\"https:\/\/moncompte.actu.fr\" title=\"D\u00e9couvez Mon Actu\" rel=\"nofollow noopener\" data-trk=\"{&quot;cta&quot;:{&quot;action&quot;:&quot;https:\\\/\\\/moncompte.actu.fr&quot;,&quot;category&quot;:&quot;mon compte&quot;,&quot;from&quot;:&quot;article footer&quot;,&quot;name&quot;:&quot;Mon actu&quot;,&quot;type&quot;:&quot;cta&quot;}}\" target=\"_blank\">Mon Actu<\/a>.<\/p>\n","protected":false},"excerpt":{"rendered":"Par Alexandre Gourlaouen Publi\u00e9 le 26 sept. 2025 \u00e0 21h53 Apr\u00e8s un coup d\u2019envoi rat\u00e9 et une d\u00e9faite&hellip;\n","protected":false},"author":2,"featured_media":420067,"comment_status":"","ping_status":"","sticky":false,"template":"","format":"standard","meta":{"footnotes":""},"categories":[9587],"tags":[1111,11,1465,5660,1777,674,1011,27,12,5161,42332,25,9590,1745,60],"class_list":{"0":"post-420066","1":"post","2":"type-post","3":"status-publish","4":"format-standard","5":"has-post-thumbnail","7":"category-rouen","8":"tag-actu","9":"tag-actualites","10":"tag-basket","11":"tag-caen-basket-calvados","12":"tag-eu","13":"tag-europe","14":"tag-fr","15":"tag-france","16":"tag-news","17":"tag-normandie","18":"tag-palais-des-sports-de-caen","19":"tag-republique-francaise","20":"tag-rouen","21":"tag-sport-caen","22":"tag-sports"},"share_on_mastodon":{"url":"https:\/\/pubeurope.com\/@fr\/115273185720900526","error":""},"_links":{"self":[{"href":"https:\/\/www.europesays.com\/fr\/wp-json\/wp\/v2\/posts\/420066","targetHints":{"allow":["GET"]}}],"collection":[{"href":"https:\/\/www.europesays.com\/fr\/wp-json\/wp\/v2\/posts"}],"about":[{"href":"https:\/\/www.europesays.com\/fr\/wp-json\/wp\/v2\/types\/post"}],"author":[{"embeddable":true,"href":"https:\/\/www.europesays.com\/fr\/wp-json\/wp\/v2\/users\/2"}],"replies":[{"embeddable":true,"href":"https:\/\/www.europesays.com\/fr\/wp-json\/wp\/v2\/comments?post=420066"}],"version-history":[{"count":0,"href":"https:\/\/www.europesays.com\/fr\/wp-json\/wp\/v2\/posts\/420066\/revisions"}],"wp:featuredmedia":[{"embeddable":true,"href":"https:\/\/www.europesays.com\/fr\/wp-json\/wp\/v2\/media\/420067"}],"wp:attachment":[{"href":"https:\/\/www.europesays.com\/fr\/wp-json\/wp\/v2\/media?parent=420066"}],"wp:term":[{"taxonomy":"category","embeddable":true,"href":"https:\/\/www.europesays.com\/fr\/wp-json\/wp\/v2\/categories?post=420066"},{"taxonomy":"post_tag","embeddable":true,"href":"https:\/\/www.europesays.com\/fr\/wp-json\/wp\/v2\/tags?post=420066"}],"curies":[{"name":"wp","href":"https:\/\/api.w.org\/{rel}","templated":true}]}}