{"id":420068,"date":"2025-09-26T23:26:52","date_gmt":"2025-09-26T23:26:52","guid":{"rendered":"https:\/\/www.europesays.com\/fr\/420068\/"},"modified":"2025-09-26T23:26:52","modified_gmt":"2025-09-26T23:26:52","slug":"gagnez-votre-session-musiquizz-au-e-reel-de-saint-egreve","status":"publish","type":"post","link":"https:\/\/www.europesays.com\/fr\/420068\/","title":{"rendered":"Gagnez votre session Musi&rsquo;Quizz au E.R\u00e9el de Saint-Egreve"},"content":{"rendered":"<p>Cette semaine, Max Radio vous offre votre session pour 4 \u00e0 12 personnes de Musi&rsquo;Quizz au E.R\u00e9el de Saint-Egreve.<\/p>\n<p>Musi&rsquo;Quiz \u00e0 Saint-\u00c9gr\u00e8ve, le premier centre de blind tests et salles de quiz game musicaux ambiance plateau t\u00e9l\u00e9.  <br \/>Activit\u00e9 100% festive et 100% immersive.  <br \/>G\u00e9n\u00e9rique, voix off, jeux de lumi\u00e8res et m\u00eame une cam\u00e9ra au centre qui joue le r\u00f4le d&rsquo;arbitre !<\/p>\n<p>A l&rsquo;occasion d&rsquo;un anniversaire, un EVG EVJF, \u00e9v\u00e9nement d&rsquo;entreprise (team building, s\u00e9minaire) ou en groupe pour les centres de loisirs et MJC, le plateau Musiquiz pourra vous accueillir pour des manches endiabl\u00e9es de 4 \u00e0 18 personnes. <\/p>\n<p>Pour d\u00e9compresser entre amis, en famille ou entre coll\u00e8gues, contactez Musi&rsquo;quiz le jeu Grenoble \u00e0 St Egr\u00e8ve. <\/p>\n<p>Pour jouer et gagner, \u00e9coutez le Max Morning entre 6h et 10h sur Max Radio, et au lancement jeu de l&rsquo;animateur, appelez le standard 04 76 76 98 00<\/p>\n<p>(jeu antenne du 29\/09\/2025 au 03\/10\/2025)<\/p>\n<p><\/p>\n<p>Jouez aussi en remplissant le formulaire en bas de page<\/p>\n<p>Plus d&rsquo;infos sur le site <a class=\"url\" href=\"https:\/\/musiquizlejeu.fr\/nos-centres-grenoble\/\" target=\"_blank\" rel=\"noopener\">musiquizlejeu.fr<\/a><\/p>\n<p><b>Suivez-nous aussi sur les r\u00e9seaux sociaux : <a class=\"url\" href=\"https:\/\/www.facebook.com\/MAXRADIOGRENOBLE\" target=\"_blank\" rel=\"noopener\">Facebook Max Radio<\/a>, <a class=\"url\" href=\"https:\/\/www.instagram.com\/max__radio\/\" target=\"_blank\" rel=\"noopener\">Instagram max__radio<\/a>, <a class=\"url\" href=\"https:\/\/x.com\/maxfmgrenoble\" target=\"_blank\">X @maxfmgrenoble<\/a> et <a class=\"url\" href=\"https:\/\/www.linkedin.com\/company\/maxradiogrenoble\/\" target=\"_blank\" rel=\"noopener\">LinkedIn Max Radio<\/a>.<\/b><\/p>\n<p><b>T\u00e9l\u00e9chargez gratuitement l&rsquo;application Max Radio sur <a class=\"url\" href=\"https:\/\/apps.apple.com\/fr\/app\/max-radio\/id1643119751\" target=\"_blank\" rel=\"noopener\">App Store<\/a> ou <a class=\"url\" href=\"https:\/\/play.google.com\/store\/apps\/details?id=radio.max.app.android&amp;hl=fr\" target=\"_blank\" rel=\"noopener\">Google Play<\/a>.<\/b><\/p>\n<p>\n<script async src=\"\/\/www.instagram.com\/embed.js\"><\/script><\/p>\n","protected":false},"excerpt":{"rendered":"Cette semaine, Max Radio vous offre votre session pour 4 \u00e0 12 personnes de Musi&rsquo;Quizz au E.R\u00e9el de&hellip;\n","protected":false},"author":2,"featured_media":420069,"comment_status":"","ping_status":"","sticky":false,"template":"","format":"standard","meta":{"footnotes":""},"categories":[9566],"tags":[1111,11,2430,34195,903,1777,674,652,1011,27,7683,2731,1197,54923,12,54924,25,14223],"class_list":{"0":"post-420068","1":"post","2":"type-post","3":"status-publish","4":"format-standard","5":"has-post-thumbnail","7":"category-grenoble","8":"tag-actu","9":"tag-actualites","10":"tag-auvergne-rhone-alpes","11":"tag-blind-test","12":"tag-concours","13":"tag-eu","14":"tag-europe","15":"tag-famille","16":"tag-fr","17":"tag-france","18":"tag-gagner","19":"tag-grenoble","20":"tag-jeu","21":"tag-musiquizz","22":"tag-news","23":"tag-plateau-tl","24":"tag-republique-francaise","25":"tag-session"},"share_on_mastodon":{"url":"https:\/\/pubeurope.com\/@fr\/115273193449951976","error":""},"_links":{"self":[{"href":"https:\/\/www.europesays.com\/fr\/wp-json\/wp\/v2\/posts\/420068","targetHints":{"allow":["GET"]}}],"collection":[{"href":"https:\/\/www.europesays.com\/fr\/wp-json\/wp\/v2\/posts"}],"about":[{"href":"https:\/\/www.europesays.com\/fr\/wp-json\/wp\/v2\/types\/post"}],"author":[{"embeddable":true,"href":"https:\/\/www.europesays.com\/fr\/wp-json\/wp\/v2\/users\/2"}],"replies":[{"embeddable":true,"href":"https:\/\/www.europesays.com\/fr\/wp-json\/wp\/v2\/comments?post=420068"}],"version-history":[{"count":0,"href":"https:\/\/www.europesays.com\/fr\/wp-json\/wp\/v2\/posts\/420068\/revisions"}],"wp:featuredmedia":[{"embeddable":true,"href":"https:\/\/www.europesays.com\/fr\/wp-json\/wp\/v2\/media\/420069"}],"wp:attachment":[{"href":"https:\/\/www.europesays.com\/fr\/wp-json\/wp\/v2\/media?parent=420068"}],"wp:term":[{"taxonomy":"category","embeddable":true,"href":"https:\/\/www.europesays.com\/fr\/wp-json\/wp\/v2\/categories?post=420068"},{"taxonomy":"post_tag","embeddable":true,"href":"https:\/\/www.europesays.com\/fr\/wp-json\/wp\/v2\/tags?post=420068"}],"curies":[{"name":"wp","href":"https:\/\/api.w.org\/{rel}","templated":true}]}}