{"id":420086,"date":"2025-09-26T23:36:37","date_gmt":"2025-09-26T23:36:37","guid":{"rendered":"https:\/\/www.europesays.com\/fr\/420086\/"},"modified":"2025-09-26T23:36:37","modified_gmt":"2025-09-26T23:36:37","slug":"le-min-un-futur-pole-alimentaire-de-reference","status":"publish","type":"post","link":"https:\/\/www.europesays.com\/fr\/420086\/","title":{"rendered":"Le MIN : un futur p\u00f4le alimentaire de r\u00e9f\u00e9rence"},"content":{"rendered":"<p>Le MIN d\u00e9ploie\u202f<strong>47 000 m2 de locaux pour les grossistes<\/strong>\u202fsur un terrain de\u202f<strong>12 hectares\u202fpropri\u00e9t\u00e9 de Bordeaux M\u00e9tropole<\/strong>. Occup\u00e9 par une 700 salari\u00e9s professionnels de l\u2019alimentation et une centaine d\u2019entreprises, le MIN voit transiter\u202f<strong>161 000 tonnes de produits frais par an<\/strong>. Il est donc un acteur local incontournable de l\u2019alimentation de gros. Il repr\u00e9sente l\u2019\u00e9quivalent de\u202f<strong>18% de la consommation alimentaire m\u00e9tropolitaine<\/strong>. \u00a0<\/p>\n<p>Pour r\u00e9pondre aux enjeux de souverainet\u00e9 alimentaire et de durabilit\u00e9, Bordeaux M\u00e9tropole <strong>transforme ce site exceptionnel <\/strong>pour constituer, demain, un p\u00f4le industriel d\u2019excellence alimentaire en d\u00e9ployant\u202fpr\u00e8s de<strong> 32 000 m\u00b2 suppl\u00e9mentaires<\/strong>. \u00a0Son taux d\u2019occupation, proche de la saturation (99 %), justifie cette extension de grande ampleur.<\/p>\n<p>Le programme pr\u00e9voit de <strong>nouveaux espaces d\u00e9di\u00e9s \u00e0 l\u2019activit\u00e9 alimentaire<\/strong> mais aussi \u00e0 la transformation, \u00e0 la formation, \u00e0 la recherche, \u00e0 la restauration et aux activit\u00e9s tertiaires et logistiques. Il constituera un<strong> v\u00e9ritable \u00e9cosyst\u00e8me alimentaire<\/strong>, de la production \u00e0 la consommation, int\u00e9grant les enjeux d\u2019innovation et de durabilit\u00e9.\u00a0<\/p>\n","protected":false},"excerpt":{"rendered":"Le MIN d\u00e9ploie\u202f47 000 m2 de locaux pour les grossistes\u202fsur un terrain de\u202f12 hectares\u202fpropri\u00e9t\u00e9 de Bordeaux M\u00e9tropole. Occup\u00e9&hellip;\n","protected":false},"author":2,"featured_media":420087,"comment_status":"","ping_status":"","sticky":false,"template":"","format":"standard","meta":{"footnotes":""},"categories":[2817],"tags":[1111,11,1997,1777,674,1011,27,12,2219,25],"class_list":{"0":"post-420086","1":"post","2":"type-post","3":"status-publish","4":"format-standard","5":"has-post-thumbnail","7":"category-bordeaux","8":"tag-actu","9":"tag-actualites","10":"tag-bordeaux","11":"tag-eu","12":"tag-europe","13":"tag-fr","14":"tag-france","15":"tag-news","16":"tag-nouvelle-aquitaine","17":"tag-republique-francaise"},"share_on_mastodon":{"url":"https:\/\/pubeurope.com\/@fr\/115273228857843232","error":""},"_links":{"self":[{"href":"https:\/\/www.europesays.com\/fr\/wp-json\/wp\/v2\/posts\/420086","targetHints":{"allow":["GET"]}}],"collection":[{"href":"https:\/\/www.europesays.com\/fr\/wp-json\/wp\/v2\/posts"}],"about":[{"href":"https:\/\/www.europesays.com\/fr\/wp-json\/wp\/v2\/types\/post"}],"author":[{"embeddable":true,"href":"https:\/\/www.europesays.com\/fr\/wp-json\/wp\/v2\/users\/2"}],"replies":[{"embeddable":true,"href":"https:\/\/www.europesays.com\/fr\/wp-json\/wp\/v2\/comments?post=420086"}],"version-history":[{"count":0,"href":"https:\/\/www.europesays.com\/fr\/wp-json\/wp\/v2\/posts\/420086\/revisions"}],"wp:featuredmedia":[{"embeddable":true,"href":"https:\/\/www.europesays.com\/fr\/wp-json\/wp\/v2\/media\/420087"}],"wp:attachment":[{"href":"https:\/\/www.europesays.com\/fr\/wp-json\/wp\/v2\/media?parent=420086"}],"wp:term":[{"taxonomy":"category","embeddable":true,"href":"https:\/\/www.europesays.com\/fr\/wp-json\/wp\/v2\/categories?post=420086"},{"taxonomy":"post_tag","embeddable":true,"href":"https:\/\/www.europesays.com\/fr\/wp-json\/wp\/v2\/tags?post=420086"}],"curies":[{"name":"wp","href":"https:\/\/api.w.org\/{rel}","templated":true}]}}