{"id":420088,"date":"2025-09-26T23:38:17","date_gmt":"2025-09-26T23:38:17","guid":{"rendered":"https:\/\/www.europesays.com\/fr\/420088\/"},"modified":"2025-09-26T23:38:17","modified_gmt":"2025-09-26T23:38:17","slug":"autorite-morale-art-politique-un-dernier-hommage-a-alain-anziani","status":"publish","type":"post","link":"https:\/\/www.europesays.com\/fr\/420088\/","title":{"rendered":"\u00ab\u00a0Autorit\u00e9 morale\u00a0\u00bb, \u00ab\u00a0art politique\u00a0\u00bb, un dernier hommage \u00e0 Alain Anziani"},"content":{"rendered":"<p>Au nom du principal groupe d\u2019opposition, Patrick Bobet, maire LR du Bouscat, se charge de la lecture d\u2019un message d\u2019Alain Jupp\u00e9, comme lui ancien pr\u00e9sident de Bordeaux M\u00e9tropole\u00a0: Alain Anziani laisse une \u00ab\u00a0belle image\u00a0\u00bb de l\u2019homme politique, et \u00ab\u00a0dans un monde o\u00f9 la d\u00e9fiance r\u00e8gne envers les \u00e9lus, nous pouvons lui \u00eatre reconnaissants\u00a0\u00bb. \u00ab\u00a0Alain Anziani \u00e9tait une autorit\u00e9 morale\u00a0\u00bb, ajoute Patrick Bobet, et soupesait ses d\u00e9cisions \u00ab\u00a0quitte \u00e0 aller parfois \u00e0 contresens de sa famille politique\u00a0\u00bb, glisse-t-il.<\/p>\n<p>\u00ab\u00a0Avancer sans fracturer\u00a0\u00bb<\/p>\n<p>\u00c0 son tour, Pierre Hurmic, maire \u00e9cologiste de Bordeaux, qui a form\u00e9 un attelage in\u00e9dit avec Alain Anziani au sein de Bordeaux M\u00e9tropole, loue un homme de \u00ab\u00a0concorde\u00a0\u00bb, capable de \u00ab\u00a0cr\u00e9er des consensus l\u00e0 o\u00f9 ils semblaient lointains et improbables\u00a0\u00bb. \u00ab\u00a0Un homme de dialogue\u00a0\u00bb, mais \u00ab\u00a0ferme sur ses convictions\u00a0\u00bb, dit encore Claude Mellier, \u00e9lue PC de M\u00e9rignac, la ville dont Alain Anziani fut le maire de 2014 \u00e0 juin dernier. Anne Fahmy, au nom du groupe macroniste men\u00e9 par Thomas Cazenave, r\u00e9sume ainsi \u00ab\u00a0l\u2019art politique d\u2019Alain Anziani\u00a0\u00bb\u00a0: \u00ab\u00a0Naviguer dans les contradictions, faire vivre le collectif, avancer sans fracturer.\u00a0\u00bb Et l\u2019int\u00e9ress\u00e9, reprend-elle, faisait peu de cas d\u2019un \u00e9ventuel h\u00e9ritage\u00a0: \u00ab\u00a0Il ne faut pas faire preuve de vanit\u00e9 car rien ne dure\u00a0\u00bb, avait-il confi\u00e9.<\/p>\n","protected":false},"excerpt":{"rendered":"Au nom du principal groupe d\u2019opposition, Patrick Bobet, maire LR du Bouscat, se charge de la lecture d\u2019un&hellip;\n","protected":false},"author":2,"featured_media":420089,"comment_status":"","ping_status":"","sticky":false,"template":"","format":"standard","meta":{"footnotes":""},"categories":[2817],"tags":[1111,11,1997,1777,674,1011,27,12,2219,25],"class_list":{"0":"post-420088","1":"post","2":"type-post","3":"status-publish","4":"format-standard","5":"has-post-thumbnail","7":"category-bordeaux","8":"tag-actu","9":"tag-actualites","10":"tag-bordeaux","11":"tag-eu","12":"tag-europe","13":"tag-fr","14":"tag-france","15":"tag-news","16":"tag-nouvelle-aquitaine","17":"tag-republique-francaise"},"share_on_mastodon":{"url":"https:\/\/pubeurope.com\/@fr\/115273236760261046","error":""},"_links":{"self":[{"href":"https:\/\/www.europesays.com\/fr\/wp-json\/wp\/v2\/posts\/420088","targetHints":{"allow":["GET"]}}],"collection":[{"href":"https:\/\/www.europesays.com\/fr\/wp-json\/wp\/v2\/posts"}],"about":[{"href":"https:\/\/www.europesays.com\/fr\/wp-json\/wp\/v2\/types\/post"}],"author":[{"embeddable":true,"href":"https:\/\/www.europesays.com\/fr\/wp-json\/wp\/v2\/users\/2"}],"replies":[{"embeddable":true,"href":"https:\/\/www.europesays.com\/fr\/wp-json\/wp\/v2\/comments?post=420088"}],"version-history":[{"count":0,"href":"https:\/\/www.europesays.com\/fr\/wp-json\/wp\/v2\/posts\/420088\/revisions"}],"wp:featuredmedia":[{"embeddable":true,"href":"https:\/\/www.europesays.com\/fr\/wp-json\/wp\/v2\/media\/420089"}],"wp:attachment":[{"href":"https:\/\/www.europesays.com\/fr\/wp-json\/wp\/v2\/media?parent=420088"}],"wp:term":[{"taxonomy":"category","embeddable":true,"href":"https:\/\/www.europesays.com\/fr\/wp-json\/wp\/v2\/categories?post=420088"},{"taxonomy":"post_tag","embeddable":true,"href":"https:\/\/www.europesays.com\/fr\/wp-json\/wp\/v2\/tags?post=420088"}],"curies":[{"name":"wp","href":"https:\/\/api.w.org\/{rel}","templated":true}]}}