{"id":420098,"date":"2025-09-26T23:43:24","date_gmt":"2025-09-26T23:43:24","guid":{"rendered":"https:\/\/www.europesays.com\/fr\/420098\/"},"modified":"2025-09-26T23:43:24","modified_gmt":"2025-09-26T23:43:24","slug":"lophtalmo-marseillais-accuse-de-dommages-corporels-par-plusieurs-patients-annonce-sa-retraite-sur-doctolib","status":"publish","type":"post","link":"https:\/\/www.europesays.com\/fr\/420098\/","title":{"rendered":"L&rsquo;ophtalmo marseillais, accus\u00e9 de dommages corporels par plusieurs patients, annonce sa retraite sur Doctolib"},"content":{"rendered":"<p><img alt=\"Amput\u00e9 de ces deux cristallins, Christophe vit d\u00e9sormais avec des implants dans les yeux.\" loading=\"lazy\" decoding=\"async\" data-nimg=\"fill\" class=\" TwicCore_img__i9TC1 undefined  undefined\" style=\"position:absolute;height:100%;width:100%;left:0;top:0;right:0;bottom:0;color:transparent;background-size:cover;background-position:50% 50%;background-repeat:no-repeat;background-image:url(&quot;data:image\/svg+xml;charset=utf-8,%3Csvg xmlns='http:\/\/www.w3.org\/2000\/svg' %3E%3Cfilter id='b' color-interpolation-filters='sRGB'%3E%3CfeGaussianBlur stdDeviation='20'\/%3E%3CfeColorMatrix values='1 0 0 0 0 0 1 0 0 0 0 0 1 0 0 0 0 0 100 -1' result='s'\/%3E%3CfeFlood x='0' y='0' width='100%25' height='100%25'\/%3E%3CfeComposite operator='out' in='s'\/%3E%3CfeComposite in2='SourceGraphic'\/%3E%3CfeGaussianBlur stdDeviation='20'\/%3E%3C\/filter%3E%3Cimage width='100%25' height='100%25' x='0' y='0' preserveAspectRatio='none' style='filter: url(%23b);' href='https:\/\/pictures.laprovence.com\/cdn-cgi\/image\/blur=250\/media\/melody\/2025\/09\/26\/ampute-de-ces-deux-cristallins-christophe-vit-desormais-avec-des-implants-dans-les-yeux-1758904496_8468368f04d868868368f04d8ef683v_.jpg'\/%3E%3C\/svg%3E&quot;)\"   src=\"https:\/\/www.europesays.com\/fr\/wp-content\/uploads\/2025\/09\/ampute-de-ces-deux-cristallins-christophe-vit-desormais-avec-des-implants-dans-les-yeux-1758904496_8.jpeg\"\/>Amput\u00e9 de ces deux cristallins, Christophe vit d\u00e9sormais avec des implants dans les yeux. \/ PHOTO BLANDINE FRAYSSE<\/p>\n<p>\u00ab\u00a0Je vous informe que je cesserai mes activit\u00e9s \u00e0 compter du 23\u00a0d\u00e9cembre 2025 au sein de mon cabinet d&rsquo;ophtalmologie, en raison de mon d\u00e9part \u00e0 la retraite.\u00a0Mon successeur(e) vous sera communiqu\u00e9 sur le r\u00e9pondeur du cabinet prochainement et sera en mesure de vous offrir une prise en charge \u00e0 l&rsquo;avenir.\u00a0Cela a \u00e9t\u00e9 un plaisir de vous accompagner dans votre parcours de sant\u00e9. Je vous souhaite le meilleur pour la suite\u00a0\u00bb.<\/p>\n<p>Ces quelques lignes laconiques envoy\u00e9es ce vendredi midi par le <a href=\"https:\/\/www.laprovence.com\/article\/faits-divers-justice\/7810225378016414\/perte-de-la-vue-sequelles-irreversibles-un-ophtalmo-marseillais-accuse-par-de-nombreux-patients\" target=\"_blank\" rel=\"noopener\">docteur C.<\/a> via la plate-forme de prise de rendez-vous Doctolib n&rsquo;ont pas manqu\u00e9 de surprendre une partie de sa patient\u00e8le, mais n&rsquo;ont gu\u00e8re \u00e9tonn\u00e9 Christophe, Danielle ou <a href=\"https:\/\/www.laprovence.com\/article\/faits-divers-justice\/8261695217798714\/quil-arrete-de-massacrer-des-gens-la-colere-delsa-lune-des-patientes-qui-accusent-un-ophtalmo-marseillais\" target=\"_blank\" rel=\"noopener\">Elsa<\/a>, 3 des ex-patients de ce praticien install\u00e9 dans le 5e arrondissement de Marseille, qu&rsquo;ils accusent de les avoir rendus malvoyants.<\/p>\n<p><img alt=\"Chris, l'une des premi\u00e8res victimes \u00e0 avoir mis en cause les pratiques du docteur C., \u00e0 l'\u00e9poque o\u00f9 il pouvait supporter les lumi\u00e8res et les lasers des soir\u00e9es festives qu'il animait en tant que DJ professionnel.\" loading=\"lazy\" decoding=\"async\" data-nimg=\"fill\" class=\" TwicCore_img__i9TC1 undefined  undefined\" style=\"position:absolute;height:100%;width:100%;left:0;top:0;right:0;bottom:0;color:transparent;background-size:cover;background-position:50% 50%;background-repeat:no-repeat;background-image:url(&quot;data:image\/svg+xml;charset=utf-8,%3Csvg xmlns='http:\/\/www.w3.org\/2000\/svg' %3E%3Cfilter id='b' color-interpolation-filters='sRGB'%3E%3CfeGaussianBlur stdDeviation='20'\/%3E%3CfeColorMatrix values='1 0 0 0 0 0 1 0 0 0 0 0 1 0 0 0 0 0 100 -1' result='s'\/%3E%3CfeFlood x='0' y='0' width='100%25' height='100%25'\/%3E%3CfeComposite operator='out' in='s'\/%3E%3CfeComposite in2='SourceGraphic'\/%3E%3CfeGaussianBlur stdDeviation='20'\/%3E%3C\/filter%3E%3Cimage width='100%25' height='100%25' x='0' y='0' preserveAspectRatio='none' style='filter: url(%23b);' href='https:\/\/pictures.laprovence.com\/cdn-cgi\/image\/blur=250\/media\/melody\/2025\/09\/26\/chris-l-une-des-premieres-victimes-a-avoir-mis-en-cause-les-pratiques-du-docteur-c-a-l-epoque-ou-il-1758904496_60f671fbb6d8644f671fbb6d828f67v_.jpg'\/%3E%3C\/svg%3E&quot;)\"   src=\"https:\/\/www.europesays.com\/fr\/wp-content\/uploads\/2025\/09\/chris-l-une-des-premieres-victimes-a-avoir-mis-en-cause-les-pratiques-du-docteur-c-a-l-epoque-ou-il-.jpeg\"\/>Chris, l&rsquo;une des premi\u00e8res victimes \u00e0 avoir mis en cause les pratiques du docteur C., \u00e0 l&rsquo;\u00e9poque o\u00f9 il pouvait supporter les lumi\u00e8res et les lasers des soir\u00e9es festives qu&rsquo;il animait en tant que DJ professionnel. Blandine FRAYSSE\u00a0\u00bbDes interventions inutiles et aggravantes\u00a0\u00bb<\/p>\n<p>La veille, nous avions recueilli dans les colonnes de La Provence, les t\u00e9moignages du Varois et des deux Bucco-rhodaniennes dont la vie a bascul\u00e9 apr\u00e8s leur passage par le cabinet de l&rsquo;ophtalmologiste du boulevard Baille, des diagnostics erron\u00e9s et des op\u00e9rations superflues aux cons\u00e9quences catastrophiques.<\/p>\n<p>Depuis, leur avocat bordelais Me <a href=\"https:\/\/www.laprovence.com\/article\/faits-divers-justice\/6976191\/le-medecin-ophtalmo-sest-il-trompe-de-patient.html\" target=\"_blank\" rel=\"noopener\">Philippe Courtois<\/a> assure avoir re\u00e7u \u00ab\u00a0une quinzaine d&rsquo;appels d&rsquo;anciens patients du docteur C. qui m&rsquo;ont contact\u00e9 suite \u00e0 une prise en charge par ce praticien et des pertes de vision. Le process est toujours le m\u00eame\u00a0: des interventions qui \u00e9taient inutiles et qui ont conduit \u00e0 aggraver la situation pour lesquelles ils venaient en consultation\u00a0\u00bb.<\/p>\n<p>\u00ab\u00a0La meilleure d\u00e9cision qu&rsquo;il ait prise\u00a0\u00bb<\/p>\n<p>Quant \u00e0 la cessation d&rsquo;activit\u00e9 annonc\u00e9e par le docteur C., <a href=\"https:\/\/www.laprovence.com\/article\/actualites\/1867670\/protheses-pip-500-nouvelles-plaintes.html\" target=\"_blank\" rel=\"noopener\">Me Courtois<\/a> y voit \u00a0\u00bb s\u00fbrement la meilleure d\u00e9cision qu&rsquo;il a prise apr\u00e8s avoir exerc\u00e9 pendant des ann\u00e9es et commis l&rsquo;irr\u00e9parable sur plusieurs patients. Sa conscience professionnelle aurait d\u00fb le conduire \u00e0 prendre cette d\u00e9cision il y a d\u00e9j\u00e0 un certain temps, ne serait-ce qu&rsquo;\u00e0 partir du moment o\u00f9 l&rsquo;Ordre des m\u00e9decins l&rsquo;avait suspendu\u00a0\u00bb.<\/p>\n<p>En 2024, l&rsquo;Ordre avait en effet sanctionn\u00e9 le docteur C. d&rsquo;une interdiction d&rsquo;exercer pendant 6 mois. Mais l&rsquo;ophtalmologiste ayant fait appel, il a continu\u00e9 d&rsquo;exercer normalement jusqu&rsquo;\u00e0 ce jour. Une poursuite d&rsquo;activit\u00e9 qui inspire un vif regret \u00e0 l&rsquo;avocat sp\u00e9cialis\u00e9 dans les dommages corporels, \u00ab\u00a0parce qu&rsquo;on a aujourd&rsquo;hui des victimes qui se manifestent avec des interventions post\u00e9rieures \u00e0 cette d\u00e9cision. Jusqu&rsquo;\u00e0 la semaine derni\u00e8re, on pouvait encore prendre des rendez-vous avec ce praticien\u00a0\u00bb.<\/p>\n<p><strong>\u00ab\u00a0M\u00eame \u00e0 la retraite, il reste toujours m\u00e9decin, il peut \u00eatre poursuivi et radi\u00e9\u00a0\u00bb.<\/strong><\/p>\n<p>Et <a href=\"https:\/\/www.laprovence.com\/actu\/en-direct\/6834076\/enfant-etouffe-avec-une-saucisse-la-societe-herta-relaxee.html\" target=\"_blank\" rel=\"noopener\">Me Courtois<\/a> de pr\u00e9venir\u00a0: \u00ab\u00a0M\u00eame \u00e0 la retraite, il reste toujours m\u00e9decin, il peut \u00eatre poursuivi et radi\u00e9. Sa propre compagnie d&rsquo;assurances, sa nouvelle, puisqu&rsquo;il a \u00e9t\u00e9 radi\u00e9 de la pr\u00e9c\u00e9dente apr\u00e8s un premier dossier de patient, pr\u00e9voit une franchise de 7 500 euros pour chaque patient. Or nous en sommes d\u00e9j\u00e0 \u00e0 7 sinistres que nous d\u00e9clarons \u00e0 son assurance qui peut faire fi de verser elle-m\u00eame cette franchise pour se retourner contre le docteur C.\u00a0\u00bb.<\/p>\n<p><img alt=\"\" loading=\"lazy\" width=\"18\" height=\"18\" decoding=\"async\" data-nimg=\"1\" class=\"mx-[8px]\" style=\"color:transparent\" src=\"https:\/\/www.laprovence.com\/_next\/static\/media\/comment.b95dda91.svg\"\/>D\u00e9marrez la conversation<\/p>\n<p class=\"text-[1.8rem] mt-[32px]\">Votre opinion compte pour nous. Rejoignez la communaut\u00e9 laprovence.com en r\u00e9agissant sur l&rsquo;article L&rsquo;ophtalmo marseillais, accus\u00e9 de dommages corporels par plusieurs patients, annonce sa retraite sur Doctolib.<\/p>\n","protected":false},"excerpt":{"rendered":"Amput\u00e9 de ces deux cristallins, Christophe vit d\u00e9sormais avec des implants dans les yeux. \/ PHOTO BLANDINE FRAYSSE&hellip;\n","protected":false},"author":2,"featured_media":420099,"comment_status":"","ping_status":"","sticky":false,"template":"","format":"standard","meta":{"footnotes":""},"categories":[2814],"tags":[17,10983,1111,11,1102,54929,54928,1777,674,274,1011,27,54927,761,884,12,5912,2513,882,25],"class_list":{"0":"post-420098","1":"post","2":"type-post","3":"status-publish","4":"format-standard","5":"has-post-thumbnail","7":"category-marseille","8":"tag-17","9":"tag-accuse","10":"tag-actu","11":"tag-actualites","12":"tag-breakingnews","13":"tag-corporels","14":"tag-dommages","15":"tag-eu","16":"tag-europe","17":"tag-faits-divers-justice","18":"tag-fr","19":"tag-france","20":"tag-lophtalmo","21":"tag-marseillais","22":"tag-marseille","23":"tag-news","24":"tag-par","25":"tag-plusieurs","26":"tag-provence-alpes-cote-dazur","27":"tag-republique-francaise"},"share_on_mastodon":{"url":"https:\/\/pubeurope.com\/@fr\/115273256774933163","error":""},"_links":{"self":[{"href":"https:\/\/www.europesays.com\/fr\/wp-json\/wp\/v2\/posts\/420098","targetHints":{"allow":["GET"]}}],"collection":[{"href":"https:\/\/www.europesays.com\/fr\/wp-json\/wp\/v2\/posts"}],"about":[{"href":"https:\/\/www.europesays.com\/fr\/wp-json\/wp\/v2\/types\/post"}],"author":[{"embeddable":true,"href":"https:\/\/www.europesays.com\/fr\/wp-json\/wp\/v2\/users\/2"}],"replies":[{"embeddable":true,"href":"https:\/\/www.europesays.com\/fr\/wp-json\/wp\/v2\/comments?post=420098"}],"version-history":[{"count":0,"href":"https:\/\/www.europesays.com\/fr\/wp-json\/wp\/v2\/posts\/420098\/revisions"}],"wp:featuredmedia":[{"embeddable":true,"href":"https:\/\/www.europesays.com\/fr\/wp-json\/wp\/v2\/media\/420099"}],"wp:attachment":[{"href":"https:\/\/www.europesays.com\/fr\/wp-json\/wp\/v2\/media?parent=420098"}],"wp:term":[{"taxonomy":"category","embeddable":true,"href":"https:\/\/www.europesays.com\/fr\/wp-json\/wp\/v2\/categories?post=420098"},{"taxonomy":"post_tag","embeddable":true,"href":"https:\/\/www.europesays.com\/fr\/wp-json\/wp\/v2\/tags?post=420098"}],"curies":[{"name":"wp","href":"https:\/\/api.w.org\/{rel}","templated":true}]}}