{"id":420112,"date":"2025-09-26T23:50:18","date_gmt":"2025-09-26T23:50:18","guid":{"rendered":"https:\/\/www.europesays.com\/fr\/420112\/"},"modified":"2025-09-26T23:50:18","modified_gmt":"2025-09-26T23:50:18","slug":"top-14-les-compos-de-stade-francais-ubb-premiere-comme-titulaire-pour-paiva-le-jeune-hutteau-dans-le-grand-bain","status":"publish","type":"post","link":"https:\/\/www.europesays.com\/fr\/420112\/","title":{"rendered":"Top 14 \u2013 Les compos de Stade fran\u00e7ais \u2013 UBB\u00a0: premi\u00e8re comme titulaire pour Paiva, le jeune Hutteau dans le grand bain"},"content":{"rendered":"<p>\n                La 4e journ\u00e9e de Top 14 se dispute ce week-end. Parisiens et Bordelo-B\u00e8glais lancent le bal, \u00e0 Jean-Bouin. Pour cette rencontre, les Stadistes pourront compter sur leur pilier Paiva, ancien du Stade rochelais, qui jouera pour la premi\u00e8re fois avec le num\u00e9ro\u00a01 dans le dos.\n            <\/p>\n<p><strong>Le XV de d\u00e9part du Stade fran\u00e7ais\u00a0:<\/strong> 15. Barr\u00e9, 14. Dakuwaqa, 13. Ward, 12. Vili, 11. Marchand\u00a0; 10. Carbonel, 9. Kerr-Barlow\u00a0; 7. Briatte, 8. Tanga, 6. Halaifonua\u00a0; 5. Pesenti, 4. Gabrillagues (cap.)\u00a0; 3. Melikidze, 2. Nicotera, 1. Paiva.<\/p>\n<p>Rempla\u00e7ants\u00a0: 16. Peyresblanques, 17. M.\u00a0Alo-Emile, 18. Azagoh, 19. Chapuis, 20. Macalou, 21. Abadie, 22. Ezeala, 23. P.\u00a0Alo-Emile.<\/p>\n<p><strong>Le XV de d\u00e9part de Bordeaux-B\u00e8gles\u00a0:<\/strong> 15. Mousqu\u00e8s\u00a0; 14. Rayasi, 13. Depoortere, 12. Janse van Rensburg, 11. Bielle-Biarrey\u00a0; 10. Jalibert, 9. Hutteau\u00a0; 7. Woki, 8. Vergnes-Taillefer, 6. Bochaton\u00a0; 5. Cazeaux, 4. Palu\u00a0; 3. Sadie\u00a0; 2. Lamothe (cap.), 1. Poirot.<\/p>\n<blockquote data-instgrm-captioned=\"\" data-instgrm-permalink=\"https:\/\/www.instagram.com\/p\/DPEkqofCGJI\/?utm_source=ig_embed&amp;utm_campaign=loading\" data-instgrm-version=\"14\" style=\" background:#FFF; border:0; border-radius:3px; box-shadow:0 0 1px 0 rgba(0,0,0,0.5),0 1px 10px 0 rgba(0,0,0,0.15); margin: 1px; max-width:540px; min-width:326px; padding:0; width:99.375%; width:-webkit-calc(100% - 2px); width:calc(100% - 2px);\" data-class=\"instagram-media\"\/>\n<p>Rempla\u00e7ants\u00a0: 16. Sa, 17. Perchaud, 18. Jacobs, 19. Matiu, 20. Gazzotti, 21. Page-Relo, 22. Laharrague, 23. Taufa.<\/p>\n<p>                    <script async src=\"\/\/www.instagram.com\/embed.js\"><\/script><\/p>\n","protected":false},"excerpt":{"rendered":"La 4e journ\u00e9e de Top 14 se dispute ce week-end. Parisiens et Bordelo-B\u00e8glais lancent le bal, \u00e0 Jean-Bouin.&hellip;\n","protected":false},"author":2,"featured_media":420113,"comment_status":"","ping_status":"","sticky":false,"template":"","format":"standard","meta":{"footnotes":""},"categories":[1888],"tags":[1111,1928,11,1927,1777,674,1011,27,12,1926,626,1925,25],"class_list":{"0":"post-420112","1":"post","2":"type-post","3":"status-publish","4":"format-standard","5":"has-post-thumbnail","7":"category-paris","8":"tag-actu","9":"tag-actu-paris","10":"tag-actualites","11":"tag-actualites-paris","12":"tag-eu","13":"tag-europe","14":"tag-fr","15":"tag-france","16":"tag-news","17":"tag-news-paris","18":"tag-paris","19":"tag-paris-news","20":"tag-republique-francaise"},"share_on_mastodon":{"url":"https:\/\/pubeurope.com\/@fr\/115273283922188547","error":""},"_links":{"self":[{"href":"https:\/\/www.europesays.com\/fr\/wp-json\/wp\/v2\/posts\/420112","targetHints":{"allow":["GET"]}}],"collection":[{"href":"https:\/\/www.europesays.com\/fr\/wp-json\/wp\/v2\/posts"}],"about":[{"href":"https:\/\/www.europesays.com\/fr\/wp-json\/wp\/v2\/types\/post"}],"author":[{"embeddable":true,"href":"https:\/\/www.europesays.com\/fr\/wp-json\/wp\/v2\/users\/2"}],"replies":[{"embeddable":true,"href":"https:\/\/www.europesays.com\/fr\/wp-json\/wp\/v2\/comments?post=420112"}],"version-history":[{"count":0,"href":"https:\/\/www.europesays.com\/fr\/wp-json\/wp\/v2\/posts\/420112\/revisions"}],"wp:featuredmedia":[{"embeddable":true,"href":"https:\/\/www.europesays.com\/fr\/wp-json\/wp\/v2\/media\/420113"}],"wp:attachment":[{"href":"https:\/\/www.europesays.com\/fr\/wp-json\/wp\/v2\/media?parent=420112"}],"wp:term":[{"taxonomy":"category","embeddable":true,"href":"https:\/\/www.europesays.com\/fr\/wp-json\/wp\/v2\/categories?post=420112"},{"taxonomy":"post_tag","embeddable":true,"href":"https:\/\/www.europesays.com\/fr\/wp-json\/wp\/v2\/tags?post=420112"}],"curies":[{"name":"wp","href":"https:\/\/api.w.org\/{rel}","templated":true}]}}