{"id":420120,"date":"2025-09-26T23:54:12","date_gmt":"2025-09-26T23:54:12","guid":{"rendered":"https:\/\/www.europesays.com\/fr\/420120\/"},"modified":"2025-09-26T23:54:12","modified_gmt":"2025-09-26T23:54:12","slug":"les-europeens-au-pied-du-mur-anti-drones-le-kremlin-trouve-trump-irresponsable-2","status":"publish","type":"post","link":"https:\/\/www.europesays.com\/fr\/420120\/","title":{"rendered":"Les Europ\u00e9ens au pied du \u00ab mur anti-drones \u00bb, le Kremlin trouve Trump \u00ab irresponsable \u00bb"},"content":{"rendered":"<p class=\"mb-4 text-lg md:leading-8 break-words\"><strong>R\u00e9cap &#8211; \u00ab\u00a020 Minutes\u00a0\u00bb fait le point pour vous tous les soirs sur le conflit en Ukraine. Ce vendredi, une dizaine de pays de l\u2019UE ont d\u00e9cid\u00e9 de se doter au plus \u00ab\u00a0vite\u00a0\u00bb d\u2019un \u00ab\u00a0mur\u00a0\u00bb anti-drones<\/strong><\/p>\n<p class=\"mb-4 text-lg md:leading-8 break-words\">Vous avez rat\u00e9 les derniers \u00e9v\u00e9nements sur la <a href=\"https:\/\/www.20minutes.fr\/monde\/ukraine\/?at_medium=RSS%20feed&amp;at_campaign=ynews&amp;utm_source=yahoo&amp;utm_medium=rss&amp;utm_campaign=news_feed&amp;utm_content=in_article_link\" rel=\"nofollow noopener\" target=\"_blank\" data-ylk=\"slk:guerre en Ukraine;elm:context_link;itc:0;sec:content-canvas\" class=\"link \">guerre en Ukraine<\/a>\u00a0? 20 Minutes fait le point pour vous tous les soirs. Voici l\u2019essentiel de ce vendredi 26\u00a0septembre, 1.311e jour du conflit.<\/p>\n<p>Le fait du jour<\/p>\n<p class=\"mb-4 text-lg md:leading-8 break-words\">Jamais deux sans trois. Pour la troisi\u00e8me nuit cons\u00e9cutive, le <a href=\"https:\/\/www.20minutes.fr\/dossier\/danemark?at_medium=RSS%20feed&amp;at_campaign=ynews&amp;utm_source=yahoo&amp;utm_medium=rss&amp;utm_campaign=news_feed&amp;utm_content=in_article_link\" rel=\"nofollow noopener\" target=\"_blank\" data-ylk=\"slk:Danemark;elm:context_link;itc:0;sec:content-canvas\" class=\"link \">Danemark <\/a>a d\u00fb fermer par pr\u00e9caution des installations a\u00e9roportuaires \u00e0 la suite d\u2019un survol par des drones d\u2019origine non-identifi\u00e9e. La v\u00e9ritable psychose que ces engins ont entra\u00een\u00e9e ces derniers jours dans plusieurs pays europ\u00e9ens a pouss\u00e9 l\u2019<a href=\"https:\/\/www.20minutes.fr\/dossier\/ue?at_medium=RSS%20feed&amp;at_campaign=ynews&amp;utm_source=yahoo&amp;utm_medium=rss&amp;utm_campaign=news_feed&amp;utm_content=in_article_link\" rel=\"nofollow noopener\" target=\"_blank\" data-ylk=\"slk:Union europ\u00e9enne;elm:context_link;itc:0;sec:content-canvas\" class=\"link \">Union europ\u00e9enne<\/a> \u00e0 prendre des d\u00e9cisions rapides. A l\u2019issue d\u2019une r\u00e9union ce vendredi une dizaine de ministres de la D\u00e9fense de l\u2019UE ont convenu de cr\u00e9er un \u00ab\u00a0mur\u00a0\u00bb de d\u00e9fense anti-drones. \u00ab\u00a0Nous devons agir et nous devons agir rapidement\u00a0\u00bb a d\u00e9clar\u00e9 commissaire europ\u00e9en \u00e0 la D\u00e9fense Andrius Kubilius. \u00ab\u00a0Nous devons agir en tirant toutes les le\u00e7ons de l\u2019Ukraine et en construisant ce mur anti-drones ensemble avec l\u2019Ukraine\u00a0\u00bb, a-t-il poursuivi.<\/p>\n<p class=\"mb-4 text-lg md:leading-8 break-words\">Ce \u00ab\u00a0mur\u00a0\u00bb sera \u00e9videmment invisible. \u00ab\u00a0L\u2019Ukraine a construit un syst\u00e8me de capteurs acoustiques d\u00e8s le d\u00e9but de la guerre, en un laps de temps tr\u00e8s court\u00a0\u00bb, a illustr\u00e9 Andrius Kubilius. \u00ab\u00a0Je pense que nous aussi pouvons faire cela assez rapidement\u00a0\u00bb, a-t-il ajout\u00e9, pr\u00e9cisant qu\u2019il souhaitait que Kiev soit \u00ab\u00a0un v\u00e9ritable partenaire\u00a0\u00bb dans le d\u00e9veloppement de cette nouvelle infrastructure de d\u00e9fense.<\/p>\n<p>La phrase du jour<\/p>\n<p class=\"mb-4 text-lg md:leading-8 break-words\">Les d\u00e9clarations irresponsables sur la n\u00e9cessit\u00e9 d\u2019abattre des avions russes [\u2026] sont, au minimum, imprudentes, irrespon(&#8230;)<\/p>\n<p class=\"mb-4 text-lg md:leading-8 break-words\"><a href=\"https:\/\/www.20minutes.fr\/monde\/ukraine\/4175571-20250926-guerre-ukraine-europeens-pied-mur-anti-drones-kremlin-trouve-trump-irresponsable?at_medium=RSS%20feed&amp;at_campaign=ynews&amp;utm_source=yahoo&amp;utm_medium=rss&amp;utm_campaign=news_feed&amp;utm_content=read_more_link&quot;\" rel=\"nofollow noopener\" target=\"_blank\" data-ylk=\"slk:Lire la suite sur 20minutes;elm:context_link;itc:0;sec:content-canvas\" class=\"link \">Lire la suite sur 20minutes<\/a><\/p>\n<p>\u00c0 lire aussi :<br \/><a href=\"https:\/\/www.20minutes.fr\/monde\/ukraine\/4175451-20250926-guerre-ukraine-otan-survolent-souvent-territoire-russe-vraiment?at_medium=RSS%20feed&amp;at_campaign=ynews&amp;utm_source=yahoo&amp;utm_medium=rss&amp;utm_campaign=news_feed&amp;utm_content=related_content_link\" rel=\"nofollow noopener\" target=\"_blank\" data-ylk=\"slk:Guerre en Ukraine\u00a0: Des avions de l\u2019Otan survolent souvent le territoire russe, vraiment\u00a0?;elm:context_link;itc:0;sec:content-canvas\" class=\"link \">Guerre en Ukraine\u00a0: Des avions de l\u2019Otan survolent souvent le territoire russe, vraiment\u00a0?<\/a><br \/><a href=\"https:\/\/www.20minutes.fr\/monde\/4174708-20250926-menace-drones-espace-aerien-plus-denses-europe-pourrait-etre-cible-assure-armee-air?at_medium=RSS%20feed&amp;at_campaign=ynews&amp;utm_source=yahoo&amp;utm_medium=rss&amp;utm_campaign=news_feed&amp;utm_content=related_content_link\" rel=\"nofollow noopener\" target=\"_blank\" data-ylk=\"slk:Alerte aux drones\u00a0: \u00ab\u00a0L\u2019espace a\u00e9rien fran\u00e7ais, l\u2019un des plus denses d\u2019Europe, pourrait \u00eatre cibl\u00e9\u00a0\u00bb;elm:context_link;itc:0;sec:content-canvas\" class=\"link \">Alerte aux drones\u00a0: \u00ab\u00a0L\u2019espace a\u00e9rien fran\u00e7ais, l\u2019un des plus denses d\u2019Europe, pourrait \u00eatre cibl\u00e9\u00a0\u00bb<\/a><\/p>\n","protected":false},"excerpt":{"rendered":"R\u00e9cap &#8211; \u00ab\u00a020 Minutes\u00a0\u00bb fait le point pour vous tous les soirs sur le conflit en Ukraine. Ce&hellip;\n","protected":false},"author":2,"featured_media":420121,"comment_status":"","ping_status":"","sticky":false,"template":"","format":"standard","meta":{"footnotes":""},"categories":[1590],"tags":[642,11,42412,1777,674,131,5493,12,220],"class_list":{"0":"post-420120","1":"post","2":"type-post","3":"status-publish","4":"format-standard","5":"has-post-thumbnail","7":"category-ukraine","8":"tag-20-minutes","9":"tag-actualites","10":"tag-andrius-kubilius","11":"tag-eu","12":"tag-europe","13":"tag-guerre-en-ukraine","14":"tag-lukraine","15":"tag-news","16":"tag-ukraine"},"share_on_mastodon":{"url":"https:\/\/pubeurope.com\/@fr\/115273299702857173","error":""},"_links":{"self":[{"href":"https:\/\/www.europesays.com\/fr\/wp-json\/wp\/v2\/posts\/420120","targetHints":{"allow":["GET"]}}],"collection":[{"href":"https:\/\/www.europesays.com\/fr\/wp-json\/wp\/v2\/posts"}],"about":[{"href":"https:\/\/www.europesays.com\/fr\/wp-json\/wp\/v2\/types\/post"}],"author":[{"embeddable":true,"href":"https:\/\/www.europesays.com\/fr\/wp-json\/wp\/v2\/users\/2"}],"replies":[{"embeddable":true,"href":"https:\/\/www.europesays.com\/fr\/wp-json\/wp\/v2\/comments?post=420120"}],"version-history":[{"count":0,"href":"https:\/\/www.europesays.com\/fr\/wp-json\/wp\/v2\/posts\/420120\/revisions"}],"wp:featuredmedia":[{"embeddable":true,"href":"https:\/\/www.europesays.com\/fr\/wp-json\/wp\/v2\/media\/420121"}],"wp:attachment":[{"href":"https:\/\/www.europesays.com\/fr\/wp-json\/wp\/v2\/media?parent=420120"}],"wp:term":[{"taxonomy":"category","embeddable":true,"href":"https:\/\/www.europesays.com\/fr\/wp-json\/wp\/v2\/categories?post=420120"},{"taxonomy":"post_tag","embeddable":true,"href":"https:\/\/www.europesays.com\/fr\/wp-json\/wp\/v2\/tags?post=420120"}],"curies":[{"name":"wp","href":"https:\/\/api.w.org\/{rel}","templated":true}]}}