{"id":420130,"date":"2025-09-26T23:59:11","date_gmt":"2025-09-26T23:59:11","guid":{"rendered":"https:\/\/www.europesays.com\/fr\/420130\/"},"modified":"2025-09-26T23:59:11","modified_gmt":"2025-09-26T23:59:11","slug":"face-a-la-menace-russe-lue-lance-son-mur-de-drones-pour-detecter-et-detruire","status":"publish","type":"post","link":"https:\/\/www.europesays.com\/fr\/420130\/","title":{"rendered":"Face \u00e0 la menace russe, l&rsquo;UE lance son mur de drones pour \u00ab\u00a0d\u00e9tecter et d\u00e9truire\u00a0\u00bb"},"content":{"rendered":"<p class=\"mb-4 text-lg md:leading-8 break-words\">L&rsquo;Union europ\u00e9enne a officiellement lanc\u00e9 une initiative visant \u00e0 \u00e9tablir un mur de drones le long du flanc oriental de l&rsquo;Union, une mesure in\u00e9dite prise dans un contexte de violations alarmantes de l&rsquo;espace a\u00e9rien par la Russie.<\/p>\n<p class=\"mb-4 text-lg md:leading-8 break-words\">La r\u00e9union inaugurale du projet a eu lieu ce vendredi 26 septembre et a rassembl\u00e9 dix \u00c9tats membres : Bulgarie, Danemark, Estonie, Hongrie, Lettonie, Lituanie, Pologne, Roumanie, Slovaquie et Finlande. La Commission europ\u00e9enne a pr\u00e9sid\u00e9 les d\u00e9bats et l&rsquo;Otan \u00e9tait pr\u00e9sent en tant qu&rsquo;observateur.<\/p>\n<p class=\"mb-4 text-lg md:leading-8 break-words\">L&rsquo;Ukraine a \u00e9galement \u00e9t\u00e9 invit\u00e9e \u00e0 participer. Le pays a d\u00e9velopp\u00e9 une avance technologique dans le secteur et on estime qu&rsquo;il a la capacit\u00e9 de produire <a href=\"https:\/\/fr.news.yahoo.com\/fabriqu%C3%A9es-ukraine-test%C3%A9es-champ-bataille-062257696.html\" data-ylk=\"slk:quatre millions de drones par an;elm:context_link;itc:0;sec:content-canvas;outcm:mb_qualified_link;_E:mb_qualified_link;ct:story;\" class=\"link  yahoo-link\" target=\"_blank\" rel=\"noopener\"><strong>quatre millions de drones par an<\/strong><\/a><strong>.<\/strong> Cette semaine, le pr\u00e9sident Volodymyr Zelensky a annonc\u00e9 que l&rsquo;Ukraine commencerait \u00e0 exporter des armes produites dans le pays, levant ainsi une restriction impos\u00e9e par la loi martiale.<\/p>\n<p>Une mise en place dans un an ?<\/p>\n<p class=\"mb-4 text-lg md:leading-8 break-words\">Les discussions devraient d\u00e9sormais se poursuivre la semaine prochaine lors d&rsquo;un sommet informel des dirigeants de l&rsquo;UE \u00e0 Copenhague, o\u00f9 le sujet devrait figurer en bonne place \u00e0 l&rsquo;ordre du jour.<\/p>\n<p class=\"mb-4 text-lg md:leading-8 break-words\">\u00ab\u00a0La Russie met l&rsquo;UE et l&rsquo;OTAN \u00e0 l&rsquo;\u00e9preuve, et notre r\u00e9ponse doit \u00eatre ferme, unie et imm\u00e9diate. Lors de la r\u00e9union d&rsquo;aujourd&rsquo;hui, nous avons d\u00e9cid\u00e9 de passer des discussions \u00e0 des actions concr\u00e8tes\u00a0\u00bb, a d\u00e9clar\u00e9 Andrius Kubilius, commissaire europ\u00e9en \u00e0 la d\u00e9fense, lors d&rsquo;une conf\u00e9rence de presse organis\u00e9e en Finlande \u00e0 l&rsquo;issue des discussions en ligne.<\/p>\n<p class=\"mb-4 text-lg md:leading-8 break-words\">Ce dernier a \u00e9galement pr\u00e9cis\u00e9 que le mur de drones aurait un double objectif : la d\u00e9tection et l&rsquo;intervention, la priorit\u00e9 imm\u00e9diate \u00e9tant accord\u00e9e \u00e0 la premi\u00e8re. \u00ab\u00a0Nous devons absolument rechercher des moyens efficaces de destruction\u00a0\u00bb, a-t-il d\u00e9clar\u00e9.<\/p>\n<p class=\"mb-4 text-lg md:leading-8 break-words\">Le mur de drones serait l&rsquo;un des trois piliers d&rsquo;une \u00ab\u00a0surveillance du flanc oriental\u00a0\u00bb plus large, les deux autres \u00e9tant un mur terrestre et un mur maritime, a-t-il expliqu\u00e9.<\/p>\n<p class=\"mb-4 text-lg md:leading-8 break-words\">Pour le moment, le temps n\u00e9cessaire pour la concr\u00e9tisation de ce projet est inconnu. Andrius Kubilius a \u00e9voqu\u00e9 un d\u00e9lai d&rsquo;un an en se basant sur l&rsquo;analyse des experts, tout en pr\u00e9cisant qu&rsquo;il n&rsquo;\u00e9tait pas convaincu par cette estimation. La Commission a l&rsquo;intention de travailler avec les \u00c9tats membres, les repr\u00e9sentants de l&rsquo;industrie et l&rsquo;Ukraine pour d\u00e9velopper une feuille de route plus sp\u00e9cifique.<\/p>\n<p class=\"mb-4 text-lg md:leading-8 break-words\">\u00ab\u00a0Il s&rsquo;agit \u00e0 la fois de concepts technologiques qui sont n\u00e9cessaires, mais aussi d&rsquo;un contexte conceptuel : comment une telle d\u00e9fense devrait \u00eatre organis\u00e9e de la meilleure fa\u00e7on possible\u00a0\u00bb, a-t-il d\u00e9clar\u00e9.<\/p>\n<p>L&rsquo;Europe de l&rsquo;Est en \u00e9tat d&rsquo;alerte<\/p>\n<p class=\"mb-4 text-lg md:leading-8 break-words\">La r\u00e9union de vendredi fait suite \u00e0 une s\u00e9rie de violations de l&rsquo;espace a\u00e9rien qui ont mis tout le continent en \u00e9tat d&rsquo;alerte maximale.<\/p>\n<p class=\"mb-4 text-lg md:leading-8 break-words\">La premi\u00e8re <a href=\"https:\/\/fr.news.yahoo.com\/attaque-drone-au-dessus-pologne-113120606.html\" data-ylk=\"slk:incursion a eu lieu en Pologne il y a deux semaines;elm:context_link;itc:0;sec:content-canvas;outcm:mb_qualified_link;_E:mb_qualified_link;ct:story;\" class=\"link  yahoo-link\" target=\"_blank\" rel=\"noopener\"><strong>incursion a eu lieu en Pologne il y a deux semaines<\/strong><\/a>, lorsque dix-neuf drones russes ont survol\u00e9 le territoire national, ce qui a donn\u00e9 lieu \u00e0 une intervention pour les abattre.<\/p>\n<p class=\"mb-4 text-lg md:leading-8 break-words\">En Roumanie, un drone russe a \u00e9t\u00e9 observ\u00e9. Puis, l&rsquo;Estonie a vu trois avions de chasse russe MiG-32 survoler son espace a\u00e9rien.<\/p>\n<p class=\"mb-4 text-lg md:leading-8 break-words\">Lundi dernier, trois gros drones ont \u00e9t\u00e9 rep\u00e9r\u00e9s \u00e0 l&rsquo;a\u00e9roport de Copenhague, entra\u00eenant une interruption totale des op\u00e9rations pendant pr\u00e8s de quatre heures. Mercredi, l&rsquo;activit\u00e9 des drones a entra\u00een\u00e9 <a href=\"https:\/\/fr.news.yahoo.com\/danemark-alerte-apr%C3%A8s-nouvelle-incursion-100451309.html\" data-ylk=\"slk:des interruptions \u00e0 l&#039;a\u00e9roport d&#039;Aalborg;elm:context_link;itc:0;sec:content-canvas;outcm:mb_qualified_link;_E:mb_qualified_link;ct:story;\" class=\"link  yahoo-link\" target=\"_blank\" rel=\"noopener\"><strong>des interruptions \u00e0 l&rsquo;a\u00e9roport d&rsquo;Aalborg<\/strong><\/a>. Les m\u00e9dias su\u00e9dois ont ensuite fait \u00e9tat d&rsquo;une observation similaire dans la r\u00e9gion m\u00e9ridionale de Karlskrona.<\/p>\n<p class=\"mb-4 text-lg md:leading-8 break-words\">Jusqu&rsquo;\u00e0 pr\u00e9sent, le Danemark n&rsquo;a pas \u00e9t\u00e9 en mesure d&rsquo;identifier les instigateurs. Le Premier ministre danois, Mette Frederiksen, a d\u00e9clar\u00e9 qu&rsquo;elle ne pouvait \u00ab\u00a0exclure\u00a0\u00bb l&rsquo;implication de la Russie, mais les autorit\u00e9s n&rsquo;ont trouv\u00e9 aucun \u00e9l\u00e9ment permettant d&rsquo;accuser le Kremlin.<\/p>\n<p class=\"mb-4 text-lg md:leading-8 break-words\">Le ministre danois de la D\u00e9fense, Troels Lund Poulsen, a parl\u00e9 d&rsquo;une \u00ab\u00a0attaque hybride\u00a0\u00bb s&rsquo;inscrivant dans le cadre d&rsquo;une \u00ab\u00a0op\u00e9ration syst\u00e9matique\u00a0\u00bb, pr\u00e9cisant que les drones observ\u00e9s \u00e0 Aalborg avaient \u00e9t\u00e9 lanc\u00e9s localement.<\/p>\n<p><img alt=\"L'Ukraine a d\u00e9velopp\u00e9 une expertise dans la fabrication de drones. \" loading=\"lazy\" width=\"808\" height=\"454\" decoding=\"async\" data-nimg=\"1\" class=\"rounded-lg\" style=\"color:transparent\" src=\"https:\/\/www.europesays.com\/fr\/wp-content\/uploads\/2025\/09\/10c13f3f00086cde0bb83ca14793883c.jpeg\"\/><\/p>\n<p> L&rsquo;Ukraine a d\u00e9velopp\u00e9 un avantage dans la fabrication de drones.   &#8211; AP Photo <\/p>\n<p class=\"mb-4 text-lg md:leading-8 break-words\">Cette succession d&rsquo;\u00e9pisodes a soulev\u00e9 des questions sur le manque de pr\u00e9paration de l&rsquo;Union europ\u00e9enne face \u00e0 la guerre des drones, que l&rsquo;invasion de l&rsquo;Ukraine par la Russie a fait entrer dans une nouvelle dimension.<\/p>\n<p class=\"mb-4 text-lg md:leading-8 break-words\">La Pologne, par exemple, a eu recours \u00e0 des missiles valant plusieurs milliards de dollars pour abattre des drones bon march\u00e9, tandis que le Danemark a admis qu&rsquo;il ne disposait pas d&rsquo;un syst\u00e8me de d\u00e9fense a\u00e9rienne bas\u00e9 au sol.<\/p>\n<p class=\"mb-4 text-lg md:leading-8 break-words\">La r\u00e9union s&rsquo;est concentr\u00e9e sur l&rsquo;identification des lacunes mat\u00e9rielles et financi\u00e8res afin de d\u00e9terminer quels actifs sont d\u00e9j\u00e0 disponibles pour le mur et quels \u00e9l\u00e9ments manquent encore. Andrius Kubilius a cit\u00e9 les radars, les capteurs acoustiques, les brouilleurs de signaux, les intercepteurs et l&rsquo;artillerie traditionnelle parmi les capacit\u00e9s cl\u00e9s n\u00e9cessaires pour faire du mur une r\u00e9alit\u00e9.<\/p>\n<p class=\"mb-4 text-lg md:leading-8 break-words\">\u00ab\u00a0Nous devons comprendre quel type de syst\u00e8mes nous devons d\u00e9velopper pour \u00eatre le plus efficace possible\u00a0\u00bb, a-t-il d\u00e9clar\u00e9. \u00ab\u00a0Nous devons reconna\u00eetre qu&rsquo;\u00e0 l&rsquo;heure actuelle, notre efficacit\u00e9 dans la lutte contre les drones n&rsquo;est pas \u00e0 la hauteur de ce qu&rsquo;elle devrait \u00eatre.\u00a0\u00bb<\/p>\n<p class=\"mb-4 text-lg md:leading-8 break-words\">Une autre question cruciale pour le mur de drones est sa compatibilit\u00e9 avec l&rsquo;Otan. Pendant des ann\u00e9es, les tentatives de l&rsquo;UE de former une v\u00e9ritable Union europ\u00e9enne de d\u00e9fense ont \u00e9t\u00e9 entrav\u00e9es par l&rsquo;Alliance atlantique, qui revendique <a href=\"https:\/\/fr.news.yahoo.com\/lotan-avertit-russie-utilisera-outils-143333892.html\" data-ylk=\"slk:une comp\u00e9tence exclusive;elm:context_link;itc:0;sec:content-canvas;outcm:mb_qualified_link;_E:mb_qualified_link;ct:story;\" class=\"link  yahoo-link\" target=\"_blank\" rel=\"noopener\"><strong>une comp\u00e9tence exclusive<\/strong><\/a> en mati\u00e8re d&rsquo;affaires militaires. Mais la guerre d&rsquo;agression men\u00e9e par la Russie a r\u00e9\u00e9quilibr\u00e9 la balance. L&rsquo;UE s&rsquo;est aventur\u00e9e de plus en plus loin dans la politique de d\u00e9fense, proposant son plus grand programme \u00e0 ce jour, <a href=\"https:\/\/www.euronews.com\/my-europe\/2025\/09\/09\/big-step-forward-disbursement-of-eus-150-defence-loan-scheme-to-start-in-early-2026\" rel=\"nofollow noopener\" target=\"_blank\" data-ylk=\"slk:Readiness 2030,;elm:context_link;itc:0;sec:content-canvas\" class=\"link \"><strong>Readiness 2030,<\/strong><\/a> avec une enveloppe de 150 milliards d&rsquo;euros de pr\u00eats \u00e0 faible taux d&rsquo;int\u00e9r\u00eat.<\/p>\n","protected":false},"excerpt":{"rendered":"L&rsquo;Union europ\u00e9enne a officiellement lanc\u00e9 une initiative visant \u00e0 \u00e9tablir un mur de drones le long du flanc&hellip;\n","protected":false},"author":2,"featured_media":420131,"comment_status":"","ping_status":"","sticky":false,"template":"","format":"standard","meta":{"footnotes":""},"categories":[1586],"tags":[11,42412,1153,2024,1777,674,1779,1011,27,49094,12597,12,25,1778,364],"class_list":{"0":"post-420130","1":"post","2":"type-post","3":"status-publish","4":"format-standard","5":"has-post-thumbnail","7":"category-europe","8":"tag-actualites","9":"tag-andrius-kubilius","10":"tag-conference-de-presse","11":"tag-drones","12":"tag-eu","13":"tag-europe","14":"tag-european-union","15":"tag-fr","16":"tag-france","17":"tag-lunion-europeenne-2","18":"tag-mur","19":"tag-news","20":"tag-republique-francaise","21":"tag-ue","22":"tag-union-europeenne"},"share_on_mastodon":{"url":"https:\/\/pubeurope.com\/@fr\/115273319792798937","error":""},"_links":{"self":[{"href":"https:\/\/www.europesays.com\/fr\/wp-json\/wp\/v2\/posts\/420130","targetHints":{"allow":["GET"]}}],"collection":[{"href":"https:\/\/www.europesays.com\/fr\/wp-json\/wp\/v2\/posts"}],"about":[{"href":"https:\/\/www.europesays.com\/fr\/wp-json\/wp\/v2\/types\/post"}],"author":[{"embeddable":true,"href":"https:\/\/www.europesays.com\/fr\/wp-json\/wp\/v2\/users\/2"}],"replies":[{"embeddable":true,"href":"https:\/\/www.europesays.com\/fr\/wp-json\/wp\/v2\/comments?post=420130"}],"version-history":[{"count":0,"href":"https:\/\/www.europesays.com\/fr\/wp-json\/wp\/v2\/posts\/420130\/revisions"}],"wp:featuredmedia":[{"embeddable":true,"href":"https:\/\/www.europesays.com\/fr\/wp-json\/wp\/v2\/media\/420131"}],"wp:attachment":[{"href":"https:\/\/www.europesays.com\/fr\/wp-json\/wp\/v2\/media?parent=420130"}],"wp:term":[{"taxonomy":"category","embeddable":true,"href":"https:\/\/www.europesays.com\/fr\/wp-json\/wp\/v2\/categories?post=420130"},{"taxonomy":"post_tag","embeddable":true,"href":"https:\/\/www.europesays.com\/fr\/wp-json\/wp\/v2\/tags?post=420130"}],"curies":[{"name":"wp","href":"https:\/\/api.w.org\/{rel}","templated":true}]}}