{"id":420157,"date":"2025-09-27T00:13:26","date_gmt":"2025-09-27T00:13:26","guid":{"rendered":"https:\/\/www.europesays.com\/fr\/420157\/"},"modified":"2025-09-27T00:13:26","modified_gmt":"2025-09-27T00:13:26","slug":"nighthawks-dedward-hopper-un-chef-doeuvre-intemporel","status":"publish","type":"post","link":"https:\/\/www.europesays.com\/fr\/420157\/","title":{"rendered":"\u00ab Nighthawks \u00bb d\u2019Edward Hopper : un chef-d\u2019\u0153uvre intemporel"},"content":{"rendered":"<p>UNE \u0152UVRE EN D\u00c9TAILS<\/p>\n<p>                Par <a href=\"https:\/\/www.beauxarts.com\/auteur\/ines\/\" title=\"Articles par In\u00e8s Boittiaux\" class=\"author url fn\" rel=\"author noopener\" target=\"_blank\">In\u00e8s Boittiaux<\/a>                <\/p>\n<p>Publi\u00e9 le 24 septembre 2025 \u00e0 07h00, mis \u00e0 jour le 24 septembre 2025 \u00e0 07h05                <\/p>\n<p>Chef-d\u2019\u0153uvre absolu d\u2019Edward Hopper conserv\u00e9 \u00e0 l\u2019Art Institute de Chicago, Nighthawks (1942) incarne ce sentiment universel de solitude qui habite les grandes villes. Ce tableau en clair-obscur r\u00e9sume \u00e0 lui seul tout l\u2019art de ce grand peintre am\u00e9ricain, ma\u00eetre des atmosph\u00e8res silencieuses et m\u00e9lancoliques. Peint pendant la Seconde Guerre mondiale, il a transcend\u00e9 son \u00e9poque pour devenir l\u2019une des \u0153uvres les plus embl\u00e9matiques de l\u2019art du XXe si\u00e8cle.<\/p>\n","protected":false},"excerpt":{"rendered":"UNE \u0152UVRE EN D\u00c9TAILS Par In\u00e8s Boittiaux Publi\u00e9 le 24 septembre 2025 \u00e0 07h00, mis \u00e0 jour le&hellip;\n","protected":false},"author":2,"featured_media":420158,"comment_status":"","ping_status":"","sticky":false,"template":"","format":"standard","meta":{"footnotes":""},"categories":[1358],"tags":[54933,12870,1348,1384,1385,24265,1386,58,59,1011,27,1585],"class_list":{"0":"post-420157","1":"post","2":"type-post","3":"status-publish","4":"format-standard","5":"has-post-thumbnail","7":"category-arts-et-design","8":"tag-art-institute","9":"tag-art-moderne","10":"tag-arts","11":"tag-arts-and-design","12":"tag-arts-et-design","13":"tag-commentaire-doeuvre","14":"tag-design","15":"tag-divertissement","16":"tag-entertainment","17":"tag-fr","18":"tag-france","19":"tag-peinture"},"share_on_mastodon":{"url":"https:\/\/pubeurope.com\/@fr\/115273374488255085","error":""},"_links":{"self":[{"href":"https:\/\/www.europesays.com\/fr\/wp-json\/wp\/v2\/posts\/420157","targetHints":{"allow":["GET"]}}],"collection":[{"href":"https:\/\/www.europesays.com\/fr\/wp-json\/wp\/v2\/posts"}],"about":[{"href":"https:\/\/www.europesays.com\/fr\/wp-json\/wp\/v2\/types\/post"}],"author":[{"embeddable":true,"href":"https:\/\/www.europesays.com\/fr\/wp-json\/wp\/v2\/users\/2"}],"replies":[{"embeddable":true,"href":"https:\/\/www.europesays.com\/fr\/wp-json\/wp\/v2\/comments?post=420157"}],"version-history":[{"count":0,"href":"https:\/\/www.europesays.com\/fr\/wp-json\/wp\/v2\/posts\/420157\/revisions"}],"wp:featuredmedia":[{"embeddable":true,"href":"https:\/\/www.europesays.com\/fr\/wp-json\/wp\/v2\/media\/420158"}],"wp:attachment":[{"href":"https:\/\/www.europesays.com\/fr\/wp-json\/wp\/v2\/media?parent=420157"}],"wp:term":[{"taxonomy":"category","embeddable":true,"href":"https:\/\/www.europesays.com\/fr\/wp-json\/wp\/v2\/categories?post=420157"},{"taxonomy":"post_tag","embeddable":true,"href":"https:\/\/www.europesays.com\/fr\/wp-json\/wp\/v2\/tags?post=420157"}],"curies":[{"name":"wp","href":"https:\/\/api.w.org\/{rel}","templated":true}]}}