{"id":420167,"date":"2025-09-27T00:18:12","date_gmt":"2025-09-27T00:18:12","guid":{"rendered":"https:\/\/www.europesays.com\/fr\/420167\/"},"modified":"2025-09-27T00:18:12","modified_gmt":"2025-09-27T00:18:12","slug":"pourquoi-la-virulence-de-lepidemie-en-australie-annonce-une-saison-rude-en-france","status":"publish","type":"post","link":"https:\/\/www.europesays.com\/fr\/420167\/","title":{"rendered":"pourquoi la virulence de l&rsquo;\u00e9pid\u00e9mie en Australie annonce une saison rude en France"},"content":{"rendered":"<p>Il est trop t\u00f4t pour pr\u00e9voir l\u2019importance de <a href=\"https:\/\/www.ledauphine.com\/sante\/2025\/02\/06\/epidemie-de-grippe-peut-on-tomber-malade-plusieurs-fois-cette-annee\" target=\"_blank\" rel=\"nofollow noopener\">l\u2019\u00e9pid\u00e9mie de grippe hivernale en France<\/a>. Il y a cependant un signal d\u2019alarme assez fiable\u00a0: l\u2019\u00e9pid\u00e9mie de grippe dans l\u2019h\u00e9misph\u00e8re sud donne souvent un aper\u00e7u de ce que sera la saison grippale dans l\u2019h\u00e9misph\u00e8re nord. L\u2019exemple de l\u2019Australie, o\u00f9 l\u2019hiver s\u2019ach\u00e8ve, pourrait donner des sueurs froides. L\u2019\u00e9pid\u00e9mie de grippe y a \u00e9t\u00e9 l\u2019une des pires de ces 10 derni\u00e8res ann\u00e9es. La situation a \u00e9t\u00e9 particuli\u00e8rement critique dans le Queensland. La saison grippale a \u00e9t\u00e9 marqu\u00e9e par un nombre \u00e9lev\u00e9 d\u2019hospitalisations dans le troisi\u00e8me \u00c9tat le plus peupl\u00e9 du pays. Les h\u00f4pitaux se sont retrouv\u00e9s satur\u00e9s \u00e0 cause de l\u2019afflux de patients souffrant de la grippe ou du Covid-19. Plusieurs ont \u00e9t\u00e9 contraints de reporter des interventions chirurgicales pour trouver des lits disponibles.<\/p>\n<p>\u00ab\u00a0Il faut \u00e9videmment s\u2019inqui\u00e9ter de ce qu\u2019on a vu en Australie o\u00f9 l\u2019incidence d\u2019hospitalisation a \u00e9t\u00e9 aussi \u00e9lev\u00e9e que l\u2019hiver dernier en France. Il faut se pr\u00e9parer\u00a0\u00bb, explique Brigitte Autran, pr\u00e9sidente du Comit\u00e9 de veille et d\u2019anticipation des risques sanitaires (Covars). L\u2019immunologue se veut toutefois rassurante. \u00ab\u00a0On a la chance d\u2019avoir des vaccins qui sont particuli\u00e8rement adapt\u00e9s \u00e0 la souche qui a circul\u00e9 en Australie et qui nous frappera dans quelques semaines\u00a0\u00bb, assure-t-elle. \u00ab\u00a0En outre, l\u2019\u00c9tat a accept\u00e9 de mettre \u00e0 disposition un vaccin fortement dos\u00e9 r\u00e9serv\u00e9 aux sujets \u00e2g\u00e9s qui va \u00eatre plus efficace et qu\u2019on n\u2019avait pas l\u2019an dernier. On a donc une chance suppl\u00e9mentaire de mieux se prot\u00e9ger et de mieux prot\u00e9ger les h\u00f4pitaux.\u00a0\u00bb<\/p>\n<p>  90 % des personnes hospitalis\u00e9es pas vaccin\u00e9es<\/p>\n<p>La campagne de vaccination contre la <a href=\"https:\/\/www.ledauphine.com\/sante\/2025\/02\/06\/l-epidemie-de-grippe-sur-la-pente-descendante-mais-toujours-active\" target=\"_blank\" rel=\"nofollow noopener\">grippe et le Covid-19<\/a> d\u00e9bute le 14\u00a0octobre. Brigitte Autran lance un appel \u00e0 se vacciner. \u00ab\u00a0En Australie, 90\u00a0% des personnes hospitalis\u00e9es pour la grippe n\u2019\u00e9taient pas vaccin\u00e9es, comme en France l\u2019hiver dernier\u00a0\u00bb, souligne la pr\u00e9sidente du Covars qui s\u2019inqui\u00e8te d\u2019une d\u00e9fiance aliment\u00e9e par les vaccino-sceptiques. \u00ab\u00a0Il y a en France une population h\u00e9sitante vis-\u00e0-vis des vaccins, avec le tr\u00e8s mauvais exemple am\u00e9ricain de <a href=\"https:\/\/www.ledauphine.com\/sante\/2025\/09\/23\/paracetamol-et-autisme-pourquoi-le-lien-etabli-par-donald-trump-est-plus-que-douteux\" target=\"_blank\" rel=\"nofollow noopener\">Donald Trump et de son ministre de la Sant\u00e9<\/a> \u00bb, souligne-t-elle.<\/p>\n<p>En France, l\u2019\u00e9pid\u00e9mie de grippe avait \u00e9t\u00e9 s\u00e9v\u00e8re entre fin 2024 et d\u00e9but 2025. Elle avait entra\u00een\u00e9 pr\u00e8s de trois millions de consultations, selon Sant\u00e9 publique France. Toutes les classes d\u2019\u00e2ge avaient \u00e9t\u00e9 concern\u00e9es, avec 29\u00a0000 hospitalisations. L\u2019\u00e9pid\u00e9mie a eu un fort impact en termes de mortalit\u00e9 malgr\u00e9 une couverture vaccinale relativement stable par rapport \u00e0 celle de l\u2019hiver pr\u00e9c\u00e9dent, estim\u00e9e \u00e0 53,7\u00a0% chez les personnes \u00e2g\u00e9es de 65 ans et plus et de 25,3\u00a0% chez les moins de 65 ans en situation de risque. Un exc\u00e8s d\u2019environ 14\u00a0100 d\u00e9c\u00e8s de toutes causes a \u00e9t\u00e9 enregistr\u00e9 au cours de l\u2019\u00e9pid\u00e9mie, selon Sant\u00e9 publique France. La grippe a \u00e9t\u00e9 signal\u00e9e dans 4\u00a0925 d\u00e9c\u00e8s d\u00e9clar\u00e9s par certificat \u00e9lectronique, dont 82\u00a0% concernaient des personnes de 65 ans et plus. Au pic de l\u2019\u00e9pid\u00e9mie, d\u00e9but janvier, la grippe repr\u00e9sentait 7,3\u00a0% des d\u00e9c\u00e8s en France, soit le taux le plus \u00e9lev\u00e9 depuis 2020.<\/p>\n","protected":false},"excerpt":{"rendered":"Il est trop t\u00f4t pour pr\u00e9voir l\u2019importance de l\u2019\u00e9pid\u00e9mie de grippe hivernale en France. Il y a cependant&hellip;\n","protected":false},"author":2,"featured_media":420168,"comment_status":"","ping_status":"","sticky":false,"template":"","format":"standard","meta":{"footnotes":""},"categories":[10],"tags":[107,1011,27,329,72,71],"class_list":{"0":"post-420167","1":"post","2":"type-post","3":"status-publish","4":"format-standard","5":"has-post-thumbnail","7":"category-sante","8":"tag-fil-info","9":"tag-fr","10":"tag-france","11":"tag-france-monde","12":"tag-health","13":"tag-sante"},"share_on_mastodon":{"url":"https:\/\/pubeurope.com\/@fr\/115273394795779617","error":""},"_links":{"self":[{"href":"https:\/\/www.europesays.com\/fr\/wp-json\/wp\/v2\/posts\/420167","targetHints":{"allow":["GET"]}}],"collection":[{"href":"https:\/\/www.europesays.com\/fr\/wp-json\/wp\/v2\/posts"}],"about":[{"href":"https:\/\/www.europesays.com\/fr\/wp-json\/wp\/v2\/types\/post"}],"author":[{"embeddable":true,"href":"https:\/\/www.europesays.com\/fr\/wp-json\/wp\/v2\/users\/2"}],"replies":[{"embeddable":true,"href":"https:\/\/www.europesays.com\/fr\/wp-json\/wp\/v2\/comments?post=420167"}],"version-history":[{"count":0,"href":"https:\/\/www.europesays.com\/fr\/wp-json\/wp\/v2\/posts\/420167\/revisions"}],"wp:featuredmedia":[{"embeddable":true,"href":"https:\/\/www.europesays.com\/fr\/wp-json\/wp\/v2\/media\/420168"}],"wp:attachment":[{"href":"https:\/\/www.europesays.com\/fr\/wp-json\/wp\/v2\/media?parent=420167"}],"wp:term":[{"taxonomy":"category","embeddable":true,"href":"https:\/\/www.europesays.com\/fr\/wp-json\/wp\/v2\/categories?post=420167"},{"taxonomy":"post_tag","embeddable":true,"href":"https:\/\/www.europesays.com\/fr\/wp-json\/wp\/v2\/tags?post=420167"}],"curies":[{"name":"wp","href":"https:\/\/api.w.org\/{rel}","templated":true}]}}