{"id":420181,"date":"2025-09-27T00:26:11","date_gmt":"2025-09-27T00:26:11","guid":{"rendered":"https:\/\/www.europesays.com\/fr\/420181\/"},"modified":"2025-09-27T00:26:11","modified_gmt":"2025-09-27T00:26:11","slug":"pres-de-saint-etienne-le-chauffeur-dun-camion-poubelle-agresse","status":"publish","type":"post","link":"https:\/\/www.europesays.com\/fr\/420181\/","title":{"rendered":"Pr\u00e8s de Saint-\u00c9tienne : le chauffeur d&rsquo;un camion-poubelle agress\u00e9"},"content":{"rendered":"<p>Dans la nuit de jeudi \u00e0 vendredi, le chauffeur d&rsquo;un camion-poubelles a \u00e9t\u00e9 agress\u00e9 par plusieurs individus \u00e0 La Ricamarie, pr\u00e8s de Saint-\u00c9tienne.<\/p>\n<p>Une violente agression s&rsquo;est produite dans les rues de <b>La Ricamarie<\/b> dans la nuit du jeudi 25 au vendredi 26 septembre.<\/p>\n<p>Le chauffeur du camion-poubelles \u00e9vacu\u00e9 \u00e0 l&rsquo;h\u00f4pital<\/p>\n<p>Vers 4h30 du matin, alors qu&rsquo;<b>un camion-poubelles<\/b> est en plein ramassage des ordures, l&rsquo;un des \u00e9boueurs accroch\u00e9s \u00e0 l&rsquo;arri\u00e8re est pris \u00e0 partie par deux personnes entre la rue Martin Bernard et la rue de la Lib\u00e9ration.<\/p>\n<p>Le chauffeur du camion, voyant la sc\u00e8ne se d\u00e9rouler, d\u00e9cide de venir porter secours \u00e0 son coll\u00e8gue. Pendant l&rsquo;altercation, l&rsquo;un des agresseurs, vraisemblablement alcoolis\u00e9, a alors donn\u00e9 <b>un coup de poing<\/b> dans le visage du conducteur.<\/p>\n<p>Selon <a class=\"url\" href=\"https:\/\/www.leprogres.fr\/environnement\/2025\/09\/26\/un-chauffeur-de-camion-poubelle-agresse-en-pleine-rue\" target=\"_blank\" rel=\"noopener\">Le Progr\u00e8s<\/a>, ce dernier a \u00e9t\u00e9 transport\u00e9 par les pompiers au centre hospitalier Le Corbusier, \u00e0 Firminy. Il souffrait de saignements et de blessures au nez.<\/p>\n<p>La police a ouvert une enqu\u00eate. Aucun suspect n&rsquo;a \u00e9t\u00e9 interpell\u00e9 pour l&rsquo;instant.<\/p>\n<p><img loading=\"lazy\" decoding=\"async\" src=\"https:\/\/www.europesays.com\/fr\/wp-content\/uploads\/2025\/09\/1758932771_959_img\" width=\"350\" height=\"200\" border=\"0\" title=\"Un conducteur de 91 ans a \u00c3\u00a9t\u00c3\u00a9 gravement bless\u00c3\u00a9 dans un accident de la route dans la Loire\"\/><\/p>\n<p>\u25baFaits divers<\/p>\n<p style=\"font-size: 22px;\"><b>Loire : sa voiture percute un portail, un homme de 91 ans gravement bless\u00e9<\/b><\/p>\n<p>Les secours sont intervenus en fin de matin\u00e9e,&#8230;<\/p>\n<p><\/p>\n","protected":false},"excerpt":{"rendered":"Dans la nuit de jeudi \u00e0 vendredi, le chauffeur d&rsquo;un camion-poubelles a \u00e9t\u00e9 agress\u00e9 par plusieurs individus \u00e0&hellip;\n","protected":false},"author":2,"featured_media":420182,"comment_status":"","ping_status":"","sticky":false,"template":"","format":"standard","meta":{"footnotes":""},"categories":[9653],"tags":[11101,1111,11,1120,2430,54934,1777,674,6017,1011,27,11324,12,25,9920,4001],"class_list":{"0":"post-420181","1":"post","2":"type-post","3":"status-publish","4":"format-standard","5":"has-post-thumbnail","7":"category-saint-etienne","8":"tag-boueurs","9":"tag-actu","10":"tag-actualites","11":"tag-agression","12":"tag-auvergne-rhone-alpes","13":"tag-camion-poubelles","14":"tag-eu","15":"tag-europe","16":"tag-fait-divers","17":"tag-fr","18":"tag-france","19":"tag-la-ricamarie","20":"tag-news","21":"tag-republique-francaise","22":"tag-saint-tienne","23":"tag-saint-etienne"},"share_on_mastodon":{"url":"https:\/\/pubeurope.com\/@fr\/115273425508915308","error":""},"_links":{"self":[{"href":"https:\/\/www.europesays.com\/fr\/wp-json\/wp\/v2\/posts\/420181","targetHints":{"allow":["GET"]}}],"collection":[{"href":"https:\/\/www.europesays.com\/fr\/wp-json\/wp\/v2\/posts"}],"about":[{"href":"https:\/\/www.europesays.com\/fr\/wp-json\/wp\/v2\/types\/post"}],"author":[{"embeddable":true,"href":"https:\/\/www.europesays.com\/fr\/wp-json\/wp\/v2\/users\/2"}],"replies":[{"embeddable":true,"href":"https:\/\/www.europesays.com\/fr\/wp-json\/wp\/v2\/comments?post=420181"}],"version-history":[{"count":0,"href":"https:\/\/www.europesays.com\/fr\/wp-json\/wp\/v2\/posts\/420181\/revisions"}],"wp:featuredmedia":[{"embeddable":true,"href":"https:\/\/www.europesays.com\/fr\/wp-json\/wp\/v2\/media\/420182"}],"wp:attachment":[{"href":"https:\/\/www.europesays.com\/fr\/wp-json\/wp\/v2\/media?parent=420181"}],"wp:term":[{"taxonomy":"category","embeddable":true,"href":"https:\/\/www.europesays.com\/fr\/wp-json\/wp\/v2\/categories?post=420181"},{"taxonomy":"post_tag","embeddable":true,"href":"https:\/\/www.europesays.com\/fr\/wp-json\/wp\/v2\/tags?post=420181"}],"curies":[{"name":"wp","href":"https:\/\/api.w.org\/{rel}","templated":true}]}}