{"id":420206,"date":"2025-09-27T00:43:17","date_gmt":"2025-09-27T00:43:17","guid":{"rendered":"https:\/\/www.europesays.com\/fr\/420206\/"},"modified":"2025-09-27T00:43:17","modified_gmt":"2025-09-27T00:43:17","slug":"les-entrees-ont-change-le-match-felicite-roberto-de-zerbi-apres-la-victoire-des-olympiens-a-strasbourg","status":"publish","type":"post","link":"https:\/\/www.europesays.com\/fr\/420206\/","title":{"rendered":"\u00ab\u00a0Les entr\u00e9es ont chang\u00e9 le match\u00a0\u00bb, f\u00e9licite Roberto De Zerbi apr\u00e8s la victoire des Olympiens \u00e0 Strasbourg"},"content":{"rendered":"<p><strong>Est-ce que cette \u00e9quipe a trouv\u00e9 son style et son rythme de croisi\u00e8re avec cette troisi\u00e8me victoire de rang en Ligue 1 ?<\/strong>&#13;\n<\/p>\n<p>On a commenc\u00e9 le match doucement, c&rsquo;est vrai que Strasbourg a commenc\u00e9 tr\u00e8s fort. C&rsquo;est une \u00e9quipe jeune, mais tr\u00e8s forte, je l&rsquo;avais d\u00e9j\u00e0 dit, avec une identit\u00e9 claire, beaucoup de courage aussi. On est rentr\u00e9 lentement dans le match, malgr\u00e9 quelques occasions de Gouiri. Il y avait le potentiel pour cr\u00e9er autre chose. On a encaiss\u00e9 ce but tr\u00e8s t\u00f4t apr\u00e8s la pause, on leur a fait un cadeau. Apr\u00e8s cela, on a enfin r\u00e9ussi \u00e0 s&rsquo;exprimer. Je pense que les entr\u00e9es en jeu d&rsquo;Aubameyang, Emerson, Greenwood, Vaz et Pavard ont chang\u00e9 le match. Je suis vraiment tr\u00e8s, tr\u00e8s heureux. Comme je l&rsquo;ai dit apr\u00e8s le PSG, c&rsquo;\u00e9tait un match vraiment tr\u00e8s important.<\/p>\n<p><strong>Amine Gouiri a loup\u00e9 plusieurs occasions, Aubameyang a marqu\u00e9. Est-ce que cela relance la concurrence en pointe ?<\/strong>&#13;\n<\/p>\n<p>Il n&rsquo;y a pas de probl\u00e8me. La concurrence est positive. On a beaucoup jou\u00e9 cette semaine, on va rejouer mardi, c&rsquo;\u00e9tait un match tr\u00e8s important comme celui de mardi, le premier au V\u00e9lodrome dans cette nouvelle \u00e8re de la Ligue des champions. J&rsquo;essaie de voir, de faire des choix en fonction des conditions physiques de chacun et de la physionomie du match. Je suis content des deux, de Robinio (Vaz) \u00e9galement. Je ne l&rsquo;ai pas fait entrer en jeu pour lui donner des minutes, mais pour remporter le match. Ce soir, c&rsquo;est une victoire du club, ce sont vraiment les rempla\u00e7ants qui ont chang\u00e9 l&rsquo;\u00e9quilibre de la rencontre et ont permis de remporter le match.<\/p>\n<p><strong>Le mois d&rsquo;ao\u00fbt et sa crise semblent bien loin ce soir&#8230;<\/strong>&#13;\n<\/p>\n<p>Ao\u00fbt n&rsquo;est jamais loin, vous le savez mieux que moi. \u00c0 Marseille, il peut toujours se passer quelque chose, on ne peut jamais rel\u00e2cher notre attention. Il faut toujours \u00eatre attentif, humble, les pieds sur terre. Apr\u00e8s, on peut \u00eatre heureux de nos victoires, mais toujours garder en t\u00eate les matches contre Rennes et Lyon, y compris celui contre le Paris FC, o\u00f9 l&rsquo;on a eu du mal \u00e0 s&rsquo;exprimer malgr\u00e9 la victoire (5-2).<\/p>\n<p><strong>Avant le match, vous disiez que <a href=\"https:\/\/www.laprovence.com\/article\/om\/6300091702439414\/om-psg-1-0-si-cest-pour-arriver-en-claquettes-a-strasbourg-previent-roberto-de-zerbi\" target=\"_blank\" rel=\"noopener\">si votre \u00e9quipe arrivait \u00e0 Strasbourg en claquettes, cela voudrait dire qu&rsquo;elle n&rsquo;est pas une grande \u00e9quipe<\/a>. Apr\u00e8s cette victoire, alors, trouvez-vous que c&rsquo;est une grande \u00e9quipe ?<\/strong>&#13;\n<\/p>\n<p>Non, non, ce n&rsquo;est pas le r\u00e9sultat qui change les choses. M\u00eame si on n&rsquo;avait pas remport\u00e9 le match, j&rsquo;aurais \u00e9t\u00e9 heureux. C&rsquo;\u00e9tait un bon match dans la forme. \u00c7a n&rsquo;a pas \u00e9t\u00e9 tout le temps brillant, mais nous \u00e9tions pr\u00e9sents dans les t\u00eates \u00e0 chaque instant. Ce n&rsquo;\u00e9tait pas un match en claquettes.\u00a0<\/p>\n<p><strong>Est-ce anecdotique ou d\u00e9terminant d&rsquo;avoir enfin remport\u00e9 un match \u00e0 l&rsquo;ext\u00e9rieur cette saison ?<\/strong>&#13;\n<\/p>\n<p>C&rsquo;est vrai que \u00e7a commen\u00e7ait un peu \u00e0 m&rsquo;agacer. J&rsquo;y pensais pendant le match, en tribune. Une d\u00e9faite m&rsquo;aurait beaucoup \u00e9nerv\u00e9. Je ne veux pas que l&rsquo;on soit d\u00e9fini comme une \u00e9quipe qui est performante seulement chez elle. Je veux \u00eatre bon \u00e0 Lyon, au Parc des Princes, \u00e0 Strasbourg. Depuis la fin du mercato, c&rsquo;est vrai qu&rsquo;il y a un engouement dans le sillage des recrues comme Aguerd, Pavard et O&rsquo;Riley. Trois matches en championnat, trois victoires et un seul but encaiss\u00e9&#8230; C&rsquo;est notable face \u00e0 des \u00e9quipes de ce calibre.<\/p>\n<p><strong>Comment avez-vous v\u00e9cu ce match loin du banc de touche, en raison de votre suspension ?<\/strong>&#13;\n<\/p>\n<p>Cela m&rsquo;a ramen\u00e9 dans mon enfance. Je l&rsquo;ai v\u00e9cu un peu comme un enfant, quand j&rsquo;\u00e9tais dans le virage avec les ultras de Brescia. Je tiens \u00e0 f\u00e9liciter et remercier mon staff, qui a tr\u00e8s bien travaill\u00e9. Ils ont fait les bons changements au bon moment. C&rsquo;\u00e9tait aussi particulier pour eux.\u00a0<\/p>\n","protected":false},"excerpt":{"rendered":"Est-ce que cette \u00e9quipe a trouv\u00e9 son style et son rythme de croisi\u00e8re avec cette troisi\u00e8me victoire de&hellip;\n","protected":false},"author":2,"featured_media":420207,"comment_status":"","ping_status":"","sticky":false,"template":"","format":"standard","meta":{"footnotes":""},"categories":[2820],"tags":[38865,17,1111,11,6861,21356,1777,674,1011,27,775,151,955,12,149,2537,25,640,54801],"class_list":{"0":"post-420206","1":"post","2":"type-post","3":"status-publish","4":"format-standard","5":"has-post-thumbnail","7":"category-strasbourg","8":"tag-1-2","9":"tag-17","10":"tag-actu","11":"tag-actualites","12":"tag-change","13":"tag-entrees","14":"tag-eu","15":"tag-europe","16":"tag-fr","17":"tag-france","18":"tag-grand-est","19":"tag-les","20":"tag-match","21":"tag-news","22":"tag-om","23":"tag-ont","24":"tag-republique-francaise","25":"tag-strasbourg","26":"tag-strasbourg-om"},"share_on_mastodon":{"url":"https:\/\/pubeurope.com\/@fr\/115273492298871002","error":""},"_links":{"self":[{"href":"https:\/\/www.europesays.com\/fr\/wp-json\/wp\/v2\/posts\/420206","targetHints":{"allow":["GET"]}}],"collection":[{"href":"https:\/\/www.europesays.com\/fr\/wp-json\/wp\/v2\/posts"}],"about":[{"href":"https:\/\/www.europesays.com\/fr\/wp-json\/wp\/v2\/types\/post"}],"author":[{"embeddable":true,"href":"https:\/\/www.europesays.com\/fr\/wp-json\/wp\/v2\/users\/2"}],"replies":[{"embeddable":true,"href":"https:\/\/www.europesays.com\/fr\/wp-json\/wp\/v2\/comments?post=420206"}],"version-history":[{"count":0,"href":"https:\/\/www.europesays.com\/fr\/wp-json\/wp\/v2\/posts\/420206\/revisions"}],"wp:featuredmedia":[{"embeddable":true,"href":"https:\/\/www.europesays.com\/fr\/wp-json\/wp\/v2\/media\/420207"}],"wp:attachment":[{"href":"https:\/\/www.europesays.com\/fr\/wp-json\/wp\/v2\/media?parent=420206"}],"wp:term":[{"taxonomy":"category","embeddable":true,"href":"https:\/\/www.europesays.com\/fr\/wp-json\/wp\/v2\/categories?post=420206"},{"taxonomy":"post_tag","embeddable":true,"href":"https:\/\/www.europesays.com\/fr\/wp-json\/wp\/v2\/tags?post=420206"}],"curies":[{"name":"wp","href":"https:\/\/api.w.org\/{rel}","templated":true}]}}