{"id":420217,"date":"2025-09-27T00:49:24","date_gmt":"2025-09-27T00:49:24","guid":{"rendered":"https:\/\/www.europesays.com\/fr\/420217\/"},"modified":"2025-09-27T00:49:24","modified_gmt":"2025-09-27T00:49:24","slug":"on-a-vu-le-porteur-dhistoire-dalexis-michalik-aux-salinieres","status":"publish","type":"post","link":"https:\/\/www.europesays.com\/fr\/420217\/","title":{"rendered":"on a vu \u00ab\u00a0Le porteur d\u2019histoire\u00a0\u00bb, d\u2019Alexis Michalik aux Salini\u00e8res"},"content":{"rendered":"<p>\u00c0 Bordeaux, une distribution renouvel\u00e9e et en partie locale porte cette fresque \u00e9pique, \u00e0 plus d\u2019un titre. Une pi\u00e8ce chorale et prolixe, \u00e0 tiroirs et \u00e0 \u00e9nigmes, cousue de mythes et d\u2019\u00e9poques entrem\u00eal\u00e9s, enqu\u00eate \u00e9sot\u00e9rique farcie de r\u00e9f\u00e9rences litt\u00e9raires et figures historiques (au premier chef Alexandre Dumas, roi du feuilleton), un grand bazar philosophique (mais toujours humaniste, de ce qu\u2019on a compris), ordonn\u00e9 dans la c\u00e9l\u00e9bration de la puissance du r\u00e9cit, celui qui fa\u00e7onne l\u2019Histoire.<\/p>\n<p>Le verbe d\u2019abord. Le propos s\u2019illustre clairement dans la mise en sc\u00e8ne, frontale et sans trop d\u2019artifices\u00a0: un tableau noir bient\u00f4t griffonn\u00e9 par des mains press\u00e9es, quelques tabourets, une penderie pour annoncer les changements \u00e0 vue et cinq acteurs pieds nus, qui vont incarner (ou plut\u00f4t camper, fa\u00e7on bivouac) une foule de personnages, \u00e0 un rythme plus que soutenu.<\/p>\n<p>Rocambolesque<\/p>\n<p>L\u2019exercice est physique et la performance des com\u00e9diens lanc\u00e9s dans ce marathon du r\u00e9cit, entre jeu exigeant et texte foisonnant, suscite le respect. Virtuosit\u00e9 narrative, mise en abyme fa\u00e7on poup\u00e9es russes, bons mots, ventilations comiques\u00a0: \u00e0 l\u2019image de cette m\u00e8re et sa fille emmen\u00e9es par Martin Martin de l\u2019Alg\u00e9rie aux Ardennes, on est pr\u00eat \u00e0 se laisser embarquer dans cette chasse au tr\u00e9sor rocambolesque, ce conte moderne qui ne se soucie gu\u00e8re de vraisemblance.<\/p>\n<p>Mais cette forte densit\u00e9 du rythme et du d\u00e9bit, soulign\u00e9s par une musique omnipr\u00e9sente, finissent par cr\u00e9er l\u2019effet inverse \u00e0 celui recherch\u00e9\u00a0: l\u2019ensemble se r\u00e9v\u00e8le trop souvent touffu, d\u00e9monstratif\u00a0et malgr\u00e9 l\u2019ambition de l\u2019attelage, on a peine au final \u00e0 raccrocher les wagons, \u00e0 s\u2019int\u00e9resser \u00e0 ces destins, ces \u00e9nigmes. On se dit que ce \u00ab\u00a0Porteur d\u2019histoire\u00a0\u00bb ne manque pas de souffle, mais qu\u2019il faudrait penser \u00e0 respirer un peu.<\/p>\n","protected":false},"excerpt":{"rendered":"\u00c0 Bordeaux, une distribution renouvel\u00e9e et en partie locale porte cette fresque \u00e9pique, \u00e0 plus d\u2019un titre. Une&hellip;\n","protected":false},"author":2,"featured_media":420218,"comment_status":"","ping_status":"","sticky":false,"template":"","format":"standard","meta":{"footnotes":""},"categories":[2817],"tags":[1111,11,1997,1777,674,1011,27,12,2219,25],"class_list":{"0":"post-420217","1":"post","2":"type-post","3":"status-publish","4":"format-standard","5":"has-post-thumbnail","7":"category-bordeaux","8":"tag-actu","9":"tag-actualites","10":"tag-bordeaux","11":"tag-eu","12":"tag-europe","13":"tag-fr","14":"tag-france","15":"tag-news","16":"tag-nouvelle-aquitaine","17":"tag-republique-francaise"},"share_on_mastodon":{"url":"https:\/\/pubeurope.com\/@fr\/115273516039450499","error":""},"_links":{"self":[{"href":"https:\/\/www.europesays.com\/fr\/wp-json\/wp\/v2\/posts\/420217","targetHints":{"allow":["GET"]}}],"collection":[{"href":"https:\/\/www.europesays.com\/fr\/wp-json\/wp\/v2\/posts"}],"about":[{"href":"https:\/\/www.europesays.com\/fr\/wp-json\/wp\/v2\/types\/post"}],"author":[{"embeddable":true,"href":"https:\/\/www.europesays.com\/fr\/wp-json\/wp\/v2\/users\/2"}],"replies":[{"embeddable":true,"href":"https:\/\/www.europesays.com\/fr\/wp-json\/wp\/v2\/comments?post=420217"}],"version-history":[{"count":0,"href":"https:\/\/www.europesays.com\/fr\/wp-json\/wp\/v2\/posts\/420217\/revisions"}],"wp:featuredmedia":[{"embeddable":true,"href":"https:\/\/www.europesays.com\/fr\/wp-json\/wp\/v2\/media\/420218"}],"wp:attachment":[{"href":"https:\/\/www.europesays.com\/fr\/wp-json\/wp\/v2\/media?parent=420217"}],"wp:term":[{"taxonomy":"category","embeddable":true,"href":"https:\/\/www.europesays.com\/fr\/wp-json\/wp\/v2\/categories?post=420217"},{"taxonomy":"post_tag","embeddable":true,"href":"https:\/\/www.europesays.com\/fr\/wp-json\/wp\/v2\/tags?post=420217"}],"curies":[{"name":"wp","href":"https:\/\/api.w.org\/{rel}","templated":true}]}}