{"id":420221,"date":"2025-09-27T00:51:15","date_gmt":"2025-09-27T00:51:15","guid":{"rendered":"https:\/\/www.europesays.com\/fr\/420221\/"},"modified":"2025-09-27T00:51:15","modified_gmt":"2025-09-27T00:51:15","slug":"volotea-inaugure-son-vol-entre-toulouse-et-rennes-actualite-aeronautique","status":"publish","type":"post","link":"https:\/\/www.europesays.com\/fr\/420221\/","title":{"rendered":"Volotea inaugure son vol entre Toulouse et Rennes &#8211; Actualit\u00e9 a\u00e9ronautique"},"content":{"rendered":"<p class=\"subtitle\">Article publi\u00e9 le 26 septembre 2025 par David Dagouret<\/p>\n<p>Volotea propose d\u00e9sormais 20 destinations au d\u00e9part de l\u2019a\u00e9roport Toulouse-Blagnac.<\/p>\n<p>Volotea a inaugur\u00e9 son vol entre Toulouse et Rennes le 1er septembre dernier. \u00c0 raison de deux vols par semaine, la compagnie a\u00e9rienne propose plus de 11 000 si\u00e8ges sur cette liaison. Cette nouvelle destination permet \u00e0 Volotea de continuer \u00e0 d\u00e9velopper son r\u00e9seau de liaisons domestiques en France et d\u2019enrichir son offre, connectant ainsi Toulouse \u00e0 20 destinations r\u00e9parties dans 6 pays (Croatie, Espagne, France, Gr\u00e8ce, Italie et Luxembourg).<\/p>\n<p>Pr\u00e9sente \u00e0 Toulouse depuis 2013, avec une base ouverte en 2016, Volotea continue de se d\u00e9velopper dans le Sud-Ouest de la France en proposant environ 540 000 si\u00e8ges au d\u00e9part de Toulouse en 2025.\u00a0<\/p>\n<p><strong>Gilles Gosselin, Directeur France de Volotea a d\u00e9clar\u00e9 :<\/strong> \u00ab\u00a0Nous sommes ravis d\u2019annoncer l\u2019inauguration de cette nouvelle ligne reliant Toulouse \u00e0 Rennes. Nous remercions l\u2019A\u00e9roport Toulouse-Blagnac, avec qui nous collaborons depuis 12 ans, pour son soutien dans le d\u00e9veloppement de notre r\u00e9seau. Nous avons \u00e0 c\u0153ur d\u2019offrir toujours plus d\u2019options de destinations \u00e0 nos voyageurs toulousains afin d\u2019\u00e9largir leurs possibilit\u00e9s d\u2019escapades. Cette nouvelle liaison t\u00e9moigne \u00e9galement de notre engagement \u00e0 renforcer la connectivit\u00e9 entre les capitales r\u00e9gionales et vient enrichir l&rsquo;offre existante au d\u00e9part de Toulouse.\u00a0\u00bb<\/p>\n<p><strong>Bruno Balerdi, Directeur Commercial, Clients et Communication de l\u2019A\u00e9roport Toulouse-Blagnac a d\u00e9clar\u00e9 :<\/strong> \u00ab\u00a0L\u2019ouverture de cette liaison vers Rennes illustre l\u2019importance que nous accordons au d\u00e9veloppement des lignes domestiques, essentielles pour renforcer la connectivit\u00e9 entre les grandes m\u00e9tropoles r\u00e9gionales. Elle offre \u00e0 nouveau aux voyageurs d\u2019affaires une nouvelle solution rapide et efficace, aux passagers loisirs l\u2019opportunit\u00e9 de d\u00e9couvrir Rennes et la Bretagne : son patrimoine historique, sa gastronomie ainsi que l\u2019acc\u00e8s direct aux c\u00f4tes bretonnes, \u00e0 Saint-Malo, au Mont-Saint-Michel ou encore aux paysages du Golfe du Morbihan ; et aux bretons de visiter Toulouse et ses environs.\u00a0\u00bb<\/p>\n<p><img loading=\"lazy\" decoding=\"async\" src=\"https:\/\/www.europesays.com\/fr\/wp-content\/uploads\/2025\/07\/9627.jpg\" alt=\"volotea\" width=\"600\" height=\"400\" style=\"border:0px solid;\" \/><\/p>\n<p>  Sur le m\u00eame sujet<\/p>\n","protected":false},"excerpt":{"rendered":"Article publi\u00e9 le 26 septembre 2025 par David Dagouret Volotea propose d\u00e9sormais 20 destinations au d\u00e9part de l\u2019a\u00e9roport&hellip;\n","protected":false},"author":2,"featured_media":231326,"comment_status":"","ping_status":"","sticky":false,"template":"","format":"standard","meta":{"footnotes":""},"categories":[2816],"tags":[1111,47,11,296,30397,30398,7182,13796,17318,30399,9919,11821,341,1777,674,30400,5556,1011,27,30401,30402,1031,12,2680,25,2312],"class_list":{"0":"post-420221","1":"post","2":"type-post","3":"status-publish","4":"format-standard","5":"has-post-thumbnail","7":"category-toulouse","8":"tag-actu","9":"tag-actualite","10":"tag-actualites","11":"tag-aeronautique","12":"tag-aeroweb","13":"tag-aeroweb-fr-net","14":"tag-aviation","15":"tag-avions","16":"tag-compagnies-aeriennes","17":"tag-constructeurs-aeronautiques","18":"tag-cv","19":"tag-dossiers","20":"tag-emploi","21":"tag-eu","22":"tag-europe","23":"tag-fiches-techniques","24":"tag-forum","25":"tag-fr","26":"tag-france","27":"tag-histoire-de-laeronautique","28":"tag-histoire-de-laviation","29":"tag-magazine","30":"tag-news","31":"tag-occitanie","32":"tag-republique-francaise","33":"tag-toulouse"},"share_on_mastodon":{"url":"https:\/\/pubeurope.com\/@fr\/115273523982667579","error":""},"_links":{"self":[{"href":"https:\/\/www.europesays.com\/fr\/wp-json\/wp\/v2\/posts\/420221","targetHints":{"allow":["GET"]}}],"collection":[{"href":"https:\/\/www.europesays.com\/fr\/wp-json\/wp\/v2\/posts"}],"about":[{"href":"https:\/\/www.europesays.com\/fr\/wp-json\/wp\/v2\/types\/post"}],"author":[{"embeddable":true,"href":"https:\/\/www.europesays.com\/fr\/wp-json\/wp\/v2\/users\/2"}],"replies":[{"embeddable":true,"href":"https:\/\/www.europesays.com\/fr\/wp-json\/wp\/v2\/comments?post=420221"}],"version-history":[{"count":0,"href":"https:\/\/www.europesays.com\/fr\/wp-json\/wp\/v2\/posts\/420221\/revisions"}],"wp:featuredmedia":[{"embeddable":true,"href":"https:\/\/www.europesays.com\/fr\/wp-json\/wp\/v2\/media\/231326"}],"wp:attachment":[{"href":"https:\/\/www.europesays.com\/fr\/wp-json\/wp\/v2\/media?parent=420221"}],"wp:term":[{"taxonomy":"category","embeddable":true,"href":"https:\/\/www.europesays.com\/fr\/wp-json\/wp\/v2\/categories?post=420221"},{"taxonomy":"post_tag","embeddable":true,"href":"https:\/\/www.europesays.com\/fr\/wp-json\/wp\/v2\/tags?post=420221"}],"curies":[{"name":"wp","href":"https:\/\/api.w.org\/{rel}","templated":true}]}}