{"id":420226,"date":"2025-09-27T00:54:24","date_gmt":"2025-09-27T00:54:24","guid":{"rendered":"https:\/\/www.europesays.com\/fr\/420226\/"},"modified":"2025-09-27T00:54:24","modified_gmt":"2025-09-27T00:54:24","slug":"marseille-65-des-actes-de-delinquance-commis-par-des-etrangers","status":"publish","type":"post","link":"https:\/\/www.europesays.com\/fr\/420226\/","title":{"rendered":"Marseille : 65% des actes de d\u00e9linquance commis par des \u00e9trangers"},"content":{"rendered":"<p>                                            Soci\u00e9t\u00e9\n                                                                            <\/p>\n<p>\n                                            D\u2019apr\u00e8s la pr\u00e9fecture des Bouches-du-Rh\u00f4ne, les personnes \u00e9trang\u00e8res sont surrepr\u00e9sent\u00e9es dans la d\u00e9linquance \u00e0 Marseille, atteignant 65 % dans le centre-ville de la cit\u00e9 phoc\u00e9enne.                                        <\/p>\n<p>                                                Publi\u00e9 le 26 septembre 2025 \u00e0 14h23                                                                                            <\/p>\n<p>                                            <img loading=\"lazy\" width=\"1024\" height=\"683\" src=\"https:\/\/www.europesays.com\/fr\/wp-content\/uploads\/2025\/09\/SIPA_01208452_000051-2.jpg\" class=\"attachment-post-thumbnail size-post-thumbnail wp-post-image\" alt=\"\u00c0 Marseille, 65% des actes de d\u00e9linquance commis par des \u00e9trangers \u00a9 Frederic MUNSCH\/SIPA\" decoding=\"async\"  \/><\/p>\n<p>                                            \u00c0 Marseille, 65% des actes de d\u00e9linquance commis par des \u00e9trangers \u00a9 Frederic MUNSCH\/SIPA<\/p>\n<p data-start=\"104\" data-end=\"492\">Le pr\u00e9fet des Bouches-du-Rh\u00f4ne, Georges-Fran\u00e7ois Leclerc, monte au cr\u00e9neau. Lors d\u2019une conf\u00e9rence de presse tenue ce jeudi 25 septembre pour dresser le bilan de l\u2019action des autorit\u00e9s dans le d\u00e9partement, il a affirm\u00e9 : \u00ab\u202fOn ne peut pas penser s\u00e9par\u00e9ment la politique de lutte contre l\u2019immigration clandestine et la politique de la lutte contre la d\u00e9linquance\u202f\u00bb, rapporte <a href=\"https:\/\/www.lefigaro.fr\/marseille\/marseille-le-prefet-pointe-la-surrepresentation-des-etrangers-en-situation-irreguliere-dans-les-actes-de-la-delinquance-20250925\" target=\"_blank\" rel=\"noopener\">Le Figaro.<\/a><\/p>\n<p><a href=\"https:\/\/www.valeursactuelles.com\/regions\/provence-alpes-cote-dazur\/bouches-du-rhone\/marseille\/faits-divers\/marseille-la-police-francaise-avait-le-devoir-de-le-proteger-apres-la-mort-de-lassaillant-sa-famille-porte-plainte\" class=\"h-flex h-align-items-center h-border-tb h-ptb-15\" target=\"_blank\" rel=\"noopener\">A\u00a0LIRE\u00a0Marseille : \u00ab la police fran\u00e7aise avait le devoir de le prot\u00e9ger \u00bb, apr\u00e8s la mort de l\u2019assaillant sa famille porte plainte<\/a>                    <img decoding=\"async\" src=\"https:\/\/www.europesays.com\/fr\/wp-content\/uploads\/2025\/09\/1758836776_788_maxresdefault.jpg\" alt=\"Vid\u00e9o YouTube\" style=\"width: 100%; height: auto; display: block;\"\/><\/p>\n<p>                        Chargement\u2026                    <\/p>\n<p data-start=\"494\" data-end=\"961\">D\u2019apr\u00e8s un bilan r\u00e9cent, les \u00e9trangers repr\u00e9sentent 42 % de la d\u00e9linquance de voie publique dans les Bouches-du-Rh\u00f4ne, un chiffre qui atteint 65 % dans le centre-ville de <a href=\"https:\/\/www.valeursactuelles.com\/faits-divers\/marseille-un-magistrat-mis-en-examen-et-suspendu-apres-la-decouverte-du-corps-de-sa-mere-en-decomposition\" target=\"_blank\" rel=\"noopener\">Marseille<\/a>. \u00ab\u202fCe sont des taux avec une surrepr\u00e9sentation des \u00e9trangers en situation irr\u00e9guli\u00e8re dans les actes de la d\u00e9linquance\u202f\u00bb, a constat\u00e9 le pr\u00e9fet. \u00ab\u202fLes interpellations d\u2019\u00e9trangers en situation irr\u00e9guli\u00e8re ont augment\u00e9 de 72 % dans le p\u00e9rim\u00e8tre des Bouches-du-Rh\u00f4ne\u202f\u00bb, a-t-il ajout\u00e9.<\/p>\n<p>\u00ab\u202fLes trafiquants s\u2019adaptent et la police aussi\u202f\u00bb<\/p>\n<p data-start=\"1020\" data-end=\"1406\">Le haut fonctionnaire a ensuite affirm\u00e9 : \u00ab\u202fLa pr\u00e9sence de nos services est renforc\u00e9e dans le centre-ville de Marseille, qui est notre priorit\u00e9 en mati\u00e8re de lutte contre la d\u00e9linquance, le trafic de stup\u00e9fiants et l\u2019immigration irr\u00e9guli\u00e8re\u202f\u00bb. Il a ajout\u00e9 que le \u00ab\u202fpilonnage\u202f\u00bb des points de deal sera d\u00e9sormais accompagn\u00e9 d\u2019une prise en charge renforc\u00e9e de l\u2019immigration ill\u00e9gale.<\/p>\n<p><a href=\"https:\/\/www.valeursactuelles.com\/faits-divers\/info-va-marseille-quatre-blesses-au-couteau-un-suspect-tunisien-interpelle\" class=\"h-flex h-align-items-center h-border-tb h-ptb-15\" target=\"_blank\" rel=\"noopener\">A\u00a0LIRE\u00a0[Info VA] Marseille : plusieurs bless\u00e9s au couteau, le suspect tunisien tu\u00e9 par la police (vid\u00e9o)<\/a><\/p>\n<p data-start=\"1408\" data-end=\"1839\">\u00ab\u202fIl y a une volont\u00e9 d\u2019\u00eatre omnipr\u00e9sent et de dire aux \u00e9lus locaux que l\u2019\u00c9tat est \u00e0 leurs c\u00f4t\u00e9s. Les trafiquants s\u2019adaptent et la police aussi\u202f\u00bb, a d\u00e9clar\u00e9 Corinne Simon, pr\u00e9f\u00e8te de police des <a href=\"https:\/\/www.valeursactuelles.com\/regions\/provence-alpes-cote-dazur\/bouches-du-rhone\/marseille\/faits-divers\/marseille-un-individu-sous-oqtf-interpelle-apres-avoir-poignarde-une-adolescente-et-vole-une-retraitee\" target=\"_blank\" rel=\"noopener\">Bouches-du-Rh\u00f4ne<\/a>. \u00ab\u202fNous concentrons les moyens et les techniques sur l\u2019immigration illicite. Les r\u00e9sultats sont impressionnants sur les stup\u00e9fiants et tr\u00e8s bons sur la question de l\u2019immigration\u202f\u00bb, a ajout\u00e9 Georges-Fran\u00e7ois Leclerc.<\/p>\n","protected":false},"excerpt":{"rendered":"Soci\u00e9t\u00e9 D\u2019apr\u00e8s la pr\u00e9fecture des Bouches-du-Rh\u00f4ne, les personnes \u00e9trang\u00e8res sont surrepr\u00e9sent\u00e9es dans la d\u00e9linquance \u00e0 Marseille, atteignant 65&hellip;\n","protected":false},"author":2,"featured_media":420227,"comment_status":"","ping_status":"","sticky":false,"template":"","format":"standard","meta":{"footnotes":""},"categories":[2814],"tags":[1111,11,16054,2950,3331,1777,674,1011,27,884,12,14583,882,25],"class_list":{"0":"post-420226","1":"post","2":"type-post","3":"status-publish","4":"format-standard","5":"has-post-thumbnail","7":"category-marseille","8":"tag-actu","9":"tag-actualites","10":"tag-dealers","11":"tag-delinquance","12":"tag-etrangers","13":"tag-eu","14":"tag-europe","15":"tag-fr","16":"tag-france","17":"tag-marseille","18":"tag-news","19":"tag-prefet","20":"tag-provence-alpes-cote-dazur","21":"tag-republique-francaise"},"share_on_mastodon":{"url":"https:\/\/pubeurope.com\/@fr\/115273535804600868","error":""},"_links":{"self":[{"href":"https:\/\/www.europesays.com\/fr\/wp-json\/wp\/v2\/posts\/420226","targetHints":{"allow":["GET"]}}],"collection":[{"href":"https:\/\/www.europesays.com\/fr\/wp-json\/wp\/v2\/posts"}],"about":[{"href":"https:\/\/www.europesays.com\/fr\/wp-json\/wp\/v2\/types\/post"}],"author":[{"embeddable":true,"href":"https:\/\/www.europesays.com\/fr\/wp-json\/wp\/v2\/users\/2"}],"replies":[{"embeddable":true,"href":"https:\/\/www.europesays.com\/fr\/wp-json\/wp\/v2\/comments?post=420226"}],"version-history":[{"count":0,"href":"https:\/\/www.europesays.com\/fr\/wp-json\/wp\/v2\/posts\/420226\/revisions"}],"wp:featuredmedia":[{"embeddable":true,"href":"https:\/\/www.europesays.com\/fr\/wp-json\/wp\/v2\/media\/420227"}],"wp:attachment":[{"href":"https:\/\/www.europesays.com\/fr\/wp-json\/wp\/v2\/media?parent=420226"}],"wp:term":[{"taxonomy":"category","embeddable":true,"href":"https:\/\/www.europesays.com\/fr\/wp-json\/wp\/v2\/categories?post=420226"},{"taxonomy":"post_tag","embeddable":true,"href":"https:\/\/www.europesays.com\/fr\/wp-json\/wp\/v2\/tags?post=420226"}],"curies":[{"name":"wp","href":"https:\/\/api.w.org\/{rel}","templated":true}]}}