{"id":420230,"date":"2025-09-27T00:56:19","date_gmt":"2025-09-27T00:56:19","guid":{"rendered":"https:\/\/www.europesays.com\/fr\/420230\/"},"modified":"2025-09-27T00:56:19","modified_gmt":"2025-09-27T00:56:19","slug":"la-mairie-accuse-la-droite-de-plomber-le-commerce-en-presquile","status":"publish","type":"post","link":"https:\/\/www.europesays.com\/fr\/420230\/","title":{"rendered":"la mairie accuse la droite de plomber le commerce en Presqu&rsquo;\u00eele"},"content":{"rendered":"<p>            Par<br \/>\n        <strong><br \/>\n            <a href=\"https:\/\/actu.fr\/auteur\/ludivine-caporal\" title=\"Consulter tous les articles de Ludivine Caporal\" rel=\"nofollow noopener\" target=\"_blank\">Ludivine Caporal<\/a><br \/>\n        <\/strong><\/p>\n<p>        Publi\u00e9 le<\/p>\n<p>            26 sept. 2025 \u00e0 15h57        <\/p>\n<p>Des <a href=\"https:\/\/actu.fr\/auvergne-rhone-alpes\/lyon_69123\/lyon-l-entree-en-campagne-de-jean-michel-aulas-seme-la-pagaille-au-conseil-municipal_63213277.html\" rel=\"nofollow noopener\" target=\"_blank\">d\u00e9bats houleux<\/a> ont anim\u00e9 le conseil municipal de la Ville de Lyon ce jeudi 25\u00a0septembre. Si les \u00e9lus ont vot\u00e9 \u00e0 l\u2019unanimit\u00e9 une aide financi\u00e8re exceptionnelle de <strong>60\u2009000\u00a0\u20ac \u00e0 My Presqu\u2019\u00eele<\/strong>, la droite a malgr\u00e9 tout reproch\u00e9 aux \u00e9cologistes d\u2019avoir \u00ab\u2009musel\u00e9\u2009\u00bb et \u00ab\u2009mis sous perfusion\u2009\u00bb l\u2019association de commer\u00e7ants en difficult\u00e9, \u00ab\u2009remodel\u00e9e en outil de communication pour votre dogmatisme\u2009\u00bb.<br \/>\u00ab\u2009Vous d\u00e9clarez vouloir soutenir les commer\u00e7ants mais vous en \u00eates les fossoyeurs\u2009\u00bb, a-t-il finalement \u00e9t\u00e9 lanc\u00e9 en r\u00e9f\u00e9rence, notamment, \u00e0 l\u2019instauration de la <a href=\"https:\/\/actu.fr\/auvergne-rhone-alpes\/lyon_69123\/lyon-la-zone-a-trafic-limite-deployee-en-presqu-ile-de-nouvelles-bornes-arrivent_63111207.html\" rel=\"nofollow noopener\" target=\"_blank\">Zone \u00e0 Trafic Limit\u00e9 (ZTL)<\/a>. Une accusation balay\u00e9e d\u2019un revers de la main par la majorit\u00e9 qui a d\u00e9cid\u00e9, \u00e0 son tour, de pointer du doigt ses opposants.<\/p>\n<p>\u00ab\u2009Combien de personnes avez-vous d\u00e9courag\u00e9 de venir\u2009?\u2009\u00bb<\/p>\n<p class=\" wall-content\">\u00ab\u2009C\u2019est vous qui faites du mal aux commer\u00e7ants. Vous r\u00e9p\u00e9tez \u00e0 longueur de temps que la Presqu\u2019\u00eele est ferm\u00e9e,\u2009bunk\u00e9ris\u00e9e\u2026 Combien de personnes avez-vous d\u00e9courag\u00e9 de venir dans le centre \u00e0 cause de vos propos\u2009?\u2009\u00bb, s\u2019est rapidement d\u00e9fendue l\u2019adjointe au maire de Lyon en charge du commerce, Camille Augey, face aux \u00e9lus de la droite, d\u00e9sormais soutiens de <a href=\"https:\/\/actu.fr\/auvergne-rhone-alpes\/lyon_69123\/jean-michel-aulas-annonce-sa-candidature-aux-lyonnais-je-veux-vous-rendre-votre-ville_63210061.html\" rel=\"nofollow noopener\" target=\"_blank\">Jean-Michel Aulas<\/a>.<\/p>\n<p class=\" wall-content\">Un point de vue que nous avions par ailleurs recueilli il y a peu du c\u00f4t\u00e9 de certains commer\u00e7ants du centre-ville, <strong>plus discrets<\/strong> que les \u00ab\u2009anti-ZTL\u2009\u00bb.<\/p>\n<p class=\" wall-content\">\u00ab\u2009Leurs m\u00e9thodes sont contre productives. \u00c0 force d\u2019avoir r\u00e9p\u00e9t\u00e9 \u00e0 qui veut l\u2019entendre qu\u2019on ne pouvait plus du tout venir en Presqu\u2019\u00eele, les gens ont fini par le croire sans m\u00eame le voir. C\u2019est stupide, c\u2019est se mettre des b\u00e2tons dans les roues\u2009\u00bb, nous avait-on gliss\u00e9 lors d\u2019un reportage.<\/p>\n<p>Le sujet de la maison Bonnard de nouveau sur la table<\/p>\n<p class=\" wall-content\">\u00c9galement tenus responsables des difficult\u00e9s de l\u2019embl\u00e9matique maison Bonnard, pour laquelle <a href=\"https:\/\/actu.fr\/auvergne-rhone-alpes\/lyon_69123\/lyon-ce-magasin-va-tres-mal-une-manifestation-pour-le-soutenir-et-critiquer-gregory-doucet_63163840.html\" rel=\"nofollow noopener\" target=\"_blank\">une manifestation<\/a> a r\u00e9cemment \u00e9t\u00e9 organis\u00e9e rue Grenette, les \u00e9cologistes ont r\u00e9pondu que les probl\u00e8mes financiers de la boutique ont \u00ab\u2009commenc\u00e9 en 2017, soit bien avant que nous soyons en poste\u2009\u00bb. Information que notre r\u00e9daction a bien \u00e9videmment v\u00e9rifi\u00e9e.<\/p>\n<p class=\" wall-content\">Ces derniers ont aussi souhait\u00e9 rappeler, comme \u00e0 chaque fois qu\u2019ils sont interrog\u00e9s sur le sujet, les facteurs ext\u00e9rieurs contribuant ou ayant contribu\u00e9 \u00e0 la situation actuelle des commerces\u2009: <strong>Covid, crise \u00e9nerg\u00e9tique, E-commerce ou encore prix en hausse des loyers commerciaux.<\/strong><\/p>\n<p class=\" wall-content\">Une probl\u00e9matique pour laquelle Gr\u00e9gory Doucet s\u2019est fra\u00eechement mobilis\u00e9 en adressant une lettre au Premier ministre, S\u00e9bastien Lecornu, afin de lui demander <a href=\"https:\/\/actu.fr\/auvergne-rhone-alpes\/lyon_69123\/lyon-critique-sur-ce-sujet-gregory-doucet-vole-au-secours-des-commercants-et-propose-une-solution_63207197.html\" rel=\"nofollow noopener\" target=\"_blank\">d\u2019autoriser l\u2019encadrement des loyers commerciaux<\/a> en ville.<\/p>\n<p class=\" wall-content\">Personnalisez votre actualit\u00e9 en ajoutant vos villes et m\u00e9dias en favori avec <a href=\"https:\/\/moncompte.actu.fr\" title=\"D\u00e9couvez Mon Actu\" rel=\"nofollow noopener\" data-trk=\"{&quot;cta&quot;:{&quot;action&quot;:&quot;https:\\\/\\\/moncompte.actu.fr&quot;,&quot;category&quot;:&quot;mon compte&quot;,&quot;from&quot;:&quot;article footer&quot;,&quot;name&quot;:&quot;Mon actu&quot;,&quot;type&quot;:&quot;cta&quot;}}\" target=\"_blank\">Mon Actu<\/a>.<\/p>\n","protected":false},"excerpt":{"rendered":"Par Ludivine Caporal Publi\u00e9 le 26 sept. 2025 \u00e0 15h57 Des d\u00e9bats houleux ont anim\u00e9 le conseil municipal&hellip;\n","protected":false},"author":2,"featured_media":420231,"comment_status":"","ping_status":"","sticky":false,"template":"","format":"standard","meta":{"footnotes":""},"categories":[1889],"tags":[1111,11,2430,215,4188,1777,674,1011,27,5226,2428,12,316,2809,25],"class_list":{"0":"post-420230","1":"post","2":"type-post","3":"status-publish","4":"format-standard","5":"has-post-thumbnail","7":"category-lyon","8":"tag-actu","9":"tag-actualites","10":"tag-auvergne-rhone-alpes","11":"tag-commerce","12":"tag-elections-municipales","13":"tag-eu","14":"tag-europe","15":"tag-fr","16":"tag-france","17":"tag-gregory-doucet","18":"tag-lyon","19":"tag-news","20":"tag-politique","21":"tag-presquile","22":"tag-republique-francaise"},"share_on_mastodon":{"url":"https:\/\/pubeurope.com\/@fr\/115273543494724992","error":""},"_links":{"self":[{"href":"https:\/\/www.europesays.com\/fr\/wp-json\/wp\/v2\/posts\/420230","targetHints":{"allow":["GET"]}}],"collection":[{"href":"https:\/\/www.europesays.com\/fr\/wp-json\/wp\/v2\/posts"}],"about":[{"href":"https:\/\/www.europesays.com\/fr\/wp-json\/wp\/v2\/types\/post"}],"author":[{"embeddable":true,"href":"https:\/\/www.europesays.com\/fr\/wp-json\/wp\/v2\/users\/2"}],"replies":[{"embeddable":true,"href":"https:\/\/www.europesays.com\/fr\/wp-json\/wp\/v2\/comments?post=420230"}],"version-history":[{"count":0,"href":"https:\/\/www.europesays.com\/fr\/wp-json\/wp\/v2\/posts\/420230\/revisions"}],"wp:featuredmedia":[{"embeddable":true,"href":"https:\/\/www.europesays.com\/fr\/wp-json\/wp\/v2\/media\/420231"}],"wp:attachment":[{"href":"https:\/\/www.europesays.com\/fr\/wp-json\/wp\/v2\/media?parent=420230"}],"wp:term":[{"taxonomy":"category","embeddable":true,"href":"https:\/\/www.europesays.com\/fr\/wp-json\/wp\/v2\/categories?post=420230"},{"taxonomy":"post_tag","embeddable":true,"href":"https:\/\/www.europesays.com\/fr\/wp-json\/wp\/v2\/tags?post=420230"}],"curies":[{"name":"wp","href":"https:\/\/api.w.org\/{rel}","templated":true}]}}