{"id":420235,"date":"2025-09-27T01:00:16","date_gmt":"2025-09-27T01:00:16","guid":{"rendered":"https:\/\/www.europesays.com\/fr\/420235\/"},"modified":"2025-09-27T01:00:16","modified_gmt":"2025-09-27T01:00:16","slug":"les-oreilles-de-lotan-en-plein-ocean-arctique","status":"publish","type":"post","link":"https:\/\/www.europesays.com\/fr\/420235\/","title":{"rendered":"les oreilles de l&rsquo;Otan en plein oc\u00e9an Arctique"},"content":{"rendered":"<p>            lire plus tard<\/p>\n<p id=\"dialog__title\" class=\"dialog__title\">Pour sauvegarder cet article, connectez-vous ou cr\u00e9ez un compte franceinfo<\/p>\n<p class=\"dialog__description\">Sans paiement. Sans abonnement.<\/p>\n<p>        Fermer la fen\u00eatre d\u2019activation des notifications France Info<\/p>\n<p>            cr\u00e9er votre compte<\/p>\n<p>            se connecter<\/p>\n<p>        Fermer la fen\u00eatre de pr\u00e9sentation<\/p>\n<p>    Publi\u00e9 le 26\/09\/2025 23:52<\/p>\n<p>        Temps de lecture : 3min &#8211; vid\u00e9o : 3min<\/p>\n<p>    <img decoding=\"async\" class=\"francetv-player-wrapper__image\" alt=\"Les \u00e9quipes de France T\u00e9l\u00e9vision ont pu embarquer \u00e0 bord d\u2019un navire de l\u2019Otan dans l\u2019Oc\u00e9an Arctique, sur lequel se trouvait notamment un Fran\u00e7ais. Son m\u00e9tier : \u00e9couter le moindre bruit au fond des mers. Il tente d\u2019y entendre des sous-marins, mais la fonte des glaces perturbe les ondes sonores.\"  width=\"432\" height=\"243\" src=\"https:\/\/www.europesays.com\/fr\/wp-content\/uploads\/2025\/09\/les-oreilles-de-l-otan-en-pleine-mer-20h-2609-68d704bbbfaac659550803.jpg\" fetchpriority=\"high\"\/><\/p>\n<p>              Les \u00e9quipes de France T\u00e9l\u00e9vision ont pu embarquer \u00e0 bord d\u2019un navire de l\u2019Otan dans l\u2019Oc\u00e9an Arctique, sur lequel se trouvait notamment un Fran\u00e7ais. Son m\u00e9tier : \u00e9couter le moindre bruit au fond des mers. Il tente d\u2019y entendre des sous-marins, mais la fonte des glaces perturbe les ondes sonores.<br \/>\n                    (France 2)<\/p>\n<p>      3min<\/p>\n<p>\n  Les \u00e9quipes de France T\u00e9l\u00e9vision ont pu embarquer \u00e0 bord d\u2019un navire de l\u2019Otan dans l\u2019Oc\u00e9an Arctique, sur lequel se trouvait notamment un Fran\u00e7ais. Son m\u00e9tier : \u00e9couter le moindre bruit au fond des mers. Il tente d\u2019y entendre des sous-marins, mais la fonte des glaces perturbe les ondes sonores.\n<\/p>\n<p><strong>Ce texte correspond \u00e0 une partie de la retranscription du reportage ci-dessus. Cliquez sur la vid\u00e9o pour la regarder en int\u00e9gralit\u00e9.<\/strong><\/p>\n<p>Depuis la base navale de La Spezia, en Italie, c&rsquo;est une mission sp\u00e9ciale qui va prendre le large. Le navire de recherche <a href=\"https:\/\/www.franceinfo.fr\/monde\/otan\/\" data-tooltip-url=\"https:\/\/www.franceinfo.fr\/monde\/otan\/\" rel=\"nofollow noopener\" target=\"_blank\">de l&rsquo;Otan<\/a>, l&rsquo;Alliance, s&rsquo;appr\u00eate \u00e0 chasser les sous-marins en sondant les profondeurs. \u00ab\u00a0Ce navire est particulier, il est extr\u00eamement silencieux. Il a des propri\u00e9t\u00e9s acoustiques hors norme. On n&rsquo;entend rien \u00e0 bord. On peut \u00e9couter, on peut utiliser des sonars sans \u00eatre ennuy\u00e9s par le bruit des moteurs\u00a0\u00bb, d\u00e9crit Eric Pouliquen, directeur du CRME (Centre de recherche et d&rsquo;exp\u00e9rimentation maritimes).<\/p>\n<p>\u00c0 la passerelle, c&rsquo;est la marine italienne qui man\u0153uvre. Pendant quatre mois, le bateau va sillonner l&rsquo;oc\u00e9an Arctique, dans des lieux strat\u00e9giques o\u00f9 les sous-marins russes ont pris leurs habitudes. \u00ab\u00a0On est dans une situation de tension, de retour \u00e0 une sorte de guerre froide, malheureusement. Vous avez vu dans la presse de nombreux articles qui parlent d&rsquo;attaques, d&rsquo;actes de sabotage sur les infrastructures sous-marines. On comprend bien que certaines personnes, certains pays, testent leur capacit\u00e9 \u00e0 r\u00e9pondre \u00e0 ce genre d&rsquo;attaque\u00a0\u00bb, ajoute Eric Pouliquen.<\/p>\n<p>\u00c0 l&rsquo;int\u00e9rieur, un laboratoire confidentiel truff\u00e9 de micros ultra-sophistiqu\u00e9s. Ils seront plong\u00e9s dans la glace pour comprendre comment les sons s&rsquo;y d\u00e9placent. La temp\u00e9rature de l&rsquo;eau, notamment, impacte la propagation du son. \u00ab\u00a0Le capitaine nous a emmen\u00e9s au milieu du champ de glace, en plein brouillard. Fantastique, il est trop fort. Nous avons d\u00fb slalomer entre les icebergs\u00a0\u00bb, explique Gaultier Real, chef de mission scientifique et acousticien.<\/p>\n<p>\u00c0 moins de 1000 kilom\u00e8tres du p\u00f4le Nord, le navire va tester son arme secr\u00e8te : Polaris. C&rsquo;est la derni\u00e8re invention de son laboratoire. Des capteurs sensibles vont \u00eatre plac\u00e9s \u00e0 diff\u00e9rentes profondeurs sur des centaines de m\u00e8tres. Une sorte de filet g\u00e9ant pour pi\u00e9ger les sons des autres navires.<\/p>\n<p>\u00ab\u00a0L\u00e0, on vient de mettre Polaris. Elle envoie des messages par satellite pour dire qu&rsquo;elle enregistre, qu&rsquo;elle a toujours de la batterie et pour dire o\u00f9 elle est. Du moment qu&rsquo;on re\u00e7oit ces messages, \u00e7a veut dire que tout va bien. Chaque bateau a ce qu&rsquo;on appelle sa signature acoustique\u00a0\u00bb, poursuit Gaultier Real. \u00ab\u00a0Ces signatures acoustiques sont li\u00e9es en particulier \u00e0 l&rsquo;architecture du bateau. Il fait du bruit parce qu&rsquo;il se d\u00e9place, parce qu&rsquo;il d\u00e9place des masses d&rsquo;eau, parce qu&rsquo;il a un moteur qui tourne, parce qu&rsquo;il y a de l&rsquo;activit\u00e9, il y a de la vie \u00e0 bord, il y a des choses qui se passent. C&rsquo;est un peu comme une esp\u00e8ce d&rsquo;enqu\u00eate qui se m\u00e8ne. Il faut comprendre que chasser un sous-marin, c&rsquo;est traquer des bateaux qui sont con\u00e7us pour \u00eatre le plus discrets possible. La plupart du temps, ils sont faits pour se cacher dans le bruit ambiant. Ils font moins de bruit que celui-ci.\u00a0\u00bb<\/p>\n<p>Qui est l\u00e0 en dessous, cach\u00e9 sous la glace ? Il faudra des semaines d&rsquo;\u00e9coute et d&rsquo;analyse pour r\u00e9v\u00e9ler les secrets des abysses.<\/p>\n","protected":false},"excerpt":{"rendered":"lire plus tard Pour sauvegarder cet article, connectez-vous ou cr\u00e9ez un compte franceinfo Sans paiement. Sans abonnement. Fermer&hellip;\n","protected":false},"author":2,"featured_media":420236,"comment_status":"","ping_status":"","sticky":false,"template":"","format":"standard","meta":{"footnotes":""},"categories":[1888],"tags":[1111,1928,11,1927,1777,674,1011,27,12,1926,626,1925,25],"class_list":{"0":"post-420235","1":"post","2":"type-post","3":"status-publish","4":"format-standard","5":"has-post-thumbnail","7":"category-paris","8":"tag-actu","9":"tag-actu-paris","10":"tag-actualites","11":"tag-actualites-paris","12":"tag-eu","13":"tag-europe","14":"tag-fr","15":"tag-france","16":"tag-news","17":"tag-news-paris","18":"tag-paris","19":"tag-paris-news","20":"tag-republique-francaise"},"share_on_mastodon":{"url":"https:\/\/pubeurope.com\/@fr\/115273559260212205","error":""},"_links":{"self":[{"href":"https:\/\/www.europesays.com\/fr\/wp-json\/wp\/v2\/posts\/420235","targetHints":{"allow":["GET"]}}],"collection":[{"href":"https:\/\/www.europesays.com\/fr\/wp-json\/wp\/v2\/posts"}],"about":[{"href":"https:\/\/www.europesays.com\/fr\/wp-json\/wp\/v2\/types\/post"}],"author":[{"embeddable":true,"href":"https:\/\/www.europesays.com\/fr\/wp-json\/wp\/v2\/users\/2"}],"replies":[{"embeddable":true,"href":"https:\/\/www.europesays.com\/fr\/wp-json\/wp\/v2\/comments?post=420235"}],"version-history":[{"count":0,"href":"https:\/\/www.europesays.com\/fr\/wp-json\/wp\/v2\/posts\/420235\/revisions"}],"wp:featuredmedia":[{"embeddable":true,"href":"https:\/\/www.europesays.com\/fr\/wp-json\/wp\/v2\/media\/420236"}],"wp:attachment":[{"href":"https:\/\/www.europesays.com\/fr\/wp-json\/wp\/v2\/media?parent=420235"}],"wp:term":[{"taxonomy":"category","embeddable":true,"href":"https:\/\/www.europesays.com\/fr\/wp-json\/wp\/v2\/categories?post=420235"},{"taxonomy":"post_tag","embeddable":true,"href":"https:\/\/www.europesays.com\/fr\/wp-json\/wp\/v2\/tags?post=420235"}],"curies":[{"name":"wp","href":"https:\/\/api.w.org\/{rel}","templated":true}]}}