{"id":420237,"date":"2025-09-27T01:01:24","date_gmt":"2025-09-27T01:01:24","guid":{"rendered":"https:\/\/www.europesays.com\/fr\/420237\/"},"modified":"2025-09-27T01:01:24","modified_gmt":"2025-09-27T01:01:24","slug":"je-me-suis-senti-en-danger-bagarre-mortelle-a-la-sortie-dun-bar-gay-du-marais","status":"publish","type":"post","link":"https:\/\/www.europesays.com\/fr\/420237\/","title":{"rendered":"\u00ab\u00a0Je me suis senti en danger\u00a0\u00bb\u00a0: bagarre mortelle \u00e0 la sortie d\u2019un bar gay du Marais"},"content":{"rendered":"<p class=\"paragraph text_align_left lp-f-body-02\">Un steward, \u00e2g\u00e9 de 40 ans, a \u00e9t\u00e9 mis en examen, dimanche 21 septembre \u00e0 Paris, pour meurtre en \u00e9tat d\u2019ivresse, avant d\u2019\u00eatre \u00e9crou\u00e9. Il est soup\u00e7onn\u00e9 d\u2019avoir, durant la nuit de samedi \u00e0 dimanche, battu \u00e0 mort le client <a href=\"https:\/\/www.leparisien.fr\/paris-75\/le-marais-gay-nest-plus-ce-quil-etait-le-fameux-quartier-lgbtqia-de-paris-a-t-il-perdu-son-ame-15-06-2025-R7WTHEWRKRHFHGC2HHGVQXBUUY.php\" target=\"_self\" rel=\"nofollow noopener\">d\u2019un bar gay du Marais<\/a>, \u00e2g\u00e9 de 32 ans, avec lequel il avait eu une altercation.<\/p>\n<p class=\"paragraph text_align_left lp-f-body-02\">Il est 6h05 ce samedi 20 septembre quand les secours sont appel\u00e9s rue Michel Le Comte (IIIe) pour venir en aide \u00e0 un homme qui a perdu connaissance \u00e0 la suite d\u2019une rixe qui a \u00e9clat\u00e9 \u00e0 la sortie d\u2019un bar du quartier. Quand les pompiers et les policiers interviennent, la victime g\u00eet sur le sol. Le trentenaire est en arr\u00eat cardiorespiratoire et son visage est couvert de sang. Il est aussit\u00f4t pris en charge par une \u00e9quipe m\u00e9dicale qui le conduit \u00e0 l\u2019h\u00f4pital de la Piti\u00e9-Salp\u00eatri\u00e8re (XIIIe). L\u2019homme y d\u00e9c\u00e9dera dans la journ\u00e9e. \u00ab Il a \u00e9t\u00e9 d\u00e9clar\u00e9 en \u00e9tat de mort c\u00e9r\u00e9brale \u00e0 11h48 le samedi \u00bb, pr\u00e9cise une source proche de l\u2019affaire.<\/p>\n","protected":false},"excerpt":{"rendered":"Un steward, \u00e2g\u00e9 de 40 ans, a \u00e9t\u00e9 mis en examen, dimanche 21 septembre \u00e0 Paris, pour meurtre&hellip;\n","protected":false},"author":2,"featured_media":420238,"comment_status":"","ping_status":"","sticky":false,"template":"","format":"standard","meta":{"footnotes":""},"categories":[1888],"tags":[1111,1928,11,1927,1777,674,118,1011,27,12,1926,626,1925,25],"class_list":{"0":"post-420237","1":"post","2":"type-post","3":"status-publish","4":"format-standard","5":"has-post-thumbnail","7":"category-paris","8":"tag-actu","9":"tag-actu-paris","10":"tag-actualites","11":"tag-actualites-paris","12":"tag-eu","13":"tag-europe","14":"tag-faits-divers","15":"tag-fr","16":"tag-france","17":"tag-news","18":"tag-news-paris","19":"tag-paris","20":"tag-paris-news","21":"tag-republique-francaise"},"share_on_mastodon":{"url":"https:\/\/pubeurope.com\/@fr\/115273563082159962","error":""},"_links":{"self":[{"href":"https:\/\/www.europesays.com\/fr\/wp-json\/wp\/v2\/posts\/420237","targetHints":{"allow":["GET"]}}],"collection":[{"href":"https:\/\/www.europesays.com\/fr\/wp-json\/wp\/v2\/posts"}],"about":[{"href":"https:\/\/www.europesays.com\/fr\/wp-json\/wp\/v2\/types\/post"}],"author":[{"embeddable":true,"href":"https:\/\/www.europesays.com\/fr\/wp-json\/wp\/v2\/users\/2"}],"replies":[{"embeddable":true,"href":"https:\/\/www.europesays.com\/fr\/wp-json\/wp\/v2\/comments?post=420237"}],"version-history":[{"count":0,"href":"https:\/\/www.europesays.com\/fr\/wp-json\/wp\/v2\/posts\/420237\/revisions"}],"wp:featuredmedia":[{"embeddable":true,"href":"https:\/\/www.europesays.com\/fr\/wp-json\/wp\/v2\/media\/420238"}],"wp:attachment":[{"href":"https:\/\/www.europesays.com\/fr\/wp-json\/wp\/v2\/media?parent=420237"}],"wp:term":[{"taxonomy":"category","embeddable":true,"href":"https:\/\/www.europesays.com\/fr\/wp-json\/wp\/v2\/categories?post=420237"},{"taxonomy":"post_tag","embeddable":true,"href":"https:\/\/www.europesays.com\/fr\/wp-json\/wp\/v2\/tags?post=420237"}],"curies":[{"name":"wp","href":"https:\/\/api.w.org\/{rel}","templated":true}]}}