{"id":420245,"date":"2025-09-27T01:05:22","date_gmt":"2025-09-27T01:05:22","guid":{"rendered":"https:\/\/www.europesays.com\/fr\/420245\/"},"modified":"2025-09-27T01:05:22","modified_gmt":"2025-09-27T01:05:22","slug":"les-elections-legislatives-en-moldavie-un-test-pour-lukraine-et-pour-toute-leurope-2","status":"publish","type":"post","link":"https:\/\/www.europesays.com\/fr\/420245\/","title":{"rendered":"Les \u00e9lections l\u00e9gislatives en Moldavie, un \u201ctest\u201d pour l\u2019Ukraine et pour toute l\u2019Europe"},"content":{"rendered":"\n<p>Les prochaines \u00e9lections moldaves \u201cne sont pas seulement un test pour la Moldavie elle-m\u00eame, <a href=\"https:\/\/tsn.ua\/svit\/znovu-miz-rf-ta-yes-parlamentski-vybory-v-moldovi-pered-iakymy-ryzykamy-moze-postaty-ukrayina-2920016.html\" target=\"_blank\" rel=\"noopener\">constate, sur son site, l\u2019\u00e9mission d\u2019information <strong>TSN<\/strong><\/a><strong>,<\/strong> mais pour toute la r\u00e9gion\u201d. Le Parti action et solidarit\u00e9 (PAS), le parti de la pr\u00e9sidente de la R\u00e9publique, la proeurop\u00e9enne Maia\u00a0Sandu, est soutenu d\u2019un point de vue moral et financier par Bruxelles, <a href=\"https:\/\/www.courrierinternational.com\/article\/diplomatie-macron-merz-et-tusk-debarquent-en-moldavie-pour-soutenir-la-presidente-pro-ue_234454\" target=\"_blank\" rel=\"noopener\">ce qu\u2019a rappel\u00e9 la visite \u00e9clair<\/a> du pr\u00e9sident fran\u00e7ais, du chancelier allemand et du Premier ministre polonais dans la capitale moldave, fin ao\u00fbt. Or, s\u2019il \u201cne parvient pas \u00e0 s\u2019assurer une majorit\u00e9 au nouveau Parlement [lors du scrutin parlementaire du 28\u00a0septembre], ce qui para\u00eet probable d\u2019apr\u00e8s les sondages, les forces prorusses pourraient purement et simplement saboter l\u2019int\u00e9gration europ\u00e9enne du pays\u201d.<\/p>\n<p>                                      <a href=\"https:\/\/focus.courrierinternational.com\/2024\/03\/08\/0\/0\/2000\/1435\/1280\/0\/60\/0\/5baf263_1709906784318-web20240308ukraineodessa.png\" data-pswp-width=\"1280\" data-pswp-height=\"918\" target=\"_blank\" rel=\"noopener\">        <img decoding=\"async\" loading=\"lazy\" onerror=\"this.classList.add(`img--error`)\" src=\"https:\/\/www.europesays.com\/fr\/wp-content\/uploads\/2025\/09\/5baf263_1709906784318-web20240308ukraineodessa.png\"  width=\"640\" height=\"459\" alt=\"Photo\"\/>     <\/a>       COURRIER INTERNATIONAL               <\/p>\n<p>Ces \u00e9lections, poursuit TSN, \u201cconstituent un d\u00e9fi capital pour Kiev\u201d. L\u2019Ukraine, <a class=\"ithalc\" data-ithal=\"lien_externe\" data-ithalc=\"[nav_article]\" target=\"_blank\" href=\"https:\/\/www.bbc.com\/ukrainian\/articles\/czdjqy8599ro\" rel=\"noopener\">affirme pour sa part la version ukrainienne de la <strong>BBC<\/strong><\/a><strong>,<\/strong> doit donc absolument \u201csuivre les \u00e9lections en Moldavie\u201d, car elles sont \u201cd\u2019une importance historique, pour Chisinau, mais aussi pour Kiev et pour l\u2019Europe. Un changement hypoth\u00e9tique de pouvoir entra\u00eenerait un ralentissement de l\u2019int\u00e9gration europ\u00e9enne, et cela poserait automatiquement un probl\u00e8me \u00e0 Kiev.\u201d Ce que le pr\u00e9sident ukrainien, Volodymyr Zelensky, a clairement exprim\u00e9 \u00e0 la tribune de l\u2019Assembl\u00e9e g\u00e9n\u00e9rale des Nations\u00a0unies le 24\u00a0septembre, en d\u00e9clarant\u00a0:<\/p>\n<blockquote><p>\u201cL\u2019Europe ne peut pas se permettre de perdre la Moldavie comme elle a perdu la Bi\u00e9lorussie et la G\u00e9orgie.\u201d<\/p><\/blockquote>\n<p>L\u2019exemple g\u00e9orgien est \u00e9voqu\u00e9 par plusieurs commentateurs, comme le politologue Oleksiy\u00a0Holoboutskiy, <a class=\"ithalc\" data-ithal=\"lien_externe\" data-ithalc=\"[nav_article]\" target=\"_blank\" href=\"https:\/\/glavcom.ua\/columns\/golobutskyi\/vibori-u-moldovi-ukrajini-treba-hotuvatis-do-1080135.html\" rel=\"noopener\">qui \u00e9crit pour le portail d\u2019information <strong>Glavkom<\/strong><\/a><strong>.<\/strong> Si le parti de Sandu l\u2019emporte, des manifestations massives \u201csont sans aucun doute d\u00e9j\u00e0 planifi\u00e9es\u201d, pr\u00e9vient-il. L\u2019auteur en veut pour preuve \u201cles activit\u00e9s des services secrets russes, qui ont cr\u00e9\u00e9 des camps pour pr\u00e9parer leurs agents, et les activit\u00e9s avant tout financi\u00e8res d\u2019Ilan\u00a0Sor\u201d, sulfureux oligarque moldave actuellement r\u00e9fugi\u00e9 \u00e0 Moscou. \u201cN\u2019oublions pas le r\u00f4le majeur jou\u00e9 en G\u00e9orgie par Bidzina\u00a0Ivanichvili, oligarque prorusse, et son parti, R\u00eave g\u00e9orgien\u201d, rappelle Holoubitskiy.<\/p>\n<p>                    La crainte d\u2019un deuxi\u00e8me front       <\/p>\n<p>Le politologue redoute que la situation ne soit \u201cencore pire en Moldavie\u201d, o\u00f9 la Russie pourrait \u201cessayer de d\u00e9clencher une insurrection, tr\u00e8s vraisemblablement arm\u00e9e\u201d. Toute tentative de d\u00e9stabilisation de la Moldavie pourrait avoir de graves cons\u00e9quences pour l\u2019Ukraine, confirme TSN. \u201cOutre le fait que Chisinau est notre \u2018partenaire\u2019 sur la voie de l\u2019int\u00e9gration europ\u00e9enne, c\u2019est par la Moldavie que nous importons du carburant, entre autres du diesel, et que nous exportons une partie de notre production agricole.\u201d<\/p>\n<p>\u00c0 cela s\u2019ajoute la question de la Transnistrie, r\u00e9gion prorusse non reconnue situ\u00e9e le long de la fronti\u00e8re ukrainienne. Or, souligne TSN\u00a0:<\/p>\n<blockquote><p>\u201cIl ne faut pas oublier qu\u2019en Transnistrie occup\u00e9e, un groupe op\u00e9rationnel russe de 1\u00a0000\u00a0hommes est toujours d\u00e9ploy\u00e9 \u2013\u00a0les h\u00e9ritiers de la XIVe\u00a0arm\u00e9e sovi\u00e9tique\u00a0\u2013, ainsi que 500 soldats de leurs forces de \u2018maintien de la paix\u2019.\u201d<\/p><\/blockquote>\n<p>Pour l\u2019Ukraine, \u201cla Moldavie est une source de risques\u201d, <a class=\"ithalc\" data-ithal=\"lien_externe\" data-ithalc=\"[nav_article]\" target=\"_blank\" href=\"https:\/\/socportal.info\/ua\/news\/moldova-stvoriue-riziki-dlya-ukraini\/\" rel=\"noopener\">confirme le portail d\u2019information <strong>Sotsportal<\/strong><\/a><strong>.<\/strong> Le Kremlin n\u2019y \u0153uvre \u201cpas seulement au retour d\u2019un pouvoir prorusse, mais aussi au d\u00e9veloppement d\u2019un sc\u00e9nario \u2018hybride\u2019, qui pourrait inclure des provocations autour de la Transnistrie et d\u2019autres escalades qui pourraient ais\u00e9ment justifier une intervention\u201d, ce qui repr\u00e9sente \u201cun danger bien r\u00e9el pour Kiev\u201d.<\/p>\n<p>M\u00eame inqui\u00e9tude du c\u00f4t\u00e9 d\u2019Oleksiy Holoboutskiy, qui \u00e9crit pour Glavkom\u00a0: \u201cSi les Russes reprennent le contr\u00f4le de la Moldavie, il est pratiquement garanti pour nous qu\u2019ils vont ouvrir un deuxi\u00e8me front\u00a0du c\u00f4t\u00e9 de la r\u00e9gion d\u2019Odessa.\u201d L\u2019arm\u00e9e ukrainienne \u201ca fait \u00e9chouer les projets de Poutine de s\u2019emparer d\u2019Odessa et ainsi d\u2019\u00e9tablir un couloir jusqu\u2019\u00e0 la Transnistrie. Mais cela ne signifie pas que le Kremlin a renonc\u00e9 \u00e0 cette id\u00e9e\u201d, avertit TSN.<\/p>\n","protected":false},"excerpt":{"rendered":"Les prochaines \u00e9lections moldaves \u201cne sont pas seulement un test pour la Moldavie elle-m\u00eame, constate, sur son site,&hellip;\n","protected":false},"author":2,"featured_media":420246,"comment_status":"","ping_status":"","sticky":false,"template":"","format":"standard","meta":{"footnotes":""},"categories":[1590],"tags":[11,1777,674,1892,131,11095,12,316,220,2475],"class_list":{"0":"post-420245","1":"post","2":"type-post","3":"status-publish","4":"format-standard","5":"has-post-thumbnail","7":"category-ukraine","8":"tag-actualites","9":"tag-eu","10":"tag-europe","11":"tag-gu00e9opolitique","12":"tag-guerre-en-ukraine","13":"tag-moldavie","14":"tag-news","15":"tag-politique","16":"tag-ukraine","17":"tag-union-europu00e9enne"},"share_on_mastodon":{"url":"https:\/\/pubeurope.com\/@fr\/115273578931987557","error":""},"_links":{"self":[{"href":"https:\/\/www.europesays.com\/fr\/wp-json\/wp\/v2\/posts\/420245","targetHints":{"allow":["GET"]}}],"collection":[{"href":"https:\/\/www.europesays.com\/fr\/wp-json\/wp\/v2\/posts"}],"about":[{"href":"https:\/\/www.europesays.com\/fr\/wp-json\/wp\/v2\/types\/post"}],"author":[{"embeddable":true,"href":"https:\/\/www.europesays.com\/fr\/wp-json\/wp\/v2\/users\/2"}],"replies":[{"embeddable":true,"href":"https:\/\/www.europesays.com\/fr\/wp-json\/wp\/v2\/comments?post=420245"}],"version-history":[{"count":0,"href":"https:\/\/www.europesays.com\/fr\/wp-json\/wp\/v2\/posts\/420245\/revisions"}],"wp:featuredmedia":[{"embeddable":true,"href":"https:\/\/www.europesays.com\/fr\/wp-json\/wp\/v2\/media\/420246"}],"wp:attachment":[{"href":"https:\/\/www.europesays.com\/fr\/wp-json\/wp\/v2\/media?parent=420245"}],"wp:term":[{"taxonomy":"category","embeddable":true,"href":"https:\/\/www.europesays.com\/fr\/wp-json\/wp\/v2\/categories?post=420245"},{"taxonomy":"post_tag","embeddable":true,"href":"https:\/\/www.europesays.com\/fr\/wp-json\/wp\/v2\/tags?post=420245"}],"curies":[{"name":"wp","href":"https:\/\/api.w.org\/{rel}","templated":true}]}}