{"id":420247,"date":"2025-09-27T01:07:13","date_gmt":"2025-09-27T01:07:13","guid":{"rendered":"https:\/\/www.europesays.com\/fr\/420247\/"},"modified":"2025-09-27T01:07:13","modified_gmt":"2025-09-27T01:07:13","slug":"usa-la-cour-supreme-autorise-trump-a-bloquer-4-mds-daide-etrangere-27-09-2025-a-0042","status":"publish","type":"post","link":"https:\/\/www.europesays.com\/fr\/420247\/","title":{"rendered":"USA-La Cour supr\u00eame autorise Trump \u00e0 bloquer $4 mds d&rsquo;aide \u00e9trang\u00e8re &#8211; 27\/09\/2025 \u00e0 00:42"},"content":{"rendered":"<p>\n par John Kruzel\n<\/p>\n<p>\n La Cour supr\u00eame des<br \/>\nEtats-Unis s&rsquo;est \u00e0 nouveau rang\u00e9e vendredi du c\u00f4t\u00e9 de Donald<br \/>\nTrump, autorisant son administration \u00e0 bloquer environ quatre<br \/>\nmilliards de dollars d&rsquo;aide \u00e9trang\u00e8re autoris\u00e9e par le Congr\u00e8s<br \/>\npour l&rsquo;exercice fiscal en cours, le pr\u00e9sident souhaitant mettre<br \/>\nen oeuvre son programme \u00ab\u00a0L&rsquo;Am\u00e9rique d&rsquo;abord\u00a0\u00bb.\n<\/p>\n<p>\n Les juges ont bloqu\u00e9 l&rsquo;ordonnance du juge de district Amir<br \/>\nAli, bas\u00e9 \u00e0 Washington, qui avait ordonn\u00e9 \u00e0 l&rsquo;administration de<br \/>\nprendre rapidement des mesures pour d\u00e9bloquer cette aide. La<br \/>\nd\u00e9cision du juge Amir Ali est intervenue dans le cadre d&rsquo;une<br \/>\naction en justice intent\u00e9e par des groupes d&rsquo;aide qui<br \/>\ncontestaient l&rsquo;action de l&rsquo;administration am\u00e9ricaine.\n<\/p>\n<p>\n Le litige porte sur la question de savoir dans quelle mesure<br \/>\nun pr\u00e9sident a le pouvoir d&rsquo;annuler des fonds allou\u00e9s par le<br \/>\nCongr\u00e8s \u00e0 des programmes qui ne sont pas conformes \u00e0 sa<br \/>\npolitique.\n<\/p>\n<p>\n L&rsquo;administration am\u00e9ricaine a d\u00e9clar\u00e9 dans les documents de<br \/>\nproc\u00e9dure que les fonds concern\u00e9s \u00e9taient \u00ab\u00a0contraires \u00e0 la<br \/>\npolitique \u00e9trang\u00e8re des Etats-Unis\u00a0\u00bb, refl\u00e9tant les initiatives<br \/>\nde Donald Trump pour r\u00e9duire l&rsquo;aide am\u00e9ricaine \u00e0 l&rsquo;\u00e9tranger dans<br \/>\nle cadre de son programme \u00ab\u00a0L&rsquo;Am\u00e9rique d&rsquo;abord\u00a0\u00bb.\n<\/p>\n<p>\n Donald Trump a \u00e9galement entrepris de d\u00e9manteler l&rsquo;Agence<br \/>\nam\u00e9ricaine pour le d\u00e9veloppement international (USAID), la<br \/>\nprincipale agence am\u00e9ricaine d&rsquo;aide \u00e0 l&rsquo;\u00e9tranger.\n<\/p>\n<p>\n L&rsquo;exercice fiscal 2025 de l&rsquo;administration am\u00e9ricaine<br \/>\ns&rsquo;ach\u00e8ve le 30 septembre. Les quatre milliards de dollars<br \/>\n\u00e9taient destin\u00e9s par le Congr\u00e8s \u00e0 l&rsquo;aide \u00e9trang\u00e8re, aux<br \/>\nop\u00e9rations de maintien de la paix des Nations unies et aux<br \/>\nefforts de promotion de la d\u00e9mocratie \u00e0 l&rsquo;\u00e9tranger.\n<\/p>\n<p>\n (Reportage John Kruzel; version fran\u00e7aise Claude Chendjou)<\/p>\n","protected":false},"excerpt":{"rendered":"par John Kruzel La Cour supr\u00eame des Etats-Unis s&rsquo;est \u00e0 nouveau rang\u00e9e vendredi du c\u00f4t\u00e9 de Donald Trump,&hellip;\n","protected":false},"author":2,"featured_media":2486,"comment_status":"","ping_status":"","sticky":false,"template":"","format":"standard","meta":{"footnotes":""},"categories":[1589],"tags":[400,11,398,408,405,73,1866,403,402,399,404,12,401,406,1864,1865,1863,308,407],"class_list":{"0":"post-420247","1":"post","2":"type-post","3":"status-publish","4":"format-standard","5":"has-post-thumbnail","7":"category-etats-unis","8":"tag-action-cac-40","9":"tag-actualites","10":"tag-bourse-de-paris","11":"tag-boursorama","12":"tag-cotations","13":"tag-etats-unis","14":"tag-etats-unis-damerique","15":"tag-indices-devises","16":"tag-investir","17":"tag-investissement","18":"tag-marche-boursier","19":"tag-news","20":"tag-sicav","21":"tag-trackers","22":"tag-united-states","23":"tag-united-states-of-america","24":"tag-us","25":"tag-usa","26":"tag-warrants"},"share_on_mastodon":{"url":"https:\/\/pubeurope.com\/@fr\/115273586614887993","error":""},"_links":{"self":[{"href":"https:\/\/www.europesays.com\/fr\/wp-json\/wp\/v2\/posts\/420247","targetHints":{"allow":["GET"]}}],"collection":[{"href":"https:\/\/www.europesays.com\/fr\/wp-json\/wp\/v2\/posts"}],"about":[{"href":"https:\/\/www.europesays.com\/fr\/wp-json\/wp\/v2\/types\/post"}],"author":[{"embeddable":true,"href":"https:\/\/www.europesays.com\/fr\/wp-json\/wp\/v2\/users\/2"}],"replies":[{"embeddable":true,"href":"https:\/\/www.europesays.com\/fr\/wp-json\/wp\/v2\/comments?post=420247"}],"version-history":[{"count":0,"href":"https:\/\/www.europesays.com\/fr\/wp-json\/wp\/v2\/posts\/420247\/revisions"}],"wp:featuredmedia":[{"embeddable":true,"href":"https:\/\/www.europesays.com\/fr\/wp-json\/wp\/v2\/media\/2486"}],"wp:attachment":[{"href":"https:\/\/www.europesays.com\/fr\/wp-json\/wp\/v2\/media?parent=420247"}],"wp:term":[{"taxonomy":"category","embeddable":true,"href":"https:\/\/www.europesays.com\/fr\/wp-json\/wp\/v2\/categories?post=420247"},{"taxonomy":"post_tag","embeddable":true,"href":"https:\/\/www.europesays.com\/fr\/wp-json\/wp\/v2\/tags?post=420247"}],"curies":[{"name":"wp","href":"https:\/\/api.w.org\/{rel}","templated":true}]}}