{"id":420253,"date":"2025-09-27T01:11:10","date_gmt":"2025-09-27T01:11:10","guid":{"rendered":"https:\/\/www.europesays.com\/fr\/420253\/"},"modified":"2025-09-27T01:11:10","modified_gmt":"2025-09-27T01:11:10","slug":"chat-control-vers-une-surveillance-de-masse-au-coeur-de-lunion-europeenne","status":"publish","type":"post","link":"https:\/\/www.europesays.com\/fr\/420253\/","title":{"rendered":"Chat Control : vers une surveillance de masse au c\u0153ur de l\u2019Union europ\u00e9enne ?"},"content":{"rendered":"<p><strong>En r\u00e9sum\u00e9 :<\/strong><\/p>\n<ul>\n<li><strong>Un pro\u00adjet total\u00adi\u00adtaire :<\/strong> le r\u00e8gle\u00adment Chat Con\u00adtrol (CSAR) impose aux mes\u00adsageries de scan\u00adner tous les mes\u00adsages, m\u00eame chiffr\u00e9s, via du <strong>client-side scan\u00adning<\/strong>.<\/li>\n<li><strong>Un risque \u00e9norme :<\/strong> soit-dis\u00adant pro\u00adt\u00e9ger les enfants, mais au prix de faux posi\u00adtifs mas\u00adsifs (jusqu\u2019\u00e0 20 % en Irlande, selon The Guardian) et d\u2019un pr\u00e9c\u00e9\u00addent qui pour\u00adrait s\u2019\u00e9tendre <strong>aux opin\u00adions poli\u00adtiques ou sociales<\/strong>.<\/li>\n<li><strong>Un tol\u00adl\u00e9 g\u00e9n\u00e9ral :<\/strong> cri\u00adtiques du Ser\u00advice juridique du Con\u00adseil de l\u2019UE et de l\u2019EDPS, mobil\u00adi\u00adsa\u00adtion citoyenne (Stop Scan\u00adning Me), men\u00adaces de retrait de Sig\u00adnal et Three\u00adma, et con\u00adtes\u00adta\u00adtions m\u00e9diatiques.<\/li>\n<li><strong>Un para\u00addoxe europ\u00e9en :<\/strong> l\u2019UE, cham\u00adpi\u00adonne auto\u00adproclam\u00e9e de la vie priv\u00e9e (RGPD), s\u2019appr\u00eate \u00e0 <strong>l\u00e9galis\u00ader une sur\u00adveil\u00adlance g\u00e9n\u00e9ral\u00adis\u00e9e<\/strong>, au risque d\u2019affaiblir sa cr\u00e9di\u00adbil\u00adit\u00e9 et de provo\u00adquer une fuite des ser\u00advices respectueux du chiffrement.<\/li>\n<\/ul>\n<p>La question para\u00eet simple, presque consensuelle : qui oserait s\u2019opposer \u00e0 la lutte contre la p\u00e9dopornographie en\u00a0ligne\u00a0?<\/p>\n<p><strong>C\u2019est pr\u00e9\u00adcis\u00e9\u00adment sur cette \u00e9vi\u00addence morale que s\u2019appuie le pro\u00adjet de r\u00e8gle\u00adment dit Chat Con\u00adtrol, pr\u00e9sen\u00adt\u00e9 par la Com\u00admis\u00adsion europ\u00e9enne en mai 2022. Offi\u00adcielle\u00adment, il ne s\u2019agit que d\u2019outiller les plate\u00adformes pour mieux d\u00e9tecter, sig\u00adnaler et blo\u00adquer la cir\u00adcu\u00adla\u00adtion d\u2019images et de mes\u00adsages li\u00e9s aux abus sex\u00aduels sur mineurs. Offi\u00adcieuse\u00adment, beau\u00adcoup y voient une red\u00adoutable d\u00e9rive : l\u2019ouverture, sous cou\u00advert de ver\u00adtu, d\u2019un droit de regard per\u00adma\u00adnent sur les com\u00admu\u00adni\u00adca\u00adtions priv\u00e9es des Europ\u00e9ens.<\/strong><\/p>\n<p>Un dispositif d\u2019une ampleur in\u00e9dite<\/p>\n<p>Le texte, offi\u00adcielle\u00adment inti\u00adt\u00adul\u00e9 Reg\u00adu\u00adla\u00adtion to Pre\u00advent and Com\u00adbat Child Sex\u00adu\u00adal Abuse (CSAR), pr\u00e9voit que les four\u00adnisseurs de mes\u00adsagerie analy\u00adsent chaque mes\u00adsage envoy\u00e9, chaque pho\u00adto partag\u00e9e, jusque dans les con\u00adver\u00adsa\u00adtions chiffr\u00e9es. Pour con\u00adtourn\u00ader le secret du chiffre\u00adment, le sys\u00adt\u00e8me recourt au <strong>client-side scan\u00adning<\/strong> : le con\u00adtenu est inspec\u00adt\u00e9 directe\u00adment sur l\u2019appareil de l\u2019utilisateur, avant m\u00eame d\u2019\u00eatre chiffr\u00e9 et trans\u00admis (<a href=\"https:\/\/www.techradar.com\/computing\/cyber-security\/the-eu-could-be-scanning-your-chats-by-october-2025-heres-everything-we-know\" target=\"_blank\" rel=\"noopener nofollow\">TechRadar<\/a>).<\/p>\n<p>L\u2019\u00e9ch\u00e9ance est proche : sous pr\u00e9si\u00addence danoise, un vote d\u00e9cisif du Con\u00adseil est atten\u00addu pour l\u2019automne 2025. L\u2019UE s\u2019appr\u00eate donc \u00e0 tranch\u00ader : d\u00e9fendre la con\u00adfi\u00adden\u00adtial\u00adit\u00e9 des com\u00admu\u00adni\u00adca\u00adtions ou instau\u00adr\u00ader, pour la pre\u00admi\u00e8re fois, un r\u00e9gime de sur\u00adveil\u00adlance num\u00e9rique pr\u00e9ventive.<\/p>\n<p><strong>Voir aus\u00adsi :<\/strong> <a href=\"https:\/\/www.ojim.fr\/asma-mhalla-liberation-censure-twitter\/\" target=\"_blank\" rel=\"noopener nofollow\">Quand Lib\u00e9 r\u00e9clame plus de censeurs<\/a><\/p>\n<p>La fameuse strat\u00e9gie du pied dans la\u00a0porte<\/p>\n<p>Per\u00adson\u00adne ne con\u00adteste l\u2019urgence de pro\u00adt\u00e9ger les enfants. Mais les moyens envis\u00adag\u00e9s lais\u00adsent per\u00adplexe. Les chiffres par\u00adlent : en Irlande, <a href=\"https:\/\/www.theguardian.com\/commentisfree\/2025\/jan\/24\/eu-digital-surveillance-child-protection\" target=\"_blank\" rel=\"noopener nofollow\">plus d\u2019un cinqui\u00e8me des sig\u00adnale\u00adments issus de sys\u00adt\u00e8mes automa\u00adtis\u00e9s sont des faux posi\u00adtifs<\/a>. Autant d\u2019erreurs qui encom\u00adbrent les enqu\u00ea\u00adteurs et frag\u00adilisent les vic\u00adtimes r\u00e9elles.<\/p>\n<p>Surtout, l\u2019exp\u00e9rience mon\u00adtre que l\u2019exception devient vite la r\u00e8gle. Les sci\u00adences sociales nom\u00adment cela la <strong>strat\u00e9gie du pied dans la porte<\/strong> : accepter d\u2019abord un dis\u00adposi\u00adtif lim\u00adit\u00e9 \u2014 ici, pour la cause la plus con\u00adsen\u00adsuelle qui soit \u2014, puis \u00e9largir pro\u00adgres\u00adsive\u00adment son champ d\u2019application. Ce qui aujourd\u2019hui vise le con\u00adtenu p\u00e9do\u00adpornographique pour\u00adrait demain con\u00adcern\u00ader les dis\u00adcours poli\u00adtiques, les opin\u00adions jug\u00e9es \u00ab rad\u00adi\u00adcales \u00bb, voire toute d\u00e9viance aux normes sociales dominantes.<\/p>\n<p>La lev\u00e9e des boucliers<\/p>\n<p>Les cri\u00adtiques ne man\u00adquent pas. Le <strong>Ser\u00advice juridique du Con\u00adseil de l\u2019UE<\/strong>, tout comme l\u2019<strong>EDPS<\/strong> (con\u00adtr\u00f4leur europ\u00e9en de la pro\u00adtec\u00adtion des don\u00adn\u00e9es), a jug\u00e9 le pro\u00adjet con\u00adtraire aux droits fon\u00adda\u00admen\u00adtaux, ouvrant la voie \u00e0 une sur\u00adveil\u00adlance g\u00e9n\u00e9ral\u00adis\u00e9e. De grandes fig\u00adures de la cyber\u00ads\u00e9cu\u00adrit\u00e9 rap\u00adpel\u00adlent que cr\u00e9er des portes d\u00e9rob\u00e9es frag\u00adilise l\u2019ensemble du sys\u00adt\u00e8me : en affaib\u00adlis\u00adsant le chiffre\u00adment, on expose aus\u00adsi les citoyens aux cyberattaques.<\/p>\n<p>Dans la soci\u00e9t\u00e9 civile, la r\u00e9sis\u00adtance s\u2019organise. Des cam\u00adpagnes comme Stop Scan\u00adning Me rassem\u00adblent chercheurs, ONG, mil\u00adi\u00adtants de la vie priv\u00e9e. Des m\u00e9dias g\u00e9n\u00e9ral\u00adistes (Le Monde, juin 2024) ont par\u00adl\u00e9 de \u00ab revers majeur \u00bb pour le pro\u00adjet apr\u00e8s une vague de con\u00adtes\u00adta\u00adtions publiques. M\u00eame des plate\u00adformes comme Sig\u00adnal ou Three\u00adma ont men\u00adac\u00e9 de se retir\u00ader du march\u00e9 europ\u00e9en si le r\u00e8gle\u00adment devait pass\u00ader en l\u2019\u00e9tat.<\/p>\n<p><strong>Voir aus\u00adsi :<\/strong> <a href=\"https:\/\/www.ojim.fr\/reporters-sans-frontieres-demande-plus-de-censures-sur-facebook\/\" target=\"_blank\" rel=\"noopener nofollow\">Reporters sans fron\u00adti\u00e8res demande plus de cen\u00adsures sur Facebook<\/a><\/p>\n<p>L\u2019UE face \u00e0 ses contradictions<\/p>\n<p>Le para\u00addoxe est cri\u00adant. L\u2019Union europ\u00e9enne se pr\u00e9sente comme la gar\u00addi\u00adenne mon\u00addi\u00adale de la vie priv\u00e9e num\u00e9rique, notam\u00adment avec le RGPD. Elle d\u00e9nonce r\u00e9guli\u00e8re\u00adment les d\u00e9rives de la Chine ou de la Russie. Et pour\u00adtant, c\u2019est elle qui envis\u00adage aujourd\u2019hui de l\u00e9galis\u00ader un sys\u00adt\u00e8me d\u2019inspection sys\u00adt\u00e9\u00adma\u00adtique des mes\u00adsages priv\u00e9s.<\/p>\n<p>Au fond, Chat Con\u00adtrol r\u00e9v\u00e8le une frac\u00adture plus large : l\u2019incapacit\u00e9 de l\u2019Europe \u00e0 inven\u00adter son pro\u00adpre mod\u00ad\u00e8le num\u00e9rique. Elle oscille entre d\u00e9pen\u00addance tech\u00adnologique vis-\u00e0-vis des \u00c9tats-Unis et ten\u00adta\u00adtion d\u2019un con\u00adtr\u00f4le \u00e9ta\u00adtique cen\u00adtral\u00adis\u00e9. Au lieu d\u2019une \u00ab troisi\u00e8me voie europ\u00e9enne \u00bb, respectueuse \u00e0 la fois des lib\u00adert\u00e9s et de la s\u00e9cu\u00adrit\u00e9, elle risque de s\u2019engager dans la m\u00eame pente autori\u00adtaire qu\u2019elle pr\u00e9\u00adtend combattre.<\/p>\n<p>Les cons\u00e9quences d\u2019un\u00a0choix<\/p>\n<p>Si ce pro\u00adjet \u00e9tait adop\u00adt\u00e9, les con\u00ads\u00e9quences seraient immenses. Pour les citoyens : la fin de la con\u00adfi\u00adden\u00adtial\u00adit\u00e9 garantie, un cli\u00admat de sus\u00adpi\u00adcion g\u00e9n\u00e9ral\u00adis\u00e9e, et l\u2019\u00e9rosion pro\u00adgres\u00adsive de la con\u00adfi\u00adance envers les insti\u00adtu\u00adtions. Pour les entre\u00adpris\u00ades : une fuite pos\u00adsi\u00adble des ser\u00advices respectueux du chiffre\u00adment, au d\u00e9tri\u00adment de l\u2019innovation en Europe. Pour l\u2019Union elle-m\u00eame : un affaib\u00adlisse\u00adment de sa l\u00e9gitim\u00adit\u00e9 morale, car on ne peut se pos\u00ader en cham\u00adpi\u00adon de la lib\u00adert\u00e9 tout en instau\u00adrant une sur\u00adveil\u00adlance de\u00a0masse.<\/p>\n<p>Des alter\u00adna\u00adtives exis\u00adtent pour\u00adtant : ren\u00adforcer les ser\u00advices policiers sp\u00e9\u00adcial\u00adis\u00e9s, am\u00e9lior\u00ader la coop\u00e9ra\u00adtion judi\u00adci\u00adaire, d\u00e9velop\u00adper l\u2019\u00e9ducation num\u00e9rique. Autant de solu\u00adtions qui ne passent pas par l\u2019espionnage sys\u00adt\u00e9\u00adma\u00adtique des con\u00adver\u00adsa\u00adtions priv\u00e9es.<\/p>\n<p><strong>Voir aus\u00adsi :<\/strong> <a href=\"https:\/\/www.ojim.fr\/les-grands-annonceurs-publicitaires-en-faveur-de-plus-de-censure\/\" target=\"_blank\" rel=\"noopener nofollow\">Les grands annon\u00adceurs pub\u00adlic\u00adi\u00adtaires en faveur de plus de censure<\/a><\/p>\n<p>Entre dignit\u00e9 et contr\u00f4le<\/p>\n<p><strong>Le dilemme pos\u00e9 par Chat Con\u00adtrol d\u00e9passe la tech\u00adnique et le juridique :<\/strong> il touche \u00e0 la d\u00e9f\u00adi\u00adni\u00adtion m\u00eame du mod\u00ad\u00e8le europ\u00e9en. L\u2019Union europ\u00e9enne se veut l\u2019h\u00e9riti\u00e8re des lib\u00adert\u00e9s h\u00e9rit\u00e9es de son his\u00adtoire, de la dig\u00adnit\u00e9 de la per\u00adson\u00adne, de l\u2019\u00e9quilibre entre pou\u00advoir et droit. Or, par ce texte, elle risque de bas\u00adculer dans une \u00e8re nou\u00advelle, o\u00f9 la sus\u00adpi\u00adcion per\u00adma\u00adnente se sub\u00adstitue \u00e0 la confiance.<\/p>\n<p style=\"text-align: right;\"><strong>Yves Leje\u00adune<\/strong><\/p>\n","protected":false},"excerpt":{"rendered":"En r\u00e9sum\u00e9 : Un pro\u00adjet total\u00adi\u00adtaire : le r\u00e8gle\u00adment Chat Con\u00adtrol (CSAR) impose aux mes\u00adsageries de scan\u00adner tous&hellip;\n","protected":false},"author":2,"featured_media":420254,"comment_status":"","ping_status":"","sticky":false,"template":"","format":"standard","meta":{"footnotes":""},"categories":[1586],"tags":[11,54936,4777,1777,674,1779,1011,27,12,25,1778,364],"class_list":{"0":"post-420253","1":"post","2":"type-post","3":"status-publish","4":"format-standard","5":"has-post-thumbnail","7":"category-europe","8":"tag-actualites","9":"tag-censure-et-repression","10":"tag-espionnage","11":"tag-eu","12":"tag-europe","13":"tag-european-union","14":"tag-fr","15":"tag-france","16":"tag-news","17":"tag-republique-francaise","18":"tag-ue","19":"tag-union-europeenne"},"share_on_mastodon":{"url":"https:\/\/pubeurope.com\/@fr\/115273602386239890","error":""},"_links":{"self":[{"href":"https:\/\/www.europesays.com\/fr\/wp-json\/wp\/v2\/posts\/420253","targetHints":{"allow":["GET"]}}],"collection":[{"href":"https:\/\/www.europesays.com\/fr\/wp-json\/wp\/v2\/posts"}],"about":[{"href":"https:\/\/www.europesays.com\/fr\/wp-json\/wp\/v2\/types\/post"}],"author":[{"embeddable":true,"href":"https:\/\/www.europesays.com\/fr\/wp-json\/wp\/v2\/users\/2"}],"replies":[{"embeddable":true,"href":"https:\/\/www.europesays.com\/fr\/wp-json\/wp\/v2\/comments?post=420253"}],"version-history":[{"count":0,"href":"https:\/\/www.europesays.com\/fr\/wp-json\/wp\/v2\/posts\/420253\/revisions"}],"wp:featuredmedia":[{"embeddable":true,"href":"https:\/\/www.europesays.com\/fr\/wp-json\/wp\/v2\/media\/420254"}],"wp:attachment":[{"href":"https:\/\/www.europesays.com\/fr\/wp-json\/wp\/v2\/media?parent=420253"}],"wp:term":[{"taxonomy":"category","embeddable":true,"href":"https:\/\/www.europesays.com\/fr\/wp-json\/wp\/v2\/categories?post=420253"},{"taxonomy":"post_tag","embeddable":true,"href":"https:\/\/www.europesays.com\/fr\/wp-json\/wp\/v2\/tags?post=420253"}],"curies":[{"name":"wp","href":"https:\/\/api.w.org\/{rel}","templated":true}]}}