{"id":420255,"date":"2025-09-27T01:12:11","date_gmt":"2025-09-27T01:12:11","guid":{"rendered":"https:\/\/www.europesays.com\/fr\/420255\/"},"modified":"2025-09-27T01:12:11","modified_gmt":"2025-09-27T01:12:11","slug":"deux-enquetes-ouvertes-apres-des-menaces-contre-la-presidente-du-tribunal-ayant-condamne-sarkozy","status":"publish","type":"post","link":"https:\/\/www.europesays.com\/fr\/420255\/","title":{"rendered":"Deux enqu\u00eates ouvertes apr\u00e8s des menaces contre la pr\u00e9sidente du tribunal ayant condamn\u00e9 Sarkozy"},"content":{"rendered":"<p>Vendredi, l\u2019Union syndicale des magistrats (USM) avait annonc\u00e9 avoir fait des signalements \u00e0 la justice, \u00e9voquant des \u00abmenaces de mort ou de violences graves\u00bb.<\/p>\n<p class=\"fig-paragraph\">Deux enqu\u00eates \u00abdistinctes\u00bb ont \u00e9t\u00e9 ouvertes \u00e0 la suite de \u00abmessages mena\u00e7ants\u00bb visant\u00a0<a href=\"http:\/\/www.lefigaro.fr\/actualite-france\/de-l-usm-a-l-affaire-fillon-le-parcours-de-nathalie-gavarino-la-presidente-du-tribunal-qui-a-condamne-nicolas-sarkozy-20250926\" target=\"_blank\" data-fig-type=\"Article\" rel=\"noopener\" data-gtm-custom-categorie=\"navigation\" data-gtm-custom-action=\"crossclick\" data-gtm-custom-label=\"Contextuel\" data-gtm-event=\"customEventSPE\" data-fig-domain=\"LEFIGARO\">Nathalie Gavarino<\/a>, la pr\u00e9sidente du tribunal qui a condamn\u00e9\u00a0<a href=\"https:\/\/www.lefigaro.fr\/tag\/nicolas-sarkozy\" target=\"_blank\" rel=\"sponsored noopener\" data-gtm-custom-categorie=\"navigation\" data-gtm-custom-action=\"crossclick\" data-gtm-custom-label=\"Contextuel\" data-gtm-event=\"customEventSPE\">Nicolas Sarkozy<\/a>\u00a0\u00e0 cinq ans de prison et ordonn\u00e9 son incarc\u00e9ration prochaine, a indiqu\u00e9 vendredi soir le parquet de Paris.<\/p>\n<p class=\"fig-paragraph\">Plus t\u00f4t dans l\u2019apr\u00e8s-midi, l\u2019Union syndicale des magistrats (USM) avait annonc\u00e9 avoir fait des signalements \u00e0 la justice, \u00e9voquant des \u00abmenaces de mort ou de violences graves\u00bb.<\/p>\n<p>                                    <a class=\"fig-a11y-skip a11y-hidden\" href=\"#fig-a11y-skip-main-inarticle\"><br \/>\n        Passer la publicit\u00e9<br \/>\n    <\/a><\/p>\n<p class=\"fig-paragraph\">Les investigations sont confi\u00e9es au P\u00f4le national de lutte contre la haine en ligne, poursuit le parquet, qui ne donne pas plus de d\u00e9tails sur ces deux enqu\u00eates.<\/p>\n<p>Jusqu\u2019\u00e0 cinq ans de prison<\/p>\n<p class=\"fig-paragraph\">Le parquet rappelle toutefois que les \u00abmenaces de mort \u00e0 l\u2019encontre des personnes d\u00e9positaires de l\u2019autorit\u00e9 publiques\u00bb font \u00abencourir une peine de 5 ans d\u2019emprisonnement\u00bb.<\/p>\n<p class=\"fig-paragraph\">En l\u2019occurrence, le cyberharc\u00e8lement &#8211; \u00abpropos ou comportement r\u00e9p\u00e9t\u00e9s, par une ou plusieurs personnes, ayant pour objet ou effet une d\u00e9gradation des conditions de vie\u00bb &#8211; est r\u00e9prim\u00e9 de 2 ans d\u2019emprisonnement et 30.000 euros d\u2019amende, expose encore le minist\u00e8re public.<\/p>\n<p class=\"fig-paragraph\">Divulguer des informations personnelles permettant \u00abd\u2019identifier ou localiser une personne d\u00e9positaire de l\u2019autorit\u00e9 publique et l\u2019exposant \u00e0 un risque d\u2019atteinte \u00e0 sa personne ou \u00e0 ses biens est une infraction faisant encourir la peine de 5 ans et 75.000 euros\u00bb, d\u00e9veloppe \u00e9galement le parquet.<\/p>\n<p>\u00abLe d\u00e9bat judiciaire demeure encadr\u00e9\u00bb<\/p>\n<p class=\"fig-paragraph\">Le parquet rappelle enfin \u00abqu\u2019il est fondamental, dans toute soci\u00e9t\u00e9 d\u00e9mocratique, que le d\u00e9bat judiciaire demeure encadr\u00e9 par la proc\u00e9dure p\u00e9nale\u00bb.<\/p>\n<p>                                    <a class=\"fig-a11y-skip a11y-hidden\" href=\"#fig-a11y-skip-main-inarticle_mtf\"><br \/>\n        Passer la publicit\u00e9<br \/>\n    <\/a><\/p>\n<p class=\"fig-paragraph\">\u00abL\u2019appel est la voie l\u00e9gitime pour contester une d\u00e9cision de justice. Par ailleurs, la libert\u00e9 de parole, y compris en ligne, a pour limite la mise en danger des personnes\u00bb, conclut le parquet.<\/p>\n<p class=\"fig-paragraph\">Le tribunal correctionnel de Paris a condamn\u00e9 jeudi Nicolas Sarkozy \u00e0 cinq ans d\u2019emprisonnement avec incarc\u00e9ration prochaine pour avoir \u00ablaiss\u00e9 ses plus proches\u00bb d\u00e9marcher la Libye de Mouammar Kadhafi pour financer sa campagne victorieuse de 2007, une lourde peine inflig\u00e9e par \u00abhaine\u00bb selon l\u2019ancien pr\u00e9sident de la R\u00e9publique.<\/p>\n","protected":false},"excerpt":{"rendered":"Vendredi, l\u2019Union syndicale des magistrats (USM) avait annonc\u00e9 avoir fait des signalements \u00e0 la justice, \u00e9voquant des \u00abmenaces&hellip;\n","protected":false},"author":2,"featured_media":420256,"comment_status":"","ping_status":"","sticky":false,"template":"","format":"standard","meta":{"footnotes":""},"categories":[2],"tags":[11,1011,27,12,3091,2694,25],"class_list":{"0":"post-420255","1":"post","2":"type-post","3":"status-publish","4":"format-standard","5":"has-post-thumbnail","7":"category-actualites","8":"tag-actualites","9":"tag-fr","10":"tag-france","11":"tag-news","12":"tag-nicolas-sarkozy","13":"tag-proces","14":"tag-republique-francaise"},"share_on_mastodon":{"url":"https:\/\/pubeurope.com\/@fr\/115273606334448493","error":""},"_links":{"self":[{"href":"https:\/\/www.europesays.com\/fr\/wp-json\/wp\/v2\/posts\/420255","targetHints":{"allow":["GET"]}}],"collection":[{"href":"https:\/\/www.europesays.com\/fr\/wp-json\/wp\/v2\/posts"}],"about":[{"href":"https:\/\/www.europesays.com\/fr\/wp-json\/wp\/v2\/types\/post"}],"author":[{"embeddable":true,"href":"https:\/\/www.europesays.com\/fr\/wp-json\/wp\/v2\/users\/2"}],"replies":[{"embeddable":true,"href":"https:\/\/www.europesays.com\/fr\/wp-json\/wp\/v2\/comments?post=420255"}],"version-history":[{"count":0,"href":"https:\/\/www.europesays.com\/fr\/wp-json\/wp\/v2\/posts\/420255\/revisions"}],"wp:featuredmedia":[{"embeddable":true,"href":"https:\/\/www.europesays.com\/fr\/wp-json\/wp\/v2\/media\/420256"}],"wp:attachment":[{"href":"https:\/\/www.europesays.com\/fr\/wp-json\/wp\/v2\/media?parent=420255"}],"wp:term":[{"taxonomy":"category","embeddable":true,"href":"https:\/\/www.europesays.com\/fr\/wp-json\/wp\/v2\/categories?post=420255"},{"taxonomy":"post_tag","embeddable":true,"href":"https:\/\/www.europesays.com\/fr\/wp-json\/wp\/v2\/tags?post=420255"}],"curies":[{"name":"wp","href":"https:\/\/api.w.org\/{rel}","templated":true}]}}