{"id":420259,"date":"2025-09-27T01:14:21","date_gmt":"2025-09-27T01:14:21","guid":{"rendered":"https:\/\/www.europesays.com\/fr\/420259\/"},"modified":"2025-09-27T01:14:21","modified_gmt":"2025-09-27T01:14:21","slug":"lavenir-incertain-de-france-televisions-face-a-des-financements-en-baisse","status":"publish","type":"post","link":"https:\/\/www.europesays.com\/fr\/420259\/","title":{"rendered":"L&rsquo;avenir incertain de France T\u00e9l\u00e9visions face \u00e0 des financements en baisse"},"content":{"rendered":"<p>\n                                                Le rapport de la Cour des comptes \u00e9pingle la gestion de France T\u00e9l\u00e9visions.                    <\/p>\n<p>C&rsquo;est \u00ab\u00a0une situation financi\u00e8re pr\u00e9occupante\u00a0\u00bb qui a \u00e9t\u00e9 d\u00e9peinte mardi par la Cour des comptes. L&rsquo;entreprise, qui re\u00e7oit plus de 2,5\u00a0milliards d&rsquo;argent public, est en d\u00e9ficit, avec une perte d&rsquo;exploitation de 50\u00a0millions d&rsquo;euros en 2025. C&rsquo;est d\u00fb \u00e0 la baisse tendancielle du concours de l&rsquo;\u00c9tat, moins de 161\u00a0millions entre 2018 et 2022, mais aussi au fait que les recettes publicitaires ont profit\u00e9 d&rsquo;un effet d&rsquo;aubaine au moment des <a target=\"_self\" href=\"https:\/\/www.rfi.fr\/fr\/tag\/jeux-olympiques\/\" rel=\"noopener\"><strong>Jeux olympiques<\/strong><\/a>, en 2024.<\/p>\n<p>En r\u00e9alit\u00e9, \u00e9crit la Cour des comptes, face \u00e0 \u00ab\u00a0la situation financi\u00e8re critique\u00a0\u00bb du groupe, il faut revenir sur l&rsquo;accord collectif, en vigueur depuis douze ans, qui distingue 160 m\u00e9tiers, limite leur polyvalence et freine l&rsquo;\u00e9volution des comp\u00e9tences. Ce sont donc des r\u00e9formes structurelles qui sont demand\u00e9es ainsi qu&rsquo; \u00ab une trajectoire financi\u00e8re r\u00e9aliste \u00bb, apr\u00e8s des \u00ab orientations contradictoires \u00bb ces deux derni\u00e8res ann\u00e9es de la part de l&rsquo;\u00c9tat.<\/p>\n<p> Vers de nouvelles coupes ? <\/p>\n<p>Un rapport publi\u00e9 \u00e0 un moment o\u00f9 l&rsquo;ex\u00e9cutif songe \u00e0 de nouvelles coupes.\u00a0La semaine derni\u00e8re, Delphine Ernotte, la pr\u00e9sidente de France T\u00e9l\u00e9visions, a r\u00e9v\u00e9l\u00e9 que le gouvernement Bayrou pr\u00e9voyait un \u00ab\u00a0effort suppl\u00e9mentaire de 65 millions d&rsquo;euros\u00a0\u00bb pour 2026. Iris Bucher, la pr\u00e9sidente du syndicat des producteurs, a alors sorti sa calculette : une soixantaine de millions, \u00e7a veut dire en moins \u00ab\u00a085 \u00e9pisodes de 52 minutes, une quarantaine de soir\u00e9es par an, ou, pour le r\u00e9sumer, une case de fiction sur France T\u00e9l\u00e9visions\u00a0\u00bb.<\/p>\n<p>Comme le nouveau premier ministre <a target=\"_self\" href=\"https:\/\/www.rfi.fr\/fr\/tag\/s\u00e9bastien-lecornu\/\" rel=\"noopener\"><strong>S\u00e9bastien Lecornu<\/strong><\/a> cherche des \u00e9conomies, le pr\u00e9sident de l&rsquo;Arcom, Martin Ajdari, a mis en garde contre des coupes trop brutales. Et le patron de TF1, Rodolphe Belmer, s&rsquo;est dit \u00ab\u00a0tr\u00e8s mobilis\u00e9\u00a0\u00bb, car il sait que le dynamisme de sa fili\u00e8re d\u00e9pend des investissements de France T\u00e9l\u00e9 dans la fiction, qui repr\u00e9sente le tiers des budgets.<\/p>\n<p>Cela intervient \u00e0 un moment o\u00f9 France T\u00e9l\u00e9visions est dans le collimateur de l&rsquo;extr\u00eame droite.<strong>\u00a0<\/strong>Sur fond d&rsquo;accusation de connivence avec le Parti socialiste de deux chroniqueurs, Patrick Cohen et Thomas Legrand, les <a target=\"_self\" href=\"https:\/\/www.rfi.fr\/fr\/tag\/m\u00e9dias\/\" rel=\"noopener\"><strong>m\u00e9dias<\/strong><\/a> de Vincent Bollor\u00e9 tirent \u00e0 boulets rouges sur France T\u00e9l\u00e9visions et Radio France. Les deux groupes ont r\u00e9pliqu\u00e9 et Delphine Ernotte a m\u00eame parl\u00e9 de \u00ab\u00a0cha\u00eene d&rsquo;extr\u00eame droite\u00a0\u00bb \u00e0 propos de CNews. Aussit\u00f4t, <a target=\"_self\" href=\"https:\/\/www.rfi.fr\/fr\/tag\/marine-le-pen\/\" rel=\"noopener\"><strong>Marine Le Pen<\/strong><\/a> l&rsquo;a qualifi\u00e9e de \u00ab\u00a0militante tr\u00e8s marqu\u00e9e \u00e0 gauche\u00a0\u00bb et a demand\u00e9 son d\u00e9part. Il faut rappeler que le RN souhaite la privatisation de l&rsquo;audiovisuel public, et cela, pour une bonne raison, c&rsquo;est que cet audiovisuel est au sommet des audiences et que c&rsquo;est la premi\u00e8re source d\u2019information des Fran\u00e7ais. C&rsquo;est encore la Cour des comptes qui le dit.<\/p>\n<p class=\"a-read-more\">\u00c0 lire aussi<a target=\"_self\" href=\"https:\/\/www.rfi.fr\/fr\/france\/20250924-la-cour-des-comptes-alerte-sur-la-situation-financi\u00e8re-critique-de-france-t\u00e9l\u00e9vision\" class=\"a-read-more__link\" rel=\"noopener\">La Cour des comptes alerte sur la \u00absituation financi\u00e8re critique\u00bb de France T\u00e9l\u00e9visions<\/a><\/p>\n","protected":false},"excerpt":{"rendered":"Le rapport de la Cour des comptes \u00e9pingle la gestion de France T\u00e9l\u00e9visions. C&rsquo;est \u00ab\u00a0une situation financi\u00e8re pr\u00e9occupante\u00a0\u00bb&hellip;\n","protected":false},"author":2,"featured_media":420260,"comment_status":"","ping_status":"","sticky":false,"template":"","format":"standard","meta":{"footnotes":""},"categories":[4],"tags":[11,17256,1011,27,500,12,25],"class_list":{"0":"post-420259","1":"post","2":"type-post","3":"status-publish","4":"format-standard","5":"has-post-thumbnail","7":"category-france","8":"tag-actualites","9":"tag-chronique-des-medias","10":"tag-fr","11":"tag-france","12":"tag-medias","13":"tag-news","14":"tag-republique-francaise"},"share_on_mastodon":{"url":"https:\/\/pubeurope.com\/@fr\/115273614175024160","error":""},"_links":{"self":[{"href":"https:\/\/www.europesays.com\/fr\/wp-json\/wp\/v2\/posts\/420259","targetHints":{"allow":["GET"]}}],"collection":[{"href":"https:\/\/www.europesays.com\/fr\/wp-json\/wp\/v2\/posts"}],"about":[{"href":"https:\/\/www.europesays.com\/fr\/wp-json\/wp\/v2\/types\/post"}],"author":[{"embeddable":true,"href":"https:\/\/www.europesays.com\/fr\/wp-json\/wp\/v2\/users\/2"}],"replies":[{"embeddable":true,"href":"https:\/\/www.europesays.com\/fr\/wp-json\/wp\/v2\/comments?post=420259"}],"version-history":[{"count":0,"href":"https:\/\/www.europesays.com\/fr\/wp-json\/wp\/v2\/posts\/420259\/revisions"}],"wp:featuredmedia":[{"embeddable":true,"href":"https:\/\/www.europesays.com\/fr\/wp-json\/wp\/v2\/media\/420260"}],"wp:attachment":[{"href":"https:\/\/www.europesays.com\/fr\/wp-json\/wp\/v2\/media?parent=420259"}],"wp:term":[{"taxonomy":"category","embeddable":true,"href":"https:\/\/www.europesays.com\/fr\/wp-json\/wp\/v2\/categories?post=420259"},{"taxonomy":"post_tag","embeddable":true,"href":"https:\/\/www.europesays.com\/fr\/wp-json\/wp\/v2\/tags?post=420259"}],"curies":[{"name":"wp","href":"https:\/\/api.w.org\/{rel}","templated":true}]}}