{"id":420275,"date":"2025-09-27T01:24:14","date_gmt":"2025-09-27T01:24:14","guid":{"rendered":"https:\/\/www.europesays.com\/fr\/420275\/"},"modified":"2025-09-27T01:24:14","modified_gmt":"2025-09-27T01:24:14","slug":"apres-la-gifle-de-brigitte-a-emmanuel-macron-le-doigt-de-donald-a-melania-trump-la-aussi-les-experts-sont-formels","status":"publish","type":"post","link":"https:\/\/www.europesays.com\/fr\/420275\/","title":{"rendered":"Apr\u00e8s la \u201cgifle\u201d de Brigitte \u00e0 Emmanuel Macron, le doigt de Donald \u00e0 Melania Trump : l\u00e0 aussi les experts sont formels"},"content":{"rendered":"<p data-start=\"682\" data-end=\"1031\">Les images ont fait le tour des<br \/>\nr\u00e9seaux sociaux. Le mercredi 24 septembre, <a href=\"https:\/\/www.closermag.fr\/politique\/donald-et-melania-trump-humilies-en-public-leur-venue-a-lonu-vire-au-vaudeville-on-se-pince-pour-y-croire-3582248\" target=\"_blank\" rel=\"noopener\"><br \/>\nDonald et Melania Trump<\/a> ont \u00e9t\u00e9 surpris <a href=\"https:\/\/www.closermag.fr\/people\/donald-et-melania-trump-cette-embrouille-en-helicoptere-captee-par-les-photographes-3582555\" target=\"_blank\" rel=\"noopener\"><br \/>\nen pleine dispute<\/a> \u00e0 bord de Marine One, de retour <strong>d\u2019un<br \/>\nd\u00e9placement \u00e0 New York<\/strong>. Le pr\u00e9sident am\u00e9ricain revenait de<br \/>\nl\u2019Assembl\u00e9e g\u00e9n\u00e9rale de l\u2019ONU, un rendez-vous diplomatique<br \/>\nimportant, bien que marqu\u00e9 par de nombreux <a href=\"https:\/\/www.closermag.fr\/people\/donald-et-melania-trump-humilies-a-leur-arrivee-a-lonu-ces-images-un-brin-genantes-la-first-lady-a-evite-la-chute-3581952\" target=\"_blank\" rel=\"noopener\"><br \/>\nincidents techniques<\/a>.<\/p>\n<p data-start=\"1033\" data-end=\"1286\">\u00c0 l\u2019int\u00e9rieur de l\u2019h\u00e9licopt\u00e8re<br \/>\npr\u00e9sidentiel, <a href=\"https:\/\/www.closermag.fr\/politique\/donald-trump-vulgaire-son-attitude-publique-avec-la-veuve-de-charlie-kirk-fait-plus-que-jaser-3582095\" target=\"_blank\" rel=\"noopener\"><br \/>\nDonald Trump<\/a>, 79 ans, a <strong>point\u00e9 son doigt<\/strong> vers<br \/>\nson \u00e9pouse de 55 ans, visiblement contrari\u00e9. Melania, elle, ne<br \/>\ns\u2019est pas laiss\u00e9e impressionner, et a fini par lui r\u00e9pondre avec<br \/>\nfermet\u00e9, sous l\u2019\u0153il des cam\u00e9ras.<\/p>\n<p>\u00ab\u00a0Donald, regarde-moi\u00a0\u00bb : la<br \/>\nr\u00e9plique cinglante de Melania Trump \u00e0 la Maison Blanche<\/p>\n<p data-start=\"1377\" data-end=\"1684\">Heureusement pour les plus<br \/>\ncurieux, comme souvent, les lecteurs labiaux se proposent pour<br \/>\ntenter de distinguer les conversations priv\u00e9es des couples royaux<br \/>\net politiques. Dans ce cas pr\u00e9cis, c&rsquo;est Jeremy Freeman qui a<br \/>\n\u00e9tudi\u00e9 la s\u00e9quence. Selon lui, Donald Trump aurait lanc\u00e9 \u00e0 sa femme<br \/>\n: \u00ab\u00a0C\u2019\u00e9tait incroyable\u00a0\u00bb<br \/>\npuis <strong>\u00ab\u00a0Comment peux-tu<br \/>\nfaire \u00e7a ?\u00a0\u00bb<\/strong>. L\u2019ancien pr\u00e9sident reprochait<br \/>\nvisiblement \u00e0 Melania un comportement ou une remarque tenus plus<br \/>\nt\u00f4t dans la journ\u00e9e, alors que son discours \u00e0 l\u2019ONU avait \u00e9t\u00e9<br \/>\nperturb\u00e9.<\/p>\n<p data-start=\"1686\" data-end=\"2140\">Face \u00e0 lui, <a href=\"https:\/\/www.closermag.fr\/people\/melania-trump-tous-ces-messages-caches-derriere-son-marathon-de-looks-au-royaume-uni-3581153\" target=\"_blank\" rel=\"noopener\"><br \/>\nMelania Trump<\/a> a tenu bon. \u00c0 la fin de l\u2019\u00e9change, elle lui<br \/>\naurait r\u00e9pondu tr\u00e8s calmement : \u00ab\u00a0Donald, regarde-moi.\u00a0\u00bb Un moment qui a fait r\u00e9agir les<br \/>\ninternautes, tant la First Lady a sembl\u00e9 <strong>prendre le<br \/>\ndessus<\/strong> sur un mari visiblement furieux. Juste apr\u00e8s cette<br \/>\npasse d\u2019armes, Melania a secou\u00e9 la t\u00eate avec insistance. Pourtant,<br \/>\n\u00e0 leur sortie, le couple a travers\u00e9 la pelouse sud de la <a href=\"https:\/\/www.closermag.fr\/politique\/melania-trump-viree-de-la-maison-blanche-donald-trump-lui-a-mis-un-coup-de-pied-au-derriere-3568683\" target=\"_blank\" rel=\"noopener\"><br \/>\nMaison Blanche<\/a> main dans la main, comme si rien ne s\u2019\u00e9tait<br \/>\npass\u00e9.<\/p>\n<p>Trump<br \/>\nfurieux apr\u00e8s les couacs \u00e0 l\u2019ONU : escalator, t\u00e9l\u00e9prompteur et<br \/>\n\u00ab\u00a0triple sabotage\u00a0\u00bb<\/p>\n<p data-start=\"2235\" data-end=\"2608\">Cette altercation trouve ses<br \/>\nracines dans les incidents survenus lors de la visite \u00e0 l\u2019ONU. Le<br \/>\ns\u00e9jour avait commenc\u00e9 de mani\u00e8re chaotique avec <strong>un<br \/>\nescalator en panne<\/strong> pile au moment o\u00f9 Donald et Melania<br \/>\nl\u2019empruntaient. Puis, lors de son discours, le t\u00e9l\u00e9prompteur a<br \/>\ncess\u00e9 de fonctionner, compliquant une allocution d\u2019une heure d\u00e9j\u00e0<br \/>\nperturb\u00e9e par des soucis de sonorisation. Donald Trump a<br \/>\n<strong>d\u00e9nonc\u00e9 un \u00ab\u00a0triple sabotage\u00a0\u00bb<\/strong>. La porte-parole de<br \/>\nla Maison Blanche, Karoline Leavitt, a confirm\u00e9 qu\u2019une enqu\u00eate<br \/>\n\u00e9tait en cours : \u00ab\u00a0Si nous<br \/>\nd\u00e9couvrons que des membres du personnel de l\u2019ONU ont volontairement<br \/>\ncherch\u00e9 \u00e0 faire tr\u00e9bucher, litt\u00e9ralement, le pr\u00e9sident et la<br \/>\nPremi\u00e8re dame des \u00c9tats-Unis, alors <strong>il faudra que ces<br \/>\npersonnes rendent des comptes<\/strong>. Et je m\u2019en assurerai<br \/>\npersonnellement.\u00a0\u00bb<\/p>\n<p data-start=\"3021\" data-end=\"3188\">Sur X (anciennement Twitter),<br \/>\nelle a ajout\u00e9 : \u00ab\u00a0Si quelqu\u2019un<br \/>\n\u00e0 l\u2019ONU a volontairement arr\u00eat\u00e9 l\u2019escalator\u2026 <strong>cette personne<br \/>\ndoit \u00eatre imm\u00e9diatement licenci\u00e9e<\/strong> et faire l\u2019objet d\u2019une<br \/>\nenqu\u00eate.\u00a0\u00bb Malgr\u00e9 la col\u00e8re, Donald Trump a poursuivi son<br \/>\ndiscours, en attaquant violemment l\u2019organisation internationale :<br \/>\n\u00ab\u00a0L\u2019ONU est cens\u00e9e arr\u00eater les<br \/>\ninvasions, pas les cr\u00e9er ni les financer.\u00a0\u00bb Un coup de gueule<br \/>\nqui a fait grincer des dents, son allocution ayant dur\u00e9 pr\u00e8s de<br \/>\nquatre fois plus longtemps que pr\u00e9vu.<\/p>\n","protected":false},"excerpt":{"rendered":"Les images ont fait le tour des r\u00e9seaux sociaux. Le mercredi 24 septembre, Donald et Melania Trump ont&hellip;\n","protected":false},"author":2,"featured_media":420276,"comment_status":"","ping_status":"","sticky":false,"template":"","format":"standard","meta":{"footnotes":""},"categories":[1359],"tags":[548,986,58,75,1073,59,1011,27,21831,973],"class_list":{"0":"post-420275","1":"post","2":"type-post","3":"status-publish","4":"format-standard","5":"has-post-thumbnail","7":"category-people","8":"tag-article-simple","9":"tag-brigitte-macron","10":"tag-divertissement","11":"tag-donald-trump","12":"tag-emmanuel-macron","13":"tag-entertainment","14":"tag-fr","15":"tag-france","16":"tag-melania-trump","17":"tag-people"},"share_on_mastodon":{"url":"https:\/\/pubeurope.com\/@fr\/115273653700971160","error":""},"_links":{"self":[{"href":"https:\/\/www.europesays.com\/fr\/wp-json\/wp\/v2\/posts\/420275","targetHints":{"allow":["GET"]}}],"collection":[{"href":"https:\/\/www.europesays.com\/fr\/wp-json\/wp\/v2\/posts"}],"about":[{"href":"https:\/\/www.europesays.com\/fr\/wp-json\/wp\/v2\/types\/post"}],"author":[{"embeddable":true,"href":"https:\/\/www.europesays.com\/fr\/wp-json\/wp\/v2\/users\/2"}],"replies":[{"embeddable":true,"href":"https:\/\/www.europesays.com\/fr\/wp-json\/wp\/v2\/comments?post=420275"}],"version-history":[{"count":0,"href":"https:\/\/www.europesays.com\/fr\/wp-json\/wp\/v2\/posts\/420275\/revisions"}],"wp:featuredmedia":[{"embeddable":true,"href":"https:\/\/www.europesays.com\/fr\/wp-json\/wp\/v2\/media\/420276"}],"wp:attachment":[{"href":"https:\/\/www.europesays.com\/fr\/wp-json\/wp\/v2\/media?parent=420275"}],"wp:term":[{"taxonomy":"category","embeddable":true,"href":"https:\/\/www.europesays.com\/fr\/wp-json\/wp\/v2\/categories?post=420275"},{"taxonomy":"post_tag","embeddable":true,"href":"https:\/\/www.europesays.com\/fr\/wp-json\/wp\/v2\/tags?post=420275"}],"curies":[{"name":"wp","href":"https:\/\/api.w.org\/{rel}","templated":true}]}}