{"id":420277,"date":"2025-09-27T01:25:35","date_gmt":"2025-09-27T01:25:35","guid":{"rendered":"https:\/\/www.europesays.com\/fr\/420277\/"},"modified":"2025-09-27T01:25:35","modified_gmt":"2025-09-27T01:25:35","slug":"le-jardin-de-sculptures-monumentales-dandre-bloc-a-meudon","status":"publish","type":"post","link":"https:\/\/www.europesays.com\/fr\/420277\/","title":{"rendered":"Le jardin de sculptures monumentales d\u2019Andr\u00e9 Bloc \u00e0 Meudon"},"content":{"rendered":"<p>Les sculptures d&rsquo;Andr\u00e9 Bloc, cr\u00e9ateur multidisciplinaire et visionnaire<\/p>\n<p>L\u2009e 8 novembre 1966, \u00e0 l\u2019\u00e2ge de 76 ans, Andr\u00e9 Bloc chute mortellement lors de la visite d\u2019un temple \u00e0 New Delhi en Inde. Il venait de quitter le Japon et s\u2019appr\u00eatait \u00e0 poursuivre son p\u00e9riple vers le N\u00e9pal. Cet accident tragique brisa un parcours singulier\u2009\u2009; d\u2019ing\u00e9nieur \u00e0 \u00e9diteur de presse, d\u2019architecte \u00e0 sculpteur, Andr\u00e9 Bloc ne se contenta pas de vivre une seule vie. Et celles qu\u2019il v\u00e9cut furent \u00e0 la marge de tout, tant dans son approche pratique que de son vocabulaire formel. Ainsi, \u00e0 travers l\u2019ing\u00e9nierie, il s\u2019int\u00e9ressa \u00e0 l\u2019architecture, et \u00e0 travers la lecture assidue de la revue L\u2019Esprit nouveau, il fr\u00e9quenta au d\u00e9but des ann\u00e9es 1920 des figures telles que Le Corbusier, <a href=\"https:\/\/www.admagazine.fr\/adinspiration\/article\/appartement-encore-jamais-vu-auguste-perret\" target=\"_blank\" rel=\"noopener\">Auguste Perret<\/a>, <a href=\"https:\/\/www.admagazine.fr\/article\/immeuble-art-deco-gradins-insolite-paris\" target=\"_blank\" rel=\"noopener\">Henri Sauvage<\/a> ou encore Michel Roux-Spitz. La modernit\u00e9 dans son expression la plus libre, loin d\u2019hypoth\u00e9tiques pr\u00e9ceptes stylistiques, le fascinait, au point qu\u2019il lui consacra \u00e0 son tour un magazine. L\u2019Architecture d\u2019Aujourd\u2019hui vit le jour en 1930, et entra\u00eena Andr\u00e9 Bloc au c\u0153ur des cercles de la cr\u00e9ation, dont il devint l\u2019un des plus fins observateurs.<\/p>\n<p>Une \u0153uvre th\u00e9\u00e2trale sur les hauteurs de la Seine<\/p>\n<p>\u00c0 cette \u00e9poque, il d\u00e9clarait par le biais de ses \u00e9ditos\u2009\u2009: \u00ab\u2009\u2009Nous croyons \u00e0 l\u2019Unit\u00e9 de la cr\u00e9ation, qu\u2019il s\u2019agisse d\u2019urbanisme, d\u2019architecture, d\u2019\u00e9quipement int\u00e9rieur ou d\u2019art pur.\u2009\u2009\u00bb Andr\u00e9 Bloc \u00e9tait en effet un homme en perp\u00e9tuel mouvement, anim\u00e9 par la volont\u00e9 fr\u00e9n\u00e9tique de faire tomber les fronti\u00e8res entre les disciplines.Un corps \u00e0 corps avec l\u2019\u0153uvre. C\u2019est en prenant le large qu\u2019il y parvint r\u00e9ellement, en passant lui-m\u00eame \u00e0 la r\u00e9alisation. Il a alors 70 ans et choisit le cadre de son terrain de Meudon pour mettre en forme son point de vue, \u00e0 travers son projet de maison, mais aussi par le biais de ses sculptures, qui deviendront ici de monumentaux habitacles. Il mettra ainsi de c\u00f4t\u00e9 ce fonctionnalisme tant v\u00e9n\u00e9r\u00e9 par ses contemporains pour explorer les dimensions plastiques possibles de l\u2019architecture. Sur les hauteurs de la Seine, avec l\u2019ouest parisien en toile de fond, son \u0153uvre se d\u00e9roulera en deux temps, comme un amphith\u00e9\u00e2tre dont la maison occupera la sc\u00e8ne, et le jardin les gradins.<\/p>\n<p><img decoding=\"async\" alt=\"sculptures andr bloc jardin meudon architecture\" loading=\"lazy\" class=\"ResponsiveImageContainer-eNxvmU cfBbTk responsive-image__image\"   src=\"https:\/\/www.europesays.com\/fr\/wp-content\/uploads\/2025\/09\/Capture%20d%E2%80%99e%CC%81cran%202025-09-18%20a%CC%80%2014.28.57.png\"\/><\/p>\n<p>EN CONTREBAS SUR LE TERRAIN, LA MAISON qu&rsquo;Andr\u00e9 Bloc s&rsquo;\u00e9tait fait construire \u00e0 Meudon, aujourd&rsquo;hui propri\u00e9t\u00e9 de la galerie Nathalie Seroussi. Au premier plan, on aper\u00e7oit une sculpture en bronze d&rsquo;Andr\u00e9 Bloc et une autre de Sol Lewitt.\u00a9 Alexandre Guirkinger<\/p>\n","protected":false},"excerpt":{"rendered":"Les sculptures d&rsquo;Andr\u00e9 Bloc, cr\u00e9ateur multidisciplinaire et visionnaire L\u2009e 8 novembre 1966, \u00e0 l\u2019\u00e2ge de 76 ans, Andr\u00e9&hellip;\n","protected":false},"author":2,"featured_media":420278,"comment_status":"","ping_status":"","sticky":false,"template":"","format":"standard","meta":{"footnotes":""},"categories":[1358],"tags":[51958,51959,19035,1348,1384,1385,1386,58,59,1011,27,10057],"class_list":{"0":"post-420277","1":"post","2":"type-post","3":"status-publish","4":"format-standard","5":"has-post-thumbnail","7":"category-arts-et-design","8":"tag-25-ans-dad","9":"tag-ad-25-ans","10":"tag-architecture-spectaculaire","11":"tag-arts","12":"tag-arts-and-design","13":"tag-arts-et-design","14":"tag-design","15":"tag-divertissement","16":"tag-entertainment","17":"tag-fr","18":"tag-france","19":"tag-lieux-spectaculaires"},"share_on_mastodon":{"url":"https:\/\/pubeurope.com\/@fr\/115273658097372429","error":""},"_links":{"self":[{"href":"https:\/\/www.europesays.com\/fr\/wp-json\/wp\/v2\/posts\/420277","targetHints":{"allow":["GET"]}}],"collection":[{"href":"https:\/\/www.europesays.com\/fr\/wp-json\/wp\/v2\/posts"}],"about":[{"href":"https:\/\/www.europesays.com\/fr\/wp-json\/wp\/v2\/types\/post"}],"author":[{"embeddable":true,"href":"https:\/\/www.europesays.com\/fr\/wp-json\/wp\/v2\/users\/2"}],"replies":[{"embeddable":true,"href":"https:\/\/www.europesays.com\/fr\/wp-json\/wp\/v2\/comments?post=420277"}],"version-history":[{"count":0,"href":"https:\/\/www.europesays.com\/fr\/wp-json\/wp\/v2\/posts\/420277\/revisions"}],"wp:featuredmedia":[{"embeddable":true,"href":"https:\/\/www.europesays.com\/fr\/wp-json\/wp\/v2\/media\/420278"}],"wp:attachment":[{"href":"https:\/\/www.europesays.com\/fr\/wp-json\/wp\/v2\/media?parent=420277"}],"wp:term":[{"taxonomy":"category","embeddable":true,"href":"https:\/\/www.europesays.com\/fr\/wp-json\/wp\/v2\/categories?post=420277"},{"taxonomy":"post_tag","embeddable":true,"href":"https:\/\/www.europesays.com\/fr\/wp-json\/wp\/v2\/tags?post=420277"}],"curies":[{"name":"wp","href":"https:\/\/api.w.org\/{rel}","templated":true}]}}