{"id":420279,"date":"2025-09-27T01:26:12","date_gmt":"2025-09-27T01:26:12","guid":{"rendered":"https:\/\/www.europesays.com\/fr\/420279\/"},"modified":"2025-09-27T01:26:12","modified_gmt":"2025-09-27T01:26:12","slug":"christophe-beaux-eclaire-guillaume-dustan-dans-un-recit-fulgurant-damour-et-de-memoire","status":"publish","type":"post","link":"https:\/\/www.europesays.com\/fr\/420279\/","title":{"rendered":"Christophe Beaux \u00e9claire Guillaume Dustan dans un r\u00e9cit fulgurant d&rsquo;amour et de m\u00e9moire"},"content":{"rendered":"<p>            Par<br \/>\n        <strong><br \/>\n            <a href=\"https:\/\/actu.fr\/auteur\/sophie-quesnel\" title=\"Consulter tous les articles de Sophie Quesnel\" target=\"_blank\" rel=\"noopener\">Sophie Quesnel<\/a><br \/>\n        <\/strong><\/p>\n<p>        Publi\u00e9 le<\/p>\n<p>            26 sept. 2025 \u00e0 19h10        <\/p>\n<p>Il a fallu 35\u00a0ans pour que l\u2019histoire trouve ses mots. 35\u00a0ans pour qu\u2019un amour de jeunesse, intense et fragile, se transforme en livre. Avec <a href=\"https:\/\/www.librest.com\/livres\/un-tombeau-pour-dustan-christophe-beaux_0-12597165_9782221283042.html\" target=\"_blank\" rel=\"noopener\">Un tombeau pour Dustan<\/a>, <b>Christophe Beaux<\/b> accomplit ce qu\u2019il nomme une dette : \u00ab J\u2019ai toujours ressenti \u00e0 son \u00e9gard une forme de dette. Je ne savais pas comment elle trouverait \u00e0 se manifester\u2026 Petit \u00e0 petit, le fait d\u2019\u00e9crire est devenu naturel. \u00bb<\/p>\n<p class=\" wall-content\">D\u00e8s les premi\u00e8res pages, on est s\u00e9duit par la qualit\u00e9 de l\u2019\u00e9criture. \u00c9l\u00e9gante, pr\u00e9cise, riche de nuances. Les descriptions, cisel\u00e9es, savent rendre palpable la musique d\u2019une \u00e9poque, la chair d\u2019un amour, la violence d\u2019une rupture. Loin de tout pathos, la plume se d\u00e9ploie avec une justesse qui surprend pour un premier r\u00e9cit : tant\u00f4t crue, tant\u00f4t tendre, toujours habit\u00e9e.<\/p>\n<p>La rencontre, l\u2019emprise, la dette<\/p>\n<p class=\" wall-content\"><b>Christophe Beaux<\/b> a 20\u00a0ans lorsqu\u2019il rencontre <b>William Baran\u00e8s<\/b>, \u00e9tudiant brillant, qui se muera bient\u00f4t en <a href=\"https:\/\/www.mouvement.net\/guillaume-dustan\" target=\"_blank\" rel=\"noopener\">Dustan<\/a>, \u00e9crivain radical. Entre eux, 18\u00a0mois d\u2019une relation incandescente : \u00ab Parce que c\u2019\u00e9tait lui, parce que c\u2019\u00e9tait moi. Parce qu\u2019en fait il avait un caract\u00e8re, une identit\u00e9 tellement singuli\u00e8re, et il m\u2019a tellement marqu\u00e9 sur le plan de mes \u00e9tudes, de mon orientation professionnelle, de mes sensations\u2026 \u00bb<\/p>\n<p class=\" wall-content\">Le r\u00e9cit n\u2019est pas un r\u00e8glement de comptes. Il est une r\u00e9ponse, apais\u00e9e, \u00e0 un homme qui, de son vivant, avait mis ses proches dans ses livres. \u00ab Certains amis m\u2019ont conseill\u00e9, \u00e0 l\u2019\u00e9poque, de l\u2019attaquer en justice. Je ne l\u2019ai \u00e9videmment pas fait. Mais ce qui m\u2019a motiv\u00e9, c\u2019est l\u2019id\u00e9e de lui r\u00e9pondre, de lui rendre la monnaie de sa pi\u00e8ce, mais souvent de fa\u00e7on positive, pas hargneuse. \u00bb<\/p>\n<p class=\" wall-content\">Le livre raconte aussi un aiguillage, un moment o\u00f9 bascule la trajectoire d\u2019une vie. Fils des classes moyennes, promis \u00e0 une carri\u00e8re de banquier, Christophe choisit une autre voie, stimul\u00e9 par le d\u00e9sir de prouver \u00e0 William qu\u2019il n\u2019est pas seulement, selon ses mots, \u00ab l\u2019objet\u00a0de son d\u00e9sir. \u00bb<\/p>\n<p>Vid\u00e9os : en ce moment sur Actu<\/p>\n<p class=\" wall-content\">L\u2019amour devient un moteur, une revanche intime qui le pousse \u00e0 pr\u00e9parer le concours de l\u2019ENA et \u00e0 se r\u00e9inventer.\u00a0Dans ce sens, Un tombeau pour Dustan est \u00e0 la fois un r\u00e9cit amoureux et un r\u00e9cit de formation. L\u2019intime s\u2019y m\u00eale au social, le d\u00e9sir au destin.<\/p>\n<p>Votre r\u00e9gion, votre actu !<\/p>\n<p>Recevez chaque jour les infos qui comptent pour vous.<\/p>\n<p>\t<a href=\"https:\/\/actu.fr\/newsletter\" class=\"ac-btn ac-btn--corner ac-btn--medium ac-btn--blue800\" target=\"_blank\" rel=\"noopener\">S&rsquo;incrire<\/a><br \/>\nUne \u00e9poque entre f\u00eate et menace<\/p>\n<p class=\" wall-content\">\u00c0 travers ce regard r\u00e9trospectif, c\u2019est tout un Paris disparu qui revit. Les nuits techno, les bo\u00eetes de la fin des ann\u00e9es 80, les exc\u00e8s et les corps exalt\u00e9s. <b>Christophe Beaux <\/b>restitue l\u2019\u00e9nergie de cette jeunesse, mais aussi son ombre. Car ces ann\u00e9es furent celles d\u2019une libert\u00e9 nouvelle et d\u2019une condamnation silencieuse. <a href=\"https:\/\/www.vie-publique.fr\/loi\/291944-loi-reparation-condamnation-pour-homosexualite-entre-1945-et-1982#:~:text=L&#039;homosexualit%C3%A9%20a%20%C3%A9t%C3%A9%20d%C3%A9finitivement,Vichy%20du%206%20ao%C3%BBt%201942.\" target=\"_blank\" rel=\"noopener\">La d\u00e9p\u00e9nalisation de l\u2019homosexualit\u00e9<\/a> ouvrait un droit \u00e0 l\u2019indiff\u00e9rence, tandis que l\u2019\u00e9pid\u00e9mie de sida frappait comme une peine de mort. \u00ab M\u00eame les moments difficiles que nous avons v\u00e9cus ensemble, parce qu\u2019il nous arrivait de nous quereller, parfois violemment\u2026 tout cela est lamin\u00e9 par le poids du temps. Et je ne garde que la nostalgie d\u2019un moment tr\u00e8s doux, tr\u00e8s intense. \u00bb La phrase r\u00e9sume l\u2019ambivalence de cette \u00e9poque : la tendresse et la peur, la f\u00eate et la perte.<\/p>\n<p>M\u00e9moire et maturit\u00e9<\/p>\n<p class=\" wall-content\">Raconter exigeait patience et maturit\u00e9. \u00ab S\u2019il m\u2019a fallu 35 ans pour raconter cette histoire apr\u00e8s qu\u2019elle se fut d\u00e9roul\u00e9e, c\u2019est peut-\u00eatre parce qu\u2019il y avait une d\u00e9cantation quelque part dans l\u2019esprit, avant de pouvoir en parler avec le recul suffisant. \u00bb La m\u00e9moire de l\u2019auteur m\u00eale rigueur factuelle et m\u00e9moire sensorielle. <b>Christophe Beaux<\/b> s\u2019appuie sur des biographies pour v\u00e9rifier les dates, mais il reconstruit les sensations par l\u2019\u00e9criture : une main pos\u00e9e, une musique qui pulse, une chambre aux volets clos. L\u00e0, r\u00e9side la force du livre : dans cette capacit\u00e9 \u00e0 redonner vie \u00e0 l\u2019\u00e9ph\u00e9m\u00e8re, \u00e0 transmettre la v\u00e9rit\u00e9 des instants.<\/p>\n<p class=\" wall-content\">\u00c0 mesure qu\u2019il s\u2019\u00e9crivait, le texte a pris une dimension inattendue. \u00ab J\u2019ai commenc\u00e9 dans une esp\u00e8ce de f\u00e9brilit\u00e9 extr\u00eame. Et petit \u00e0 petit, en \u00e9crivant, je me suis dit : oui, \u00e7a peut peut-\u00eatre int\u00e9resser\u2026 Parce que toute histoire d\u2019amour est \u00e0 la fois singuli\u00e8re et universelle. \u00bb<\/p>\n<p class=\" wall-content\">C\u2019est sans doute ce qui bouleverse : le lecteur reconna\u00eet, derri\u00e8re l\u2019exception d\u2019un destin, l\u2019\u00e9vidence d\u2019une passion. Entre les sc\u00e8nes crues et les \u00e9lans de tendresse, ce livre raconte ce qui \u00e9chappe toujours : la force d\u2019aimer, la douleur de perdre, la n\u00e9cessit\u00e9 d\u2019\u00e9crire.<\/p>\n<p>Naissance d\u2019un \u00e9crivain<\/p>\n<p class=\" wall-content\">On lui avait conseill\u00e9 un pseudonyme. <b>Christophe Beaux <\/b>a refus\u00e9. \u00ab Dans mon esprit, ce livre n\u2019avait d\u2019int\u00e9r\u00eat que s\u2019il \u00e9tait honn\u00eate, jusqu\u2019au bout. Si c\u2019\u00e9tait publi\u00e9, et \u00e0 ce moment-l\u00e0, c\u2019\u00e9tait lui, c\u2019\u00e9tait moi et personne d\u2019autre. \u00bb<\/p>\n<p class=\" wall-content\">\u00c0 presque 60\u00a0ans, <b>Christophe Beaux <\/b>signe un premier r\u00e9cit qui r\u00e9v\u00e8le une voix d\u00e9j\u00e0 affirm\u00e9e. \u00c9l\u00e9gance, finesse, richesse du vocabulaire : son \u00e9criture frappe par sa maturit\u00e9. Dans ses pages, l\u2019on entend les musiques, l\u2019on voit les bo\u00eetes de nuit, l\u2019on sent le parfum d\u2019une \u00e9poque. Et l\u2019on suit, entre humour et gravit\u00e9, un r\u00e9cit qui tient ensemble la crudit\u00e9 des corps et la lumi\u00e8re des sentiments.<\/p>\n<p>H\u00e9ritage et avenir<\/p>\n<p class=\" wall-content\">Le livre ravive aussi l\u2019\u0153uvre de <b>Dustan<\/b>, r\u00e9\u00e9dit\u00e9e et \u00e9tudi\u00e9e par de jeunes chercheurs. <b>Christophe Beaux <\/b>s\u2019en r\u00e9jouit : \u00ab Si mon livre contribuait\u00a0\u00e0 braquer sur lui une nouvelle lumi\u00e8re, j\u2019en serais tr\u00e8s fier. \u00bb Quant \u00e0 lui, il \u00e9crit d\u00e9j\u00e0 un nouveau manuscrit. \u00ab J\u2019ai beaucoup de projets en t\u00eate. J\u2019ai envie de vivre cette passion jusqu\u2019au bout, en parall\u00e8le de mon activit\u00e9 professionnelle. \u00bb<\/p>\n<p class=\" wall-content\">Un tombeau pour Dustan n\u2019est donc pas un point final. C\u2019est une ouverture : celle d\u2019une voix qui, apr\u00e8s une vie publique dense, choisit d\u00e9sormais l\u2019\u00e9criture pour solder une dette, partager un h\u00e9ritage et tracer un chemin.<\/p>\n<p>Christophe Beaux sera en d\u00e9dicace \u00e0 la Librairie du March\u00e9, samedi 27\u00a0septembre, de 11 h \u00e0 13 h.<\/p>\n<p class=\" wall-content\">Personnalisez votre actualit\u00e9 en ajoutant vos villes et m\u00e9dias en favori avec <a href=\"https:\/\/moncompte.actu.fr\" title=\"D\u00e9couvez Mon Actu\" rel=\"nofollow noopener\" data-trk=\"{&quot;cta&quot;:{&quot;action&quot;:&quot;https:\\\/\\\/moncompte.actu.fr&quot;,&quot;category&quot;:&quot;mon compte&quot;,&quot;from&quot;:&quot;article footer&quot;,&quot;name&quot;:&quot;Mon actu&quot;,&quot;type&quot;:&quot;cta&quot;}}\" target=\"_blank\">Mon Actu<\/a>.<\/p>\n","protected":false},"excerpt":{"rendered":"Par Sophie Quesnel Publi\u00e9 le 26 sept. 2025 \u00e0 19h10 Il a fallu 35\u00a0ans pour que l\u2019histoire trouve&hellip;\n","protected":false},"author":2,"featured_media":420280,"comment_status":"","ping_status":"","sticky":false,"template":"","format":"standard","meta":{"footnotes":""},"categories":[1357],"tags":[1379,58,59,1011,27,1380,1652],"class_list":{"0":"post-420279","1":"post","2":"type-post","3":"status-publish","4":"format-standard","5":"has-post-thumbnail","7":"category-livres","8":"tag-books","9":"tag-divertissement","10":"tag-entertainment","11":"tag-fr","12":"tag-france","13":"tag-livres","14":"tag-loisirs-culture"},"share_on_mastodon":{"url":"https:\/\/pubeurope.com\/@fr\/115273661519832028","error":""},"_links":{"self":[{"href":"https:\/\/www.europesays.com\/fr\/wp-json\/wp\/v2\/posts\/420279","targetHints":{"allow":["GET"]}}],"collection":[{"href":"https:\/\/www.europesays.com\/fr\/wp-json\/wp\/v2\/posts"}],"about":[{"href":"https:\/\/www.europesays.com\/fr\/wp-json\/wp\/v2\/types\/post"}],"author":[{"embeddable":true,"href":"https:\/\/www.europesays.com\/fr\/wp-json\/wp\/v2\/users\/2"}],"replies":[{"embeddable":true,"href":"https:\/\/www.europesays.com\/fr\/wp-json\/wp\/v2\/comments?post=420279"}],"version-history":[{"count":0,"href":"https:\/\/www.europesays.com\/fr\/wp-json\/wp\/v2\/posts\/420279\/revisions"}],"wp:featuredmedia":[{"embeddable":true,"href":"https:\/\/www.europesays.com\/fr\/wp-json\/wp\/v2\/media\/420280"}],"wp:attachment":[{"href":"https:\/\/www.europesays.com\/fr\/wp-json\/wp\/v2\/media?parent=420279"}],"wp:term":[{"taxonomy":"category","embeddable":true,"href":"https:\/\/www.europesays.com\/fr\/wp-json\/wp\/v2\/categories?post=420279"},{"taxonomy":"post_tag","embeddable":true,"href":"https:\/\/www.europesays.com\/fr\/wp-json\/wp\/v2\/tags?post=420279"}],"curies":[{"name":"wp","href":"https:\/\/api.w.org\/{rel}","templated":true}]}}