{"id":420298,"date":"2025-09-27T01:36:31","date_gmt":"2025-09-27T01:36:31","guid":{"rendered":"https:\/\/www.europesays.com\/fr\/420298\/"},"modified":"2025-09-27T01:36:31","modified_gmt":"2025-09-27T01:36:31","slug":"un-peage-de-lautoroute-a9-bloque","status":"publish","type":"post","link":"https:\/\/www.europesays.com\/fr\/420298\/","title":{"rendered":"un p\u00e9age de l&rsquo;autoroute A9 bloqu\u00e9"},"content":{"rendered":"<p>            Par<br \/>\n        <strong><br \/>\n            <a href=\"https:\/\/actu.fr\/auteur\/thibaut-calatayud\" title=\"Consulter tous les articles de Thibaut Calatayud\" target=\"_blank\" rel=\"noopener\">Thibaut Calatayud<\/a><br \/>\n        <\/strong><\/p>\n<p>        Publi\u00e9 le<\/p>\n<p>            26 sept. 2025 \u00e0 12h10<br \/>\n        ; mis \u00e0 jour le 26 sept. 2025 \u00e0 18h54    <\/p>\n<p><strong>MISE \u00c0 JOUR :<\/strong> la manifestation des agriculteurs a pris fin. Le p\u00e9age sud de Perpignan \u00e9tait rouvert, ce vendredi en fin d\u2019apr\u00e8s-midi.<\/p>\n<p class=\" wall-content\">C\u2019\u00e9tait annonc\u00e9. Ce vendredi 26 septembre 2025, \u00e0 12h, les agriculteurs en col\u00e8re ont r\u00e9pondu \u00e0 <a href=\"https:\/\/actu.fr\/occitanie\/perpignan_66136\/mobilisation-massive-des-agriculteurs-voici-les-routes-a-eviter-dans-les-pyrenees-orientales_63210762.html\" target=\"_blank\" rel=\"noopener\">un appel \u00e0 la mobilisation<\/a> des syndicats agricoles FDSEA 66 et Jeunes Agriculteurs 66. En fin de matin\u00e9e, des professionnels venus des quatre coins des Pyr\u00e9n\u00e9es-Orientales ont converg\u00e9 vers Perpignan pour <strong>bloquer le p\u00e9age sud de l\u2019autoroute A9<\/strong>.<\/p>\n<p>Le p\u00e9age sud de l\u2019A9 bloqu\u00e9 \u00e0 Perpignan<\/p>\n<p class=\" wall-content\">\u00c0 la mi-journ\u00e9e, comme pr\u00e9vu, le blocage a d\u00e9marr\u00e9. Sur place, <strong>150 agriculteurs sont r\u00e9unis<\/strong> et plusieurs engins agricoles se sont install\u00e9s autour du rond-point qui fait face aux barri\u00e8res de p\u00e9age. Des souches et des arbres morts ont \u00e9t\u00e9 d\u00e9vers\u00e9s, \u00ab\u2009preuves de la mort de notre agriculture\u2009\u00bb. Un grand feu a \u00e9t\u00e9 allum\u00e9 au milieu du giratoire.<\/p>\n<p class=\" wall-content\">Les manifestants, mobilis\u00e9s pour les \u00ab\u2009probl\u00e9matiques viticoles\u2009\u00bb, \u00ab\u2009la\u2009concurrence d\u00e9loyale\u2009\u00bb, \u00ab\u2009le\u2009manque de solutions phytosanitaires\u2009\u00bb, \u00ab\u2009la d\u00e9prise du territoire\u2009\u00bb ou encore \u00ab\u2009la recrudescence des attaques de loup\u2009\u00bb, vont rester sur place <strong>pendant plusieurs heures<\/strong>. Ils vont d\u2019ailleurs organiser un barbecue de fortune sur les lieux de l\u2019action.<\/p>\n<p>    <a href=\"https:\/\/www.facebook.com\/plugins\/video.php?height=476&amp;href=https%3A%2F%2Fwww.facebook.com%2Freel%2F1534087967591977%2F&amp;show_text=false&amp;width=350&amp;t=0\" title=\"Ouvrie le lien\" target=\"_blank\" rel=\"noopener\">Cliquez ici pour visualiser le contenu<\/a><\/p>\n<p>\u00ab\u2009On est en train de crever\u2009\u00bb<\/p>\n<p class=\" wall-content\">De leur c\u00f4t\u00e9, les autorit\u00e9s ont d\u00e9j\u00e0 annonc\u00e9 la fermeture de la sortie au p\u00e9age sud de Perpignan (n\u00b042). L\u2019entr\u00e9e sur l\u2019autoroute est \u00e9galement impossible. <strong>\u00c0 14h, la circulation \u00e9tait totalement bouch\u00e9e<\/strong> dans ce secteur.\u00a0\u00c0 noter que la route d\u00e9partementale 900A entre le secteur Saint-Charles et le rond-point du p\u00e9age sud a \u00e9t\u00e9 ferm\u00e9e.<\/p>\n<p class=\" wall-content\">Si vous devez prendre la voiture, il est conseill\u00e9 d\u2019emprunter un autre itin\u00e9raire. Les p\u00e9ages de <strong>Perpignan nord (n\u00b041)<\/strong> et du<strong> Boulou (n\u00b043) <\/strong>sont eux<strong> parfaitement accessibles.<\/strong><\/p>\n<p>Votre r\u00e9gion, votre actu !<\/p>\n<p>Recevez chaque jour les infos qui comptent pour vous.<\/p>\n<p>\t<a href=\"https:\/\/actu.fr\/newsletter\" class=\"ac-btn ac-btn--corner ac-btn--medium ac-btn--blue800\" target=\"_blank\" rel=\"noopener\">S&rsquo;incrire<\/a><\/p>\n<p class=\" wall-content\">\u00c0 Perpignan sud, <strong>Bruno Vila,<\/strong> pr\u00e9sident de la FDSEA 66 et <strong>Enzo Rodriguez,<\/strong> pr\u00e9sident des Jeunes Agriculteurs 66 se sont exprim\u00e9s. \u00ab\u2009On est en train de crever\u2009\u00bb, ont notamment d\u00e9clar\u00e9 les deux repr\u00e9sentants syndicaux, qui ont \u00e9galement abord\u00e9 la question de la s\u00e9cheresse et de l\u2019acc\u00e8s en eau dans le d\u00e9partement.<\/p>\n<p class=\" wall-content\">La fin de la manifestation est pr\u00e9vue au cours de l\u2019apr\u00e8s-midi, ont annonc\u00e9 les agriculteurs.<\/p>\n<p class=\" wall-content\">Personnalisez votre actualit\u00e9 en ajoutant vos villes et m\u00e9dias en favori avec <a href=\"https:\/\/moncompte.actu.fr\" title=\"D\u00e9couvez Mon Actu\" rel=\"nofollow noopener\" data-trk=\"{&quot;cta&quot;:{&quot;action&quot;:&quot;https:\\\/\\\/moncompte.actu.fr&quot;,&quot;category&quot;:&quot;mon compte&quot;,&quot;from&quot;:&quot;article footer&quot;,&quot;name&quot;:&quot;Mon actu&quot;,&quot;type&quot;:&quot;cta&quot;}}\" target=\"_blank\">Mon Actu<\/a>.<\/p>\n","protected":false},"excerpt":{"rendered":"Par Thibaut Calatayud Publi\u00e9 le 26 sept. 2025 \u00e0 12h10 ; mis \u00e0 jour le 26 sept. 2025&hellip;\n","protected":false},"author":2,"featured_media":420299,"comment_status":"","ping_status":"","sticky":false,"template":"","format":"standard","meta":{"footnotes":""},"categories":[4],"tags":[11,327,33978,1011,27,1272,12,25,104],"class_list":{"0":"post-420298","1":"post","2":"type-post","3":"status-publish","4":"format-standard","5":"has-post-thumbnail","7":"category-france","8":"tag-actualites","9":"tag-agriculture","10":"tag-autoroute-a9","11":"tag-fr","12":"tag-france","13":"tag-manifestations","14":"tag-news","15":"tag-republique-francaise","16":"tag-societe"},"share_on_mastodon":{"url":"https:\/\/pubeurope.com\/@fr\/115273700666774749","error":""},"_links":{"self":[{"href":"https:\/\/www.europesays.com\/fr\/wp-json\/wp\/v2\/posts\/420298","targetHints":{"allow":["GET"]}}],"collection":[{"href":"https:\/\/www.europesays.com\/fr\/wp-json\/wp\/v2\/posts"}],"about":[{"href":"https:\/\/www.europesays.com\/fr\/wp-json\/wp\/v2\/types\/post"}],"author":[{"embeddable":true,"href":"https:\/\/www.europesays.com\/fr\/wp-json\/wp\/v2\/users\/2"}],"replies":[{"embeddable":true,"href":"https:\/\/www.europesays.com\/fr\/wp-json\/wp\/v2\/comments?post=420298"}],"version-history":[{"count":0,"href":"https:\/\/www.europesays.com\/fr\/wp-json\/wp\/v2\/posts\/420298\/revisions"}],"wp:featuredmedia":[{"embeddable":true,"href":"https:\/\/www.europesays.com\/fr\/wp-json\/wp\/v2\/media\/420299"}],"wp:attachment":[{"href":"https:\/\/www.europesays.com\/fr\/wp-json\/wp\/v2\/media?parent=420298"}],"wp:term":[{"taxonomy":"category","embeddable":true,"href":"https:\/\/www.europesays.com\/fr\/wp-json\/wp\/v2\/categories?post=420298"},{"taxonomy":"post_tag","embeddable":true,"href":"https:\/\/www.europesays.com\/fr\/wp-json\/wp\/v2\/tags?post=420298"}],"curies":[{"name":"wp","href":"https:\/\/api.w.org\/{rel}","templated":true}]}}