{"id":420300,"date":"2025-09-27T01:38:12","date_gmt":"2025-09-27T01:38:12","guid":{"rendered":"https:\/\/www.europesays.com\/fr\/420300\/"},"modified":"2025-09-27T01:38:12","modified_gmt":"2025-09-27T01:38:12","slug":"murillo-heros-sur-le-gong-paixao-dans-le-dur-les-notes-des-olympiens-apres-la-victoire-a-strasbourg","status":"publish","type":"post","link":"https:\/\/www.europesays.com\/fr\/420300\/","title":{"rendered":"Murillo h\u00e9ros sur le gong, Paixao dans le dur&#8230; les notes des Olympiens apr\u00e8s la victoire \u00e0 Strasbourg"},"content":{"rendered":"<p>RULLI 5<\/p>\n<p>Apr\u00e8s sa semaine royale, <a href=\"https:\/\/www.laprovence.com\/article\/om\/838860255568314\/om-roberto-de-zerbi-le-grand-gagnant-de-l-enchainement-real-madrid-paris-sg\" target=\"_blank\" rel=\"noopener\">du Real Madrid au PSG<\/a>, le portier argentin a eu moins de succ\u00e8s. Battu sur le but refus\u00e9 pour hors-jeu \u00e0 Emegha (17), il a aussi c\u00e9d\u00e9 sur le contre alsacien conclu par Ouattara apr\u00e8s validation de la VAR (50).<\/p>\n<p>MURILLO 6,5<\/p>\n<p>Le Panam\u00e9en a \u00e9t\u00e9 mis \u00e0 mal par la vivacit\u00e9 de Moreira, \u00e0 l&rsquo;image de l&rsquo;avertissement re\u00e7u pour une faute sur le feu follet strasbourgeois (26), mais il s&rsquo;est battu jusqu&rsquo;au bout. Il aurait pu \u00eatre passeur d\u00e9cisif pour Gouiri (54) et s&rsquo;est veng\u00e9 sur la fin en inscrivant, du gauche, le but de la victoire (90+1).<\/p>\n<p>BALERDI 3,5<\/p>\n<p>Le capitaine olympien s&rsquo;est surtout signal\u00e9 en premi\u00e8re p\u00e9riode dans le camp alsacien, avec un tir de 45m (13) et un centre depuis le c\u00f4t\u00e9 droit (37). Averti pour un accrochage sur Emegha (45), il a surtout manqu\u00e9 (encore une fois) son alignement sur le but de Ouattara (49).<\/p>\n<p>AGUERD 6<\/p>\n<p>L&rsquo;entame de match a \u00e9t\u00e9 difficile pour <a href=\"https:\/\/www.laprovence.com\/article\/om\/1157593678085614\/om-nayef-aguerd-le-leader-quil-manquait-derriere\" target=\"_blank\" rel=\"noopener\">le Marocain<\/a>. Mis sous pression par Emegha, il a rapidement \u00e9t\u00e9 sanctionn\u00e9 d&rsquo;un carton jaune (24) pour une faute sur le N\u00e9erlandais, qui lui a aussi mis les doigts dans les yeux (47). Pr\u00e9cieux pour sauver un ballon chaud devant Panichelli (68).<\/p>\n<p>MEDINA 5<\/p>\n<p>L&rsquo;Argentin a pass\u00e9 son d\u00e9but de soir\u00e9e \u00e0 surveiller Paez, mais on l&rsquo;a aussi vu couper un centre de Moreira (25) et gratter un ballon dans les pieds d&rsquo;Emegha (32). Positionn\u00e9 dans l&rsquo;axe gauche de la d\u00e9fense \u00e0 trois, il a tent\u00e9 de compenser et de stimuler ses partenaires.<\/p>\n<p>O&rsquo;Riley 5<\/p>\n<p>De Zerbi avait beaucoup aim\u00e9 <a href=\"https:\/\/www.laprovence.com\/article\/om\/431224357534814\/om-psg-1-0-hojbjerg-aura-realise-un-match-de-patron\" target=\"_blank\" rel=\"noopener\">son association avec Hojbjerg<\/a> dans le double-pivot, lors du Clasico. Le Lombard en a donc redemand\u00e9. L&rsquo;exp\u00e9rience a \u00e9t\u00e9 moins concluante. Le joueur pr\u00eat\u00e9 par Brighton a encore beaucoup couru, mais cette fois derri\u00e8re les fl\u00e8ches alsaciennes. Remplac\u00e9 par Pavard (85).<\/p>\n<p>Hojbjerg 6<\/p>\n<p>Moins impactant que face \u00e0 Paris, o\u00f9 il avait retrouv\u00e9 un excellent niveau, le Danois a quand m\u00eame \u00e9t\u00e9 le meilleur milieu \u00e0 la Meinau, c\u00f4t\u00e9 OM. Pr\u00e9sent \u00e0 la r\u00e9cup\u00e9ration, il a aussi \u00e9t\u00e9 habile pour ressortir le ballon. Une ouverture splendide pour Paixao (36) et une balle de but pour \u00ab\u00a0Auba\u00a0\u00bb (78).\u00a0<\/p>\n<p>Weah 5<\/p>\n<p>Dans un r\u00f4le plus ou moins similaire \u00e0 <a href=\"https:\/\/www.laprovence.com\/article\/om\/2364712281931614\/om-timothy-weah-lhomme-a-tout-faire-de-roberto-de-zerbi\" target=\"_blank\" rel=\"noopener\">celui qu&rsquo;il a tenu \u00e0 Madrid<\/a>, dans le couloir gauche, l&rsquo;Am\u00e9ricain n&rsquo;a pas eu autant d&rsquo;espaces qu&rsquo;au Bernabeu. Il n&rsquo;a pas compt\u00e9 ses efforts et a m\u00eame failli tromper Mike Penders sur une frappe vicieuse et d\u00e9tourn\u00e9e (8). Remplac\u00e9 par Emerson (58).<\/p>\n<p>Paixao 3<\/p>\n<p>Dans la lign\u00e9e du Clasico, le Br\u00e9silien, cette fois align\u00e9 c\u00f4t\u00e9 droit, a paru tr\u00e8s emprunt\u00e9. Laborieux avec le ballon, gu\u00e8re tranchant quand il courait, il a au moins eu le m\u00e9rite de d\u00e9fendre. \u00c0 son actif, deux frappes. L&rsquo;une lourde (41), l&rsquo;autre impr\u00e9cise (54). Remplac\u00e9 par Greenwood (58).<\/p>\n<p>Gouiri 3<\/p>\n<p>Match \u00e0 deux visages pour le Franco-alg\u00e9rien. C\u00f4t\u00e9 pile, une grande maladresse dans le dernier geste (8, 31, 54), qui co\u00fbte cher. C\u00f4t\u00e9 face, beaucoup de justesse dans le jeu dos au but, malgr\u00e9 l&rsquo;imposant Mamadou Sarr qui le marquait \u00e0 la culotte. Remplac\u00e9 par Aubameyang (58), auteur de l&rsquo;\u00e9galisation (78).<\/p>\n<p>Gomes 4<\/p>\n<p>Un pressing intensif dans les toutes premi\u00e8res minutes de la rencontre, puis plus grand-chose de notable \u00e0 mettre au cr\u00e9dit de l&rsquo;Anglais de poche, qui retrouvait le terrain apr\u00e8s deux matches regard\u00e9s depuis le banc. Plut\u00f4t timide, il lance toutefois Gouiri \u00e0 la limite du hors-jeu (31).\u00a0\u00a0<\/p>\n","protected":false},"excerpt":{"rendered":"RULLI 5 Apr\u00e8s sa semaine royale, du Real Madrid au PSG, le portier argentin a eu moins de&hellip;\n","protected":false},"author":2,"featured_media":420301,"comment_status":"","ping_status":"","sticky":false,"template":"","format":"standard","meta":{"footnotes":""},"categories":[2],"tags":[38865,17,11,1011,27,47837,34730,54939,12,149,42135,54801,3356],"class_list":{"0":"post-420300","1":"post","2":"type-post","3":"status-publish","4":"format-standard","5":"has-post-thumbnail","7":"category-actualites","8":"tag-1-2","9":"tag-17","10":"tag-actualites","11":"tag-fr","12":"tag-france","13":"tag-gong","14":"tag-heros","15":"tag-murillo","16":"tag-news","17":"tag-om","18":"tag-paixao","19":"tag-strasbourg-om","20":"tag-sur"},"share_on_mastodon":{"url":"https:\/\/pubeurope.com\/@fr\/115273708563416589","error":""},"_links":{"self":[{"href":"https:\/\/www.europesays.com\/fr\/wp-json\/wp\/v2\/posts\/420300","targetHints":{"allow":["GET"]}}],"collection":[{"href":"https:\/\/www.europesays.com\/fr\/wp-json\/wp\/v2\/posts"}],"about":[{"href":"https:\/\/www.europesays.com\/fr\/wp-json\/wp\/v2\/types\/post"}],"author":[{"embeddable":true,"href":"https:\/\/www.europesays.com\/fr\/wp-json\/wp\/v2\/users\/2"}],"replies":[{"embeddable":true,"href":"https:\/\/www.europesays.com\/fr\/wp-json\/wp\/v2\/comments?post=420300"}],"version-history":[{"count":0,"href":"https:\/\/www.europesays.com\/fr\/wp-json\/wp\/v2\/posts\/420300\/revisions"}],"wp:featuredmedia":[{"embeddable":true,"href":"https:\/\/www.europesays.com\/fr\/wp-json\/wp\/v2\/media\/420301"}],"wp:attachment":[{"href":"https:\/\/www.europesays.com\/fr\/wp-json\/wp\/v2\/media?parent=420300"}],"wp:term":[{"taxonomy":"category","embeddable":true,"href":"https:\/\/www.europesays.com\/fr\/wp-json\/wp\/v2\/categories?post=420300"},{"taxonomy":"post_tag","embeddable":true,"href":"https:\/\/www.europesays.com\/fr\/wp-json\/wp\/v2\/tags?post=420300"}],"curies":[{"name":"wp","href":"https:\/\/api.w.org\/{rel}","templated":true}]}}