{"id":420302,"date":"2025-09-27T01:39:29","date_gmt":"2025-09-27T01:39:29","guid":{"rendered":"https:\/\/www.europesays.com\/fr\/420302\/"},"modified":"2025-09-27T01:39:29","modified_gmt":"2025-09-27T01:39:29","slug":"saint-etienne-ils-tentent-de-voler-une-puissante-moto-a-linterieur-du-centre-de-conduite-dune-auto-ecole","status":"publish","type":"post","link":"https:\/\/www.europesays.com\/fr\/420302\/","title":{"rendered":"Saint-\u00c9tienne. Ils tentent de voler une puissante moto \u00e0 l\u2019int\u00e9rieur du centre de conduite d\u2019une auto-\u00e9cole"},"content":{"rendered":"<p>Le responsable du centre de conduite d\u2019une auto-\u00e9cole a \u00e9t\u00e9 r\u00e9veill\u00e9 au beau milieu de la nuit par l\u2019alarme de l\u2019\u00e9quipement reli\u00e9e \u00e0 son t\u00e9l\u00e9phone portable. Imm\u00e9diatement ce dernier comprend que l\u2019on est en train de s\u2019introduire sur cette piste priv\u00e9e o\u00f9 des v\u00e9hicules sont stationn\u00e9s et il d\u00e9cide d\u2019alerter les services de police.<\/p>\n<p>  Ils tentent de prendre la fuite \u00e0 pied<\/p>\n<p>En quelques minutes, un \u00e9quipage de la Brigade anticriminalit\u00e9 se transporte sur les lieux, boulevard Fauriat dans le quartier du Soleil \u00e0 Saint-\u00c9tienne. Les policiers vont alors faire face \u00e0 deux individus en train de faire sortir, par le trou qu\u2019ils avaient d\u00e9coup\u00e9 dans le grillage, une moto de grosse cylindr\u00e9e.<\/p>\n<p>Les deux jeunes hommes tentent de prendre la fuite \u00e0 pied apr\u00e8s avoir l\u00e2ch\u00e9 le deux-roues. Cependant, les fonctionnaires ont rapidement r\u00e9ussi \u00e0 les rattraper et \u00e0 les interpeller. \u00c2g\u00e9s de 20 et 23 ans et habitant la commune de Saint-\u00c9tienne, tous deux ont \u00e9t\u00e9 plac\u00e9s en garde \u00e0 vue et devraient \u00eatre rapidement jug\u00e9s devant le tribunal correctionnel de Saint-\u00c9tienne dans le cadre d\u2019une audience en comparution imm\u00e9diate.<\/p>\n","protected":false},"excerpt":{"rendered":"Le responsable du centre de conduite d\u2019une auto-\u00e9cole a \u00e9t\u00e9 r\u00e9veill\u00e9 au beau milieu de la nuit par&hellip;\n","protected":false},"author":2,"featured_media":420303,"comment_status":"","ping_status":"","sticky":false,"template":"","format":"standard","meta":{"footnotes":""},"categories":[9653],"tags":[1111,11,2430,271,272,7539,1777,674,274,1011,27,3367,12,25,4001,7538,104,2803],"class_list":{"0":"post-420302","1":"post","2":"type-post","3":"status-publish","4":"format-standard","5":"has-post-thumbnail","7":"category-saint-etienne","8":"tag-actu","9":"tag-actualites","10":"tag-auvergne-rhone-alpes","11":"tag-crime","12":"tag-delit-et-contravention","13":"tag-edition-loire-sud","14":"tag-eu","15":"tag-europe","16":"tag-faits-divers-justice","17":"tag-fr","18":"tag-france","19":"tag-loire","20":"tag-news","21":"tag-republique-francaise","22":"tag-saint-etienne","23":"tag-saint-etienne-ville","24":"tag-societe","25":"tag-transport"},"share_on_mastodon":{"url":"https:\/\/pubeurope.com\/@fr\/115273712688389384","error":""},"_links":{"self":[{"href":"https:\/\/www.europesays.com\/fr\/wp-json\/wp\/v2\/posts\/420302","targetHints":{"allow":["GET"]}}],"collection":[{"href":"https:\/\/www.europesays.com\/fr\/wp-json\/wp\/v2\/posts"}],"about":[{"href":"https:\/\/www.europesays.com\/fr\/wp-json\/wp\/v2\/types\/post"}],"author":[{"embeddable":true,"href":"https:\/\/www.europesays.com\/fr\/wp-json\/wp\/v2\/users\/2"}],"replies":[{"embeddable":true,"href":"https:\/\/www.europesays.com\/fr\/wp-json\/wp\/v2\/comments?post=420302"}],"version-history":[{"count":0,"href":"https:\/\/www.europesays.com\/fr\/wp-json\/wp\/v2\/posts\/420302\/revisions"}],"wp:featuredmedia":[{"embeddable":true,"href":"https:\/\/www.europesays.com\/fr\/wp-json\/wp\/v2\/media\/420303"}],"wp:attachment":[{"href":"https:\/\/www.europesays.com\/fr\/wp-json\/wp\/v2\/media?parent=420302"}],"wp:term":[{"taxonomy":"category","embeddable":true,"href":"https:\/\/www.europesays.com\/fr\/wp-json\/wp\/v2\/categories?post=420302"},{"taxonomy":"post_tag","embeddable":true,"href":"https:\/\/www.europesays.com\/fr\/wp-json\/wp\/v2\/tags?post=420302"}],"curies":[{"name":"wp","href":"https:\/\/api.w.org\/{rel}","templated":true}]}}