{"id":420304,"date":"2025-09-27T01:40:21","date_gmt":"2025-09-27T01:40:21","guid":{"rendered":"https:\/\/www.europesays.com\/fr\/420304\/"},"modified":"2025-09-27T01:40:21","modified_gmt":"2025-09-27T01:40:21","slug":"le-maire-de-saint-etienne-se-dit-pret-a-demissionner-si-la-moindre-culpabilite-etait-retenue","status":"publish","type":"post","link":"https:\/\/www.europesays.com\/fr\/420304\/","title":{"rendered":"le maire de Saint-\u00c9tienne se dit pr\u00eat \u00e0 d\u00e9missionner \u00ab\u00a0si la moindre culpabilit\u00e9 \u00e9tait retenue\u00a0\u00bb"},"content":{"rendered":"<p class=\"mb-4 text-lg md:leading-8 break-words\">Jamais encore le maire de Saint-\u00c9tienne n&rsquo;avait ouvertement \u00e9voqu\u00e9 la d\u00e9mission. Ga\u00ebl Perdriau a d\u00e9clar\u00e9 face \u00e0 la pr\u00e9sidente du tribunal correctionnel ce vendredi 26 septembre qu&rsquo;il abandonnerait ses mandats \u00ab\u00a0si la moindre culpabilit\u00e9 \u00e9tait retenue contre moi\u00a0\u00bb, relaie <a data-i13n=\"cpos:1;pos:1\" href=\"https:\/\/www.francebleu.fr\/infos\/faits-divers-justice\/proces-de-la-sextape-a-saint-etienne-gael-perdriau-promet-de-demissionner-s-il-est-reconnu-coupable-8786210\" rel=\"nofollow noopener\" target=\"_blank\" data-ylk=\"slk:Ici Loire;cpos:1;pos:1;elm:context_link;itc:0;sec:content-canvas\" class=\"link \">Ici Loire<\/a>. Il pr\u00e9cise que cette d\u00e9cision s&rsquo;appliquerait \u00ab\u00a0quand bien m\u00eame [il] ferait appel\u00a0\u00bb.<\/p>\n<p class=\"mb-4 text-lg md:leading-8 break-words\">Une d\u00e9claration \u00e0 rebours de l&rsquo;attitude adopt\u00e9e par l&rsquo;\u00e9dile depuis l&rsquo;\u00e9clatement de <a data-i13n=\"cpos:2;pos:1\" href=\"https:\/\/fr.news.yahoo.com\/sextape-ann%C3%A9es-chantage-ouverture-proc%C3%A8s-043900688.html\" data-ylk=\"slk:l&#039;affaire de chantage \u00e0 la sextape;cpos:2;pos:1;elm:context_link;itc:0;sec:content-canvas;outcm:mb_qualified_link;_E:mb_qualified_link;ct:story;\" class=\"link  yahoo-link\" target=\"_blank\" rel=\"noopener\">l&rsquo;affaire de chantage \u00e0 la sextape<\/a> r\u00e9v\u00e9l\u00e9e en 2022 lorsque M\u00e9diapart publie une vid\u00e9o prise \u00e0 l&rsquo;insu du premier adjoint de Saint-\u00c9tienne, Gilles Artigues, avec un escort boy dans un h\u00f4tel parisien.<\/p>\n<p class=\"mb-4 text-lg md:leading-8 break-words\">Ga\u00ebl Perdriau est soup\u00e7onn\u00e9 d&rsquo;avoir demand\u00e9 \u00e0 sa garde rapproch\u00e9e de pi\u00e9ger ce rival pour d\u00e9tenir des \u00e9l\u00e9ments compromettants de nature \u00e0 an\u00e9antir ses ambitions politiques pour le fauteuil de maire de cette ville de 175.000 habitants.<\/p>\n<p>Il s&rsquo;est accroch\u00e9 \u00e0 son mandat<\/p>\n<p class=\"mb-4 text-lg md:leading-8 break-words\">Pendant trois ans d&rsquo;enqu\u00eate, la vie politique st\u00e9phanoise a \u00e9t\u00e9 perturb\u00e9e par ce scandale mais <a data-i13n=\"cpos:3;pos:1\" href=\"https:\/\/fr.news.yahoo.com\/chantage-politique-%C3%A0-saint-etienne-182142256.html\" data-ylk=\"slk:Ga\u00ebl Perdriau s&#039;est accroch\u00e9 \u00e0 son mandat;cpos:3;pos:1;elm:context_link;itc:0;sec:content-canvas;outcm:mb_qualified_link;_E:mb_qualified_link;ct:story;\" class=\"link  yahoo-link\" target=\"_blank\" rel=\"noopener\">Ga\u00ebl Perdriau s&rsquo;est accroch\u00e9 \u00e0 son mandat<\/a>, clamant son innocence et s&rsquo;en remettant \u00e0 la justice. Son parti, Les R\u00e9publicains, <a data-i13n=\"cpos:4;pos:1\" href=\"https:\/\/fr.news.yahoo.com\/chantage-%C3%A0-sextape-maire-saint-084010227.html\" data-ylk=\"slk:l&#039;a exclu;cpos:4;pos:1;elm:context_link;itc:0;sec:content-canvas;outcm:mb_qualified_link;_E:mb_qualified_link;ct:story;\" class=\"link  yahoo-link\" target=\"_blank\" rel=\"noopener\">l&rsquo;a exclu<\/a> peu apr\u00e8s les r\u00e9v\u00e9lations de la presse. Il s&rsquo;est mis en cong\u00e9 de ses fonctions \u00e0 la m\u00e9tropole mais n&rsquo;a pas l\u00e2ch\u00e9 la mairie. Une dizaine d&rsquo;\u00e9lus de sa majorit\u00e9 ont claqu\u00e9 la porte en guise de protestation. Il n&rsquo;a pas fait une croix sur les \u00e9lections municipales de 2026.<\/p>\n<p class=\"mb-4 text-lg md:leading-8 break-words\">Pr\u00e8s de trois ans apr\u00e8s l&rsquo;\u00e9closion du scandale, il a \u00e9t\u00e9 <a data-i13n=\"cpos:5;pos:1\" href=\"https:\/\/fr.news.yahoo.com\/sextape-%C3%A0-saint-etienne-parquet-102119337.html\" data-ylk=\"slk:renvoy\u00e9 devant le tribunal correctionnel pour;cpos:5;pos:1;elm:context_link;itc:0;sec:content-canvas;outcm:mb_qualified_link;_E:mb_qualified_link;ct:story;\" class=\"link  yahoo-link\" target=\"_blank\" rel=\"noopener\">renvoy\u00e9 devant le tribunal correctionnel pour<\/a> \u00ab\u00a0chantage, soustraction, d\u00e9tournement de fonds publics par un d\u00e9positaire de l&rsquo;autorit\u00e9 publique et participation \u00e0 une association de malfaiteurs\u00a0\u00bb, un d\u00e9lit puni d&rsquo;au moins cinq ans de prison.<\/p>\n<p>Les co-accus\u00e9s d\u00e9signent le maire<\/p>\n<p class=\"mb-4 text-lg md:leading-8 break-words\"><a data-i13n=\"cpos:6;pos:1\" href=\"https:\/\/fr.news.yahoo.com\/sextape-ann%C3%A9es-chantage-ouverture-proc%C3%A8s-043900688.html\" data-ylk=\"slk:Depuis lundi il est jug\u00e9 \u00e0 Lyon;cpos:6;pos:1;elm:context_link;itc:0;sec:content-canvas;outcm:mb_qualified_link;_E:mb_qualified_link;ct:story;\" class=\"link  yahoo-link\" target=\"_blank\" rel=\"noopener\">Depuis lundi il est jug\u00e9 \u00e0 Lyon<\/a> avec trois anciens membres de son entourage. Entendus un par un, ces trois co-accus\u00e9s ont tous reconnus avoir complot\u00e9 pour filmer <a data-i13n=\"cpos:7;pos:1\" href=\"https:\/\/fr.news.yahoo.com\/saint-%C3%A9tienne-au-premier-jour-223351998.html\" data-ylk=\"slk:l&#039;ancien Premier adjoint Gilles Artigues;cpos:7;pos:1;elm:context_link;itc:0;sec:content-canvas;outcm:mb_qualified_link;_E:mb_qualified_link;ct:story;\" class=\"link  yahoo-link\" target=\"_blank\" rel=\"noopener\">l&rsquo;ancien Premier adjoint Gilles Artigues<\/a>, un catholique qui s&rsquo;\u00e9tait oppos\u00e9 au mariage homosexuel, avec un prostitu\u00e9, afin de le \u00ab\u00a0tenir\u00a0\u00bb politiquement. Surtout, ils ont assur\u00e9 que le maire avaient jou\u00e9 un r\u00f4le dans ce \u00ab\u00a0kompromat\u00a0\u00bb.<\/p>\n<p class=\"mb-4 text-lg md:leading-8 break-words\">Le maire de Saint-\u00c9tienne nie toute implication. Lors du deuxi\u00e8me jour du proc\u00e8s, il a d\u00e9clar\u00e9 que \u00ab\u00a0\u00e7a s&rsquo;est fait sans [lui]\u00a0\u00bb. \u00ab\u00a0Chacun d&rsquo;eux avait des raisons personnelles d&rsquo;organiser cette vid\u00e9o\u00a0\u00bb, ambition, app\u00e2t du gain ou rancunes, a-t-il soutenu.<\/p>\n<p class=\"mb-4 text-lg md:leading-8 break-words\">Le proc\u00e8s durera jusqu&rsquo;\u00e0 lundi et le jugement sera sans doute mis en d\u00e9lib\u00e9r\u00e9.<\/p>\n<p class=\"mb-4 text-lg md:leading-8 break-words\"><a data-i13n=\"cpos:8;pos:1\" href=\"https:\/\/www.bfmtv.com\/police-justice\/proces-du-chantage-a-la-sextape-le-maire-de-saint-etienne-se-dit-pret-a-demissionner-si-la-moindre-culpabilite-etait-retenue_AV-202509260859.html#xtor=AL-68\" rel=\"nofollow noopener\" target=\"_blank\" data-ylk=\"slk:Article original publi\u00e9 sur BFMTV.com;cpos:8;pos:1;elm:context_link;itc:0;sec:content-canvas\" class=\"link \">Article original publi\u00e9 sur BFMTV.com<\/a><\/p>\n","protected":false},"excerpt":{"rendered":"Jamais encore le maire de Saint-\u00c9tienne n&rsquo;avait ouvertement \u00e9voqu\u00e9 la d\u00e9mission. Ga\u00ebl Perdriau a d\u00e9clar\u00e9 face \u00e0 la&hellip;\n","protected":false},"author":2,"featured_media":420305,"comment_status":"","ping_status":"","sticky":false,"template":"","format":"standard","meta":{"footnotes":""},"categories":[9653],"tags":[1111,11,2430,1777,674,1011,27,12242,35632,12,24321,25,4001,25463],"class_list":{"0":"post-420304","1":"post","2":"type-post","3":"status-publish","4":"format-standard","5":"has-post-thumbnail","7":"category-saint-etienne","8":"tag-actu","9":"tag-actualites","10":"tag-auvergne-rhone-alpes","11":"tag-eu","12":"tag-europe","13":"tag-fr","14":"tag-france","15":"tag-gael-perdriau","16":"tag-gilles-artigues","17":"tag-news","18":"tag-perdriau","19":"tag-republique-francaise","20":"tag-saint-etienne","21":"tag-tribunal-correctionnel"},"share_on_mastodon":{"url":"https:\/\/pubeurope.com\/@fr\/115273716432863541","error":""},"_links":{"self":[{"href":"https:\/\/www.europesays.com\/fr\/wp-json\/wp\/v2\/posts\/420304","targetHints":{"allow":["GET"]}}],"collection":[{"href":"https:\/\/www.europesays.com\/fr\/wp-json\/wp\/v2\/posts"}],"about":[{"href":"https:\/\/www.europesays.com\/fr\/wp-json\/wp\/v2\/types\/post"}],"author":[{"embeddable":true,"href":"https:\/\/www.europesays.com\/fr\/wp-json\/wp\/v2\/users\/2"}],"replies":[{"embeddable":true,"href":"https:\/\/www.europesays.com\/fr\/wp-json\/wp\/v2\/comments?post=420304"}],"version-history":[{"count":0,"href":"https:\/\/www.europesays.com\/fr\/wp-json\/wp\/v2\/posts\/420304\/revisions"}],"wp:featuredmedia":[{"embeddable":true,"href":"https:\/\/www.europesays.com\/fr\/wp-json\/wp\/v2\/media\/420305"}],"wp:attachment":[{"href":"https:\/\/www.europesays.com\/fr\/wp-json\/wp\/v2\/media?parent=420304"}],"wp:term":[{"taxonomy":"category","embeddable":true,"href":"https:\/\/www.europesays.com\/fr\/wp-json\/wp\/v2\/categories?post=420304"},{"taxonomy":"post_tag","embeddable":true,"href":"https:\/\/www.europesays.com\/fr\/wp-json\/wp\/v2\/tags?post=420304"}],"curies":[{"name":"wp","href":"https:\/\/api.w.org\/{rel}","templated":true}]}}