{"id":420306,"date":"2025-09-27T01:41:21","date_gmt":"2025-09-27T01:41:21","guid":{"rendered":"https:\/\/www.europesays.com\/fr\/420306\/"},"modified":"2025-09-27T01:41:21","modified_gmt":"2025-09-27T01:41:21","slug":"photos-ville-en-vermois-les-agriculteurs-en-colere","status":"publish","type":"post","link":"https:\/\/www.europesays.com\/fr\/420306\/","title":{"rendered":"Photos. Ville-en-Vermois : les agriculteurs en col\u00e8re"},"content":{"rendered":"<p>Les syndicats FDSEA et JA de Meurthe-et-Moselle se mobilisent en organisant des feux de la col\u00e8re le long des grands axes routiers, comme ici sur le rond-point de Ville-en-Vermois. Une soixantaine d&rsquo;agriculteurs avec quinze tracteurs d\u00e9noncent l&rsquo;accumulation d&rsquo;incoh\u00e9rences, la concurrence d\u00e9loyale et le m\u00e9pris qu&rsquo;ils subissent au quotidien. Ils refusent d&rsquo;\u00eatre la variable d&rsquo;ajustement des politiques publiques et des march\u00e9s. Ils demandes des actes concrets pour prot\u00e9ger leur m\u00e9tier et assurer l&rsquo;avenir de l&rsquo;agriculture fran\u00e7aise.<\/p>\n<p>&#13;<br \/>\n              Photos : Alexandre Marchi  &#8211; &#13;<br \/>\n        &#13;<br \/>\n          Hier \u00e0 21:17&#13;<br \/>\n    &#13;<br \/>\n                  | mis \u00e0 jour hier \u00e0 22:20&#13;<br \/>\n              &#8211; Temps de lecture : &#13;<br \/>\n  &#13;<\/p>\n","protected":false},"excerpt":{"rendered":"Les syndicats FDSEA et JA de Meurthe-et-Moselle se mobilisent en organisant des feux de la col\u00e8re le long&hellip;\n","protected":false},"author":2,"featured_media":420307,"comment_status":"","ping_status":"","sticky":false,"template":"","format":"standard","meta":{"footnotes":""},"categories":[9635],"tags":[1111,11,9652,9671,1704,1777,674,1011,27,775,1702,12,25,801,54940],"class_list":{"0":"post-420306","1":"post","2":"type-post","3":"status-publish","4":"format-standard","5":"has-post-thumbnail","7":"category-nancy","8":"tag-actu","9":"tag-actualites","10":"tag-cc-des-pays-du-sel-et-du-vermois-54b","11":"tag-conflit-social","12":"tag-edition-nancy-et-agglomeration","13":"tag-eu","14":"tag-europe","15":"tag-fr","16":"tag-france","17":"tag-grand-est","18":"tag-nancy","19":"tag-news","20":"tag-republique-francaise","21":"tag-social","22":"tag-ville-en-vermois"},"share_on_mastodon":{"url":"https:\/\/pubeurope.com\/@fr\/115273720615428580","error":""},"_links":{"self":[{"href":"https:\/\/www.europesays.com\/fr\/wp-json\/wp\/v2\/posts\/420306","targetHints":{"allow":["GET"]}}],"collection":[{"href":"https:\/\/www.europesays.com\/fr\/wp-json\/wp\/v2\/posts"}],"about":[{"href":"https:\/\/www.europesays.com\/fr\/wp-json\/wp\/v2\/types\/post"}],"author":[{"embeddable":true,"href":"https:\/\/www.europesays.com\/fr\/wp-json\/wp\/v2\/users\/2"}],"replies":[{"embeddable":true,"href":"https:\/\/www.europesays.com\/fr\/wp-json\/wp\/v2\/comments?post=420306"}],"version-history":[{"count":0,"href":"https:\/\/www.europesays.com\/fr\/wp-json\/wp\/v2\/posts\/420306\/revisions"}],"wp:featuredmedia":[{"embeddable":true,"href":"https:\/\/www.europesays.com\/fr\/wp-json\/wp\/v2\/media\/420307"}],"wp:attachment":[{"href":"https:\/\/www.europesays.com\/fr\/wp-json\/wp\/v2\/media?parent=420306"}],"wp:term":[{"taxonomy":"category","embeddable":true,"href":"https:\/\/www.europesays.com\/fr\/wp-json\/wp\/v2\/categories?post=420306"},{"taxonomy":"post_tag","embeddable":true,"href":"https:\/\/www.europesays.com\/fr\/wp-json\/wp\/v2\/tags?post=420306"}],"curies":[{"name":"wp","href":"https:\/\/api.w.org\/{rel}","templated":true}]}}