{"id":42031,"date":"2025-04-21T17:39:08","date_gmt":"2025-04-21T17:39:08","guid":{"rendered":"https:\/\/www.europesays.com\/fr\/42031\/"},"modified":"2025-04-21T17:39:08","modified_gmt":"2025-04-21T17:39:08","slug":"yvelines-il-crie-allahou-akbar-et-menace-de-faire-sauter-le-train","status":"publish","type":"post","link":"https:\/\/www.europesays.com\/fr\/42031\/","title":{"rendered":"Yvelines\u00a0: il crie \u00ab\u00a0Allahou akbar\u00a0\u00bb et menace de faire sauter le train"},"content":{"rendered":"<p class=\"paragraph text_align_left\">Les voyageurs du train Le Havre \u2013 Paris de 7h02 ont eu une grosse frayeur ce lundi matin. Alors que leur TER arrivait en banlieue parisienne, un des usagers a commenc\u00e9 <a href=\"https:\/\/www.leparisien.fr\/yvelines-78\/versailles-il-menace-degorger-un-homme-de-faire-peter-la-station-service-et-crie-allahou-akbar-16-01-2025-U6UT4JDGP5CHZMOEJIFNIM2JOU.php\" target=\"_blank\" rel=\"nofollow noopener\">\u00e0 crier \u00e0 plusieurs reprises \u00ab Allahou akbar \u00bb<\/a> dans la trav\u00e9e, assurant avoir pos\u00e9 des explosifs sur la rame et mena\u00e7ant de les d\u00e9clencher. Des voyageurs terroris\u00e9s par le comportement de cet individu se sont pr\u00e9cipit\u00e9s vers l\u2019avant de la rame.<\/p>\n<p class=\"paragraph text_align_left\">Des passagers et un contr\u00f4leur de la SNCF ont imm\u00e9diatement alert\u00e9 les forces de l\u2019ordre. Le train s\u2019est arr\u00eat\u00e9 en gare d\u2019Ach\u00e8res \u2013 Grand Cormier. \u00c0 9h20, les policiers ont neutralis\u00e9 cet homme de 56 ans, originaire de Seine-Saint-Denis, en le mettant en joue.<\/p>\n<p>Le train et la gare \u00e9vacu\u00e9s<\/p>\n<p class=\"paragraph text_align_left\">Les quelque 150 voyageurs du train ont \u00e9t\u00e9 \u00e9vacu\u00e9s tout comme la gare. Le service de d\u00e9minage sollicit\u00e9 pour une lev\u00e9e de doute.<\/p>\n<p class=\"paragraph text_align_left\">Durant ce temps, certains trains ont \u00e9t\u00e9 d\u00e9tourn\u00e9s sur un autre itin\u00e9raire, rallongeant le parcours de 20 minutes. D\u2019autres ont \u00e9t\u00e9 supprim\u00e9s. \u00c0 12h10, l\u2019action des d\u00e9mineurs \u00e9tait termin\u00e9e. Aucun engin explosif n\u2019avait \u00e9t\u00e9 d\u00e9couvert dans le train. Le trafic a pu reprendre progressivement.<\/p>\n<p class=\"paragraph text_align_left\">L\u2019homme a \u00e9t\u00e9 plac\u00e9 en garde \u00e0 vue pour \u00ab apologie du terrorisme \u00bb. Apr\u00e8s une expertise psychiatrique, il a finalement \u00e9t\u00e9 d\u00e9clar\u00e9 inapte \u00e0 une sanction p\u00e9nale. Le quinquag\u00e9naire, inconnu des services de police, qui souffre de troubles psychiatriques a, semble-t-il, d\u00e9compens\u00e9. Il devait \u00eatre intern\u00e9 d\u2019office.<\/p>\n","protected":false},"excerpt":{"rendered":"Les voyageurs du train Le Havre \u2013 Paris de 7h02 ont eu une grosse frayeur ce lundi matin.&hellip;\n","protected":false},"author":2,"featured_media":42032,"comment_status":"","ping_status":"","sticky":false,"template":"","format":"standard","meta":{"footnotes":""},"categories":[4],"tags":[11,118,1011,27,1944,12,25,1938],"class_list":{"0":"post-42031","1":"post","2":"type-post","3":"status-publish","4":"format-standard","5":"has-post-thumbnail","7":"category-france","8":"tag-actualites","9":"tag-faits-divers","10":"tag-fr","11":"tag-france","12":"tag-ma-ville","13":"tag-news","14":"tag-republique-francaise","15":"tag-yvelines"},"share_on_mastodon":{"url":"https:\/\/pubeurope.com\/@fr\/114377180195934764","error":""},"_links":{"self":[{"href":"https:\/\/www.europesays.com\/fr\/wp-json\/wp\/v2\/posts\/42031","targetHints":{"allow":["GET"]}}],"collection":[{"href":"https:\/\/www.europesays.com\/fr\/wp-json\/wp\/v2\/posts"}],"about":[{"href":"https:\/\/www.europesays.com\/fr\/wp-json\/wp\/v2\/types\/post"}],"author":[{"embeddable":true,"href":"https:\/\/www.europesays.com\/fr\/wp-json\/wp\/v2\/users\/2"}],"replies":[{"embeddable":true,"href":"https:\/\/www.europesays.com\/fr\/wp-json\/wp\/v2\/comments?post=42031"}],"version-history":[{"count":0,"href":"https:\/\/www.europesays.com\/fr\/wp-json\/wp\/v2\/posts\/42031\/revisions"}],"wp:featuredmedia":[{"embeddable":true,"href":"https:\/\/www.europesays.com\/fr\/wp-json\/wp\/v2\/media\/42032"}],"wp:attachment":[{"href":"https:\/\/www.europesays.com\/fr\/wp-json\/wp\/v2\/media?parent=42031"}],"wp:term":[{"taxonomy":"category","embeddable":true,"href":"https:\/\/www.europesays.com\/fr\/wp-json\/wp\/v2\/categories?post=42031"},{"taxonomy":"post_tag","embeddable":true,"href":"https:\/\/www.europesays.com\/fr\/wp-json\/wp\/v2\/tags?post=42031"}],"curies":[{"name":"wp","href":"https:\/\/api.w.org\/{rel}","templated":true}]}}