{"id":420318,"date":"2025-09-27T01:48:25","date_gmt":"2025-09-27T01:48:25","guid":{"rendered":"https:\/\/www.europesays.com\/fr\/420318\/"},"modified":"2025-09-27T01:48:25","modified_gmt":"2025-09-27T01:48:25","slug":"dans-le-sillage-didrissa-seydi-le-fc-rouen-ne-sarrete-plus","status":"publish","type":"post","link":"https:\/\/www.europesays.com\/fr\/420318\/","title":{"rendered":"Dans le sillage d&rsquo;Idrissa Seydi, le FC Rouen ne s&rsquo;arr\u00eate plus"},"content":{"rendered":"<p>&#13;<br \/>\n        &#13;<\/p>\n<p>&#13;<br \/>\n                N1. J8 &#8211; FC Rouen \/ Bourg-en-Bresse 1-0            <\/p>\n<p>&#13;<\/p>\n<p>&#13;<br \/>\n                    Publi\u00e9 le 26 septembre 2025                <\/p>\n<p>                    &#13;<\/p>\n<p>Gr\u00e2ce \u00e0 une nouvelle r\u00e9alisation d&rsquo;Idriss Seydi ; la troisi\u00e8me d\u00e9j\u00e0 depuis son arriv\u00e9e d\u00e9but septembre (!), le FC Rouen a encha\u00een\u00e9, contre la lanterne rouge burgienne, une troisi\u00e8me victoire cons\u00e9cutive (1-0). Un succ\u00e8s qui permet aux joueurs de R\u00e9gis Brouard de conforter leur statut de leader.<\/p>\n<p>        <img fetchpriority=\"high\" width=\"1300\" height=\"915\" src=\"https:\/\/www.europesays.com\/fr\/wp-content\/uploads\/2025\/09\/fcr_bourg_cr.jpg\" class=\"attachment-post-thumbnail size-post-thumbnail wp-post-image\" alt=\"Apr\u00e8s huit journ\u00e9es, le FCR compte d\u00e9j\u00e0 cinq succ\u00e8s. Photo d'archives\" decoding=\"async\"  \/><\/p>\n<p>Apr\u00e8s huit journ\u00e9es, le FCR compte d\u00e9j\u00e0 cinq succ\u00e8s. Photo d&rsquo;archives<\/p>\n<p>C&rsquo;est ce qu&rsquo;on appelle un recrue efficace. Pour son troisi\u00e8me match sous les couleurs rouennaises, Idrissa Seydi, arriv\u00e9 d\u00e9but septembre chez les \u00ab Diables Rouges \u00bb, a inscrit son&#8230; troisi\u00e8me but ! Et comme la semaine derni\u00e8re face \u00e0 Orl\u00e9ans, la r\u00e9alisation de l&rsquo;ex-Avranchinaise a rapport\u00e9 trois points au FCR. Des statistiques compl\u00e8tement folles pour un gar\u00e7on qui d\u00e9couvre le niveau National du haut de ses 26 ans. Pourtant r\u00e9put\u00e9 pour sa maladresse dans son club pr\u00e9c\u00e9dent, l&rsquo;attaquant s\u00e9n\u00e9galais s&rsquo;est montr\u00e9 clinique contre Bourg-en-Bresse. Apr\u00e8s une premi\u00e8re tentative de la t\u00eate repouss\u00e9e, un peu miraculeusement, par le portier adverse (27&prime;), l&rsquo;ancien prot\u00e9g\u00e9 de Philippe Cl\u00e9ment au SU Dives-Cabourg a transform\u00e9 son deuxi\u00e8me essai. Parfaitement servi dans le dos de la d\u00e9fense burgienne, Idrissa Seydi a crochet\u00e9 son vis-\u00e0-vis avant de d\u00e9clencher une frappe du gauche qui a scotch\u00e9 sur place Teddy Boulhendi (30&prime;). Un encha\u00eenement salu\u00e9 par le public de Diochon qui n&rsquo;a pas manqu\u00e9 d&rsquo;acclamer son nouveau chouchou.<\/p>\n<p>M\u00eame si les hommes de R\u00e9gis Brouard ont connu pas mal de d\u00e9chet technique avant le repos, s&rsquo;occasionnant quelques frayeurs sur des pertes de balle stupides, ce but du n\u00b027 des \u00ab Diables Rouges \u00bb est venu r\u00e9compenser une prestation s\u00e9rieuse de leur part. D&rsquo;ailleurs, ils auraient pu se mettre \u00e0 l&rsquo;abri d\u00e8s le retour des vestiaires mais le penalty de Kenny Rocha Santos, cons\u00e9cutive \u00e0 une main de Jules Meyer dans les 16,50 m\u00e8tres, a termin\u00e9 sur la base du montant droit des cages burgiennes (56&prime;). Une dizaine de minutes plus tard, c&rsquo;est S\u00e9rign\u00e9 Faye qui \u00e9tait proche de doubler la mise en devan\u00e7ant la sortie de Teddy Boulhendi (68&prime;). Des opportunit\u00e9s non transform\u00e9es sans cons\u00e9quence pour le FCR qui, avec ce cinqui\u00e8me succ\u00e8s en huit journ\u00e9es, est confortablement install\u00e9e dans le fauteuil de leader du championnat de National.<\/p>\n<p>National 1. 8e journ\u00e9e (vendredi 26 septembre)<\/p>\n<p>FC Rouen &#8211; Bourg-en-Bresse 1-0<\/p>\n<p>Stade Robert-Diochon. 5 208 spectateurs.<\/p>\n<p>Mi-temps : 1-0.<\/p>\n<p>Arbitrage de M. Edgar Barenton.<\/p>\n<p>But : Seydi (30&prime;).<\/p>\n<p>Avertissements : Bassin (50&prime;) \u00e0 Rouen ; Slimani (3&prime;), Vitr\u00e9 (55&prime;), Patrick (89&prime;), Guel (93&prime;) \u00e0 Bourg-en-Bresse.<\/p>\n<ul class=\"wp-block-list\">\n<li><strong>FC Rouen :<\/strong> Axel Temperton (g) &#8211; Dany Goprou, Sofyane Bouzamoucha, Formose Mendy &#8211; Nassim Titebah, Cl\u00e9ment Bassin (cap) &#8211; Mustapha Benzia, Omar Bezzekhami (Valentin Fuss, 87&prime;), Kenny Rocha Santos &#8211; Idrissa Seydi (Enzo Genton, 78&prime;), S\u00e9rign\u00e9 Faye (Rapha\u00ebl Gerbeaud, 87&prime;). Rempla\u00e7ants : Antonin Cartillier, Amadou Ba-Sy. Entra\u00eeneur : R\u00e9gis Brouard.<\/li>\n<li><strong>Bourg-en-Bresse :<\/strong> Teddy Boulhendi (g) &#8211; Ars\u00e8ne Do Marcolino, Mohamed Sylla (Farouk Mecheri, 84&prime;), Quentin Lacour (cap), Nathan Vitr\u00e9 (Mohamed Elhadj Keita, 78&prime;) &#8211; Beimarse Tankiev (Kelvin Patrick, 84&prime;), Mamadou Magassouba &#8211; Rayan Slimani, Jules Meyer (Cheikh Koit\u00e9, 67&prime;), Moussa Guel &#8211; Benjamin Besic. Rempla\u00e7ants : Arthur Mazuy. Entra\u00eeneur : David Le Frapper.<\/li>\n<\/ul>\n","protected":false},"excerpt":{"rendered":"&#13; &#13; &#13; N1. J8 &#8211; FC Rouen \/ Bourg-en-Bresse 1-0 &#13; &#13; Publi\u00e9 le 26 septembre 2025&hellip;\n","protected":false},"author":2,"featured_media":420319,"comment_status":"","ping_status":"","sticky":false,"template":"","format":"standard","meta":{"footnotes":""},"categories":[9587],"tags":[1111,11,1777,674,1011,27,12,5161,25,9590],"class_list":{"0":"post-420318","1":"post","2":"type-post","3":"status-publish","4":"format-standard","5":"has-post-thumbnail","7":"category-rouen","8":"tag-actu","9":"tag-actualites","10":"tag-eu","11":"tag-europe","12":"tag-fr","13":"tag-france","14":"tag-news","15":"tag-normandie","16":"tag-republique-francaise","17":"tag-rouen"},"share_on_mastodon":{"url":"https:\/\/pubeurope.com\/@fr\/115273748232325662","error":""},"_links":{"self":[{"href":"https:\/\/www.europesays.com\/fr\/wp-json\/wp\/v2\/posts\/420318","targetHints":{"allow":["GET"]}}],"collection":[{"href":"https:\/\/www.europesays.com\/fr\/wp-json\/wp\/v2\/posts"}],"about":[{"href":"https:\/\/www.europesays.com\/fr\/wp-json\/wp\/v2\/types\/post"}],"author":[{"embeddable":true,"href":"https:\/\/www.europesays.com\/fr\/wp-json\/wp\/v2\/users\/2"}],"replies":[{"embeddable":true,"href":"https:\/\/www.europesays.com\/fr\/wp-json\/wp\/v2\/comments?post=420318"}],"version-history":[{"count":0,"href":"https:\/\/www.europesays.com\/fr\/wp-json\/wp\/v2\/posts\/420318\/revisions"}],"wp:featuredmedia":[{"embeddable":true,"href":"https:\/\/www.europesays.com\/fr\/wp-json\/wp\/v2\/media\/420319"}],"wp:attachment":[{"href":"https:\/\/www.europesays.com\/fr\/wp-json\/wp\/v2\/media?parent=420318"}],"wp:term":[{"taxonomy":"category","embeddable":true,"href":"https:\/\/www.europesays.com\/fr\/wp-json\/wp\/v2\/categories?post=420318"},{"taxonomy":"post_tag","embeddable":true,"href":"https:\/\/www.europesays.com\/fr\/wp-json\/wp\/v2\/tags?post=420318"}],"curies":[{"name":"wp","href":"https:\/\/api.w.org\/{rel}","templated":true}]}}