{"id":420323,"date":"2025-09-27T01:52:15","date_gmt":"2025-09-27T01:52:15","guid":{"rendered":"https:\/\/www.europesays.com\/fr\/420323\/"},"modified":"2025-09-27T01:52:15","modified_gmt":"2025-09-27T01:52:15","slug":"pont-de-lalma-fragilise-par-lincendie-dun-bus-la-fermeture-de-la-voie-nantes-rennes-2","status":"publish","type":"post","link":"https:\/\/www.europesays.com\/fr\/420323\/","title":{"rendered":"Pont de l\u2019Alma fragilis\u00e9 par l\u2019incendie d\u2019un bus\u00a0: la fermeture de la voie Nantes-Rennes"},"content":{"rendered":"<p>Il faudra prendre son mal en patience pour les automobilistes qui passent par le sud de la capitale bretonne. Apr\u00e8s <a href=\"https:\/\/rennes.maville.com\/info\/info-locale\/video-un-bus-en-feu-au-niveau-d-un-barrage-sur-la-rocade-de-rennes-3ee58032-60f0-3c75-927c-b6b7ccd361b8\" target=\"_self\" rel=\"noopener\">l\u2019incendie d\u2019un bus<\/a> sur la rocade de <a href=\"https:\/\/rennes.maville.com\/info\/info-locale\/\" target=\"_self\" rel=\"noopener\">Rennes<\/a> (Ille-et-Vilaine) en marge de la mobilisation du 10\u00a0septembre, la voie Nantes-Rennes reste ferm\u00e9e sur le pont de l\u2019Alma, le temps d\u2019\u00e9tudier l\u2019ampleur des d\u00e9g\u00e2ts sur l\u2019\u00e9difice impact\u00e9 par les flammes.<\/p>\n<p><strong>Lire aussi\u00a0:<\/strong> <a href=\"https:\/\/rennes.maville.com\/actu\/actudet_-bus-incendie-sur-la-rocade-a-rennes-le-pont-endommage-la-circulation-perturbee-plusieurs-semaines-_7-6972618_actu.Htm\" target=\"_self\" rel=\"noopener\">Bus incendi\u00e9 sur la rocade \u00e0 Rennes\u00a0: le pont endommag\u00e9, la circulation perturb\u00e9e plusieurs semaines<\/a><\/p>\n<p>Dans un communiqu\u00e9 publi\u00e9 le 12\u00a0septembre, les services de la Direction interd\u00e9partementale des routes Ouest (Diro) pr\u00e9cisaient que la circulation devait rester perturb\u00e9e jusqu\u2019au vendredi 26\u00a0septembre 2025, dans le sud de Rennes, week-ends compris.<\/p>\n<p>Fermeture prolong\u00e9e de quelques jours pour les v\u00e9hicules l\u00e9gers<\/p>\n<p>La fermeture de la voie devrait se prolonger de plusieurs jours. Jusqu\u2019au mercredi 1er\u00a0octobre 2025, \u00e0 6\u00a0h, selon Bison fut\u00e9. Les expertises men\u00e9es sur le pont doivent \u00eatre rendues publiques en d\u00e9but de semaine prochaine, avant d\u2019envisager une possible r\u00e9ouverture de l\u2019axe routier pour les v\u00e9hicules l\u00e9gers. Une seconde vague d\u2019expertises devrait ensuite \u00eatre r\u00e9alis\u00e9e jusque mi-octobre. En ce qui concerne les poids lourds, l\u2019interdiction restera de mise plusieurs mois.<\/p>\n<p>\u00a0<\/p>\n","protected":false},"excerpt":{"rendered":"Il faudra prendre son mal en patience pour les automobilistes qui passent par le sud de la capitale&hellip;\n","protected":false},"author":2,"featured_media":420203,"comment_status":"","ping_status":"","sticky":false,"template":"","format":"standard","meta":{"footnotes":""},"categories":[2821],"tags":[1111,11,24105,829,7048,1777,674,13407,1011,30659,27,1310,5914,12,5604,20407,584,25,3728,1811],"class_list":{"0":"post-420323","1":"post","2":"type-post","3":"status-publish","4":"format-standard","5":"has-post-thumbnail","7":"category-rennes","8":"tag-actu","9":"tag-actualites","10":"tag-alma","11":"tag-bretagne","12":"tag-bus","13":"tag-eu","14":"tag-europe","15":"tag-fermeture","16":"tag-fr","17":"tag-fragilise","18":"tag-france","19":"tag-incendie","20":"tag-nantes-rennes","21":"tag-news","22":"tag-pont","23":"tag-prolongee","24":"tag-rennes","25":"tag-republique-francaise","26":"tag-saint-malo","27":"tag-voie"},"share_on_mastodon":{"url":"https:\/\/pubeurope.com\/@fr\/115273763656789284","error":""},"_links":{"self":[{"href":"https:\/\/www.europesays.com\/fr\/wp-json\/wp\/v2\/posts\/420323","targetHints":{"allow":["GET"]}}],"collection":[{"href":"https:\/\/www.europesays.com\/fr\/wp-json\/wp\/v2\/posts"}],"about":[{"href":"https:\/\/www.europesays.com\/fr\/wp-json\/wp\/v2\/types\/post"}],"author":[{"embeddable":true,"href":"https:\/\/www.europesays.com\/fr\/wp-json\/wp\/v2\/users\/2"}],"replies":[{"embeddable":true,"href":"https:\/\/www.europesays.com\/fr\/wp-json\/wp\/v2\/comments?post=420323"}],"version-history":[{"count":0,"href":"https:\/\/www.europesays.com\/fr\/wp-json\/wp\/v2\/posts\/420323\/revisions"}],"wp:featuredmedia":[{"embeddable":true,"href":"https:\/\/www.europesays.com\/fr\/wp-json\/wp\/v2\/media\/420203"}],"wp:attachment":[{"href":"https:\/\/www.europesays.com\/fr\/wp-json\/wp\/v2\/media?parent=420323"}],"wp:term":[{"taxonomy":"category","embeddable":true,"href":"https:\/\/www.europesays.com\/fr\/wp-json\/wp\/v2\/categories?post=420323"},{"taxonomy":"post_tag","embeddable":true,"href":"https:\/\/www.europesays.com\/fr\/wp-json\/wp\/v2\/tags?post=420323"}],"curies":[{"name":"wp","href":"https:\/\/api.w.org\/{rel}","templated":true}]}}