{"id":420326,"date":"2025-09-27T01:54:28","date_gmt":"2025-09-27T01:54:28","guid":{"rendered":"https:\/\/www.europesays.com\/fr\/420326\/"},"modified":"2025-09-27T01:54:28","modified_gmt":"2025-09-27T01:54:28","slug":"les-olympiens-remettent-les-pendules-a-lheure-en-alsace","status":"publish","type":"post","link":"https:\/\/www.europesays.com\/fr\/420326\/","title":{"rendered":"les Olympiens remettent les pendules \u00e0 l&rsquo;heure en Alsace"},"content":{"rendered":"<p>D\u00e9complex\u00e9 par sa d\u00e9faite encourageante en C1 <a href=\"https:\/\/www.laprovence.com\/article\/om\/1089107875322314\/real-om-2-1-defaits-sur-deux-penalties-le-coup-est-passe-si-pres-pour-les-olympiens\" target=\"_blank\" rel=\"noopener\">face au Real Madrid (2-1)<\/a>, la semaine pass\u00e9e, ragaillardi par son premier succ\u00e8s au V\u00e9lodrome en championnat depuis 14 ans contre le PSG (1-0), lundi dernier, le club olympien \u00e9tait ainsi arriv\u00e9 en Alsace pour r\u00e9gler des comptes. Et mettre fin \u00e0 la mal\u00e9diction de la Meinau, o\u00f9 les Olympiens n&rsquo;avaient plus gagn\u00e9 depuis un soir de d\u00e9cembre 2021 (0-2&#8230;<\/p>\n","protected":false},"excerpt":{"rendered":"D\u00e9complex\u00e9 par sa d\u00e9faite encourageante en C1 face au Real Madrid (2-1), la semaine pass\u00e9e, ragaillardi par son&hellip;\n","protected":false},"author":2,"featured_media":420327,"comment_status":"","ping_status":"","sticky":false,"template":"","format":"standard","meta":{"footnotes":""},"categories":[2820],"tags":[38865,17,1111,11,1777,674,1011,27,775,151,12,12072,149,54942,54941,25,640,54801],"class_list":{"0":"post-420326","1":"post","2":"type-post","3":"status-publish","4":"format-standard","5":"has-post-thumbnail","7":"category-strasbourg","8":"tag-1-2","9":"tag-17","10":"tag-actu","11":"tag-actualites","12":"tag-eu","13":"tag-europe","14":"tag-fr","15":"tag-france","16":"tag-grand-est","17":"tag-les","18":"tag-news","19":"tag-olympiens","20":"tag-om","21":"tag-pendules","22":"tag-remettent","23":"tag-republique-francaise","24":"tag-strasbourg","25":"tag-strasbourg-om"},"share_on_mastodon":{"url":"https:\/\/pubeurope.com\/@fr\/115273771637731616","error":""},"_links":{"self":[{"href":"https:\/\/www.europesays.com\/fr\/wp-json\/wp\/v2\/posts\/420326","targetHints":{"allow":["GET"]}}],"collection":[{"href":"https:\/\/www.europesays.com\/fr\/wp-json\/wp\/v2\/posts"}],"about":[{"href":"https:\/\/www.europesays.com\/fr\/wp-json\/wp\/v2\/types\/post"}],"author":[{"embeddable":true,"href":"https:\/\/www.europesays.com\/fr\/wp-json\/wp\/v2\/users\/2"}],"replies":[{"embeddable":true,"href":"https:\/\/www.europesays.com\/fr\/wp-json\/wp\/v2\/comments?post=420326"}],"version-history":[{"count":0,"href":"https:\/\/www.europesays.com\/fr\/wp-json\/wp\/v2\/posts\/420326\/revisions"}],"wp:featuredmedia":[{"embeddable":true,"href":"https:\/\/www.europesays.com\/fr\/wp-json\/wp\/v2\/media\/420327"}],"wp:attachment":[{"href":"https:\/\/www.europesays.com\/fr\/wp-json\/wp\/v2\/media?parent=420326"}],"wp:term":[{"taxonomy":"category","embeddable":true,"href":"https:\/\/www.europesays.com\/fr\/wp-json\/wp\/v2\/categories?post=420326"},{"taxonomy":"post_tag","embeddable":true,"href":"https:\/\/www.europesays.com\/fr\/wp-json\/wp\/v2\/tags?post=420326"}],"curies":[{"name":"wp","href":"https:\/\/api.w.org\/{rel}","templated":true}]}}