{"id":420336,"date":"2025-09-27T01:59:17","date_gmt":"2025-09-27T01:59:17","guid":{"rendered":"https:\/\/www.europesays.com\/fr\/420336\/"},"modified":"2025-09-27T01:59:17","modified_gmt":"2025-09-27T01:59:17","slug":"deux-jours-de-spectacles-gratuits-a-couper-le-souffle","status":"publish","type":"post","link":"https:\/\/www.europesays.com\/fr\/420336\/","title":{"rendered":"deux jours de spectacles gratuits \u00e0 couper le souffle"},"content":{"rendered":"<p>Pour sa 17e\u00a0\u00e9dition, le festival des arts de la rue invite le public dans une exp\u00e9rience hors-norme avec sa th\u00e9matique 2025 \u00ab\u00a0Toujours plus grand\u00a0\u00bb. Au programme, th\u00e9\u00e2tre, cirque, performances, danse et \u00e9galement animations participatives.<\/p>\n<p>Samedi 27\u00a0septembre, dix\u00a0spectacles\u00a0vont animer l\u2019espace public\u00a0dont \u00ab\u00a0Les Probabilit\u00e9s du vide\u00a0\u00bb avec les voltigeuses de la compagnie Lalla, le cirque au-del\u00e0 des limites de la compagnie Bancale ou encore les aventures loufoques de Maboul Distorsion. La soir\u00e9e (\u00e0 partir de 18\u00a0h\u00a030) sera d\u00e9di\u00e9e au lancement de la saison culturelle eysinaise suivi de l\u2019odyss\u00e9e a\u00e9rienne \u00ab\u00a0Sodade\u00a0\u00bb par Minuit compagnie.<\/p>\n<p>Dimanche 28\u00a0septembre, 10\u00a0repr\u00e9sentations seront au menu parmi lesquelles la monumentale spirale \u00ab\u00a0La Spire\u00a0\u00bb de la compagnie Rhizome ou encore la po\u00e9sie de \u00ab\u00a0Jean-No\u00ebl Mistral\u00a0\u00bb par Spectralex. L\u2019int\u00e9gralit\u00e9 de la programmation est \u00e0 retrouver sur\u00a0<a href=\"https:\/\/www.eysines.fr\/\" target=\"_blank\" rel=\"nofollow noopener\">www.eysines.fr<\/a><\/p>\n<p> Festival Les Arts m\u00eal\u00e9s, gratuit, de 14h \u00e0 minuit le 27 septembre et de 14h \u00e0 18h30 le 28 septembre, centre-bourg d\u2019Eysines.<\/p>\n","protected":false},"excerpt":{"rendered":"Pour sa 17e\u00a0\u00e9dition, le festival des arts de la rue invite le public dans une exp\u00e9rience hors-norme avec&hellip;\n","protected":false},"author":2,"featured_media":420337,"comment_status":"","ping_status":"","sticky":false,"template":"","format":"standard","meta":{"footnotes":""},"categories":[2817],"tags":[1111,11,1997,1777,674,1011,27,12,2219,25],"class_list":{"0":"post-420336","1":"post","2":"type-post","3":"status-publish","4":"format-standard","5":"has-post-thumbnail","7":"category-bordeaux","8":"tag-actu","9":"tag-actualites","10":"tag-bordeaux","11":"tag-eu","12":"tag-europe","13":"tag-fr","14":"tag-france","15":"tag-news","16":"tag-nouvelle-aquitaine","17":"tag-republique-francaise"},"share_on_mastodon":{"url":"https:\/\/pubeurope.com\/@fr\/115273791189448513","error":""},"_links":{"self":[{"href":"https:\/\/www.europesays.com\/fr\/wp-json\/wp\/v2\/posts\/420336","targetHints":{"allow":["GET"]}}],"collection":[{"href":"https:\/\/www.europesays.com\/fr\/wp-json\/wp\/v2\/posts"}],"about":[{"href":"https:\/\/www.europesays.com\/fr\/wp-json\/wp\/v2\/types\/post"}],"author":[{"embeddable":true,"href":"https:\/\/www.europesays.com\/fr\/wp-json\/wp\/v2\/users\/2"}],"replies":[{"embeddable":true,"href":"https:\/\/www.europesays.com\/fr\/wp-json\/wp\/v2\/comments?post=420336"}],"version-history":[{"count":0,"href":"https:\/\/www.europesays.com\/fr\/wp-json\/wp\/v2\/posts\/420336\/revisions"}],"wp:featuredmedia":[{"embeddable":true,"href":"https:\/\/www.europesays.com\/fr\/wp-json\/wp\/v2\/media\/420337"}],"wp:attachment":[{"href":"https:\/\/www.europesays.com\/fr\/wp-json\/wp\/v2\/media?parent=420336"}],"wp:term":[{"taxonomy":"category","embeddable":true,"href":"https:\/\/www.europesays.com\/fr\/wp-json\/wp\/v2\/categories?post=420336"},{"taxonomy":"post_tag","embeddable":true,"href":"https:\/\/www.europesays.com\/fr\/wp-json\/wp\/v2\/tags?post=420336"}],"curies":[{"name":"wp","href":"https:\/\/api.w.org\/{rel}","templated":true}]}}