{"id":420338,"date":"2025-09-27T02:00:23","date_gmt":"2025-09-27T02:00:23","guid":{"rendered":"https:\/\/www.europesays.com\/fr\/420338\/"},"modified":"2025-09-27T02:00:23","modified_gmt":"2025-09-27T02:00:23","slug":"la-pianiste-martiniquaise-annick-ozier-lafontaine-peaufine-son-15e-album-a-bordeaux","status":"publish","type":"post","link":"https:\/\/www.europesays.com\/fr\/420338\/","title":{"rendered":"La pianiste martiniquaise Annick Ozier-Lafontaine peaufine son 15e album \u00e0 Bordeaux"},"content":{"rendered":"<p>Ce nouvel opus pr\u00e9vu pour la mi-octobre prochain s\u2019intitule \u00ab\u00a0Passionata\u00a0\u00bb, une 15e \u0153uvre musicale, qui est \u00ab\u00a0une exp\u00e9rience intime et lumineuse, une invitation \u00e0 \u00e9couter autrement, avec le c\u0153ur grand ouvert\u00a0\u00bb. Les derni\u00e8res touches sont en cours dans un studio \u00e0 Bordeaux, o\u00f9 la virtuose vient de subir une intervention chirurgicale, avant de retrouver la sc\u00e8ne \u00e0 Fort-de-France ; puis, direction l\u2019Italie en fin d\u2019ann\u00e9e.<\/p>\n<p>Annick Ozier-Lafontaine s\u2019est lentement reconstruite, apr\u00e8s le d\u00e9c\u00e8s successif de ses deux parents entre 2023 et 2024. Cette ann\u00e9e, c\u2019est une op\u00e9ration du genou qui l\u2019a accabl\u00e9e, suivie d\u2019une longue r\u00e9\u00e9ducation.<\/p>\n<p>Mais la pianiste reste combative, fid\u00e8le \u00e0 son instrument et \u00e0 une promesse\u00a0: r\u00e9aliser son 15e disque sur place, \u00e0 l\u2019issue de son hospitalisation.<\/p>\n<blockquote class=\"ftvi_content_quote\">\n<p class=\"ftvi_citation_quote\">Tant que je pourrai jouer ma musique et qu&rsquo;elle r\u00e9jouira quelques c\u0153urs, j&rsquo;aurais alors sem\u00e9 ma petite graine sur cette terre, et tant que vous me pousserez en avant, je resterai debout. Alors, j&rsquo;aurais tout gagn\u00e9 et je m&rsquo;en sortirai plus forte et plus d\u00e9termin\u00e9.<\/p>\n<p>Le leitmotiv d\u2019Annick Ozier-Lafontaine<\/p>\n<\/blockquote>\n<p>                                    <img class=\"a-article__image lazy libre\" width=\"0\" height=\"0\" data-src=\"https:\/\/www.europesays.com\/fr\/wp-content\/uploads\/2025\/09\/annick-ph-2-68cda6059f4c4747147546.jpg\" style=\"--img-placeholder: url('\/assets\/img\/placeholders\/article-800-450.svg');\" alt=\"Piano \/ Annick Ozier-Lafontaine \/ musique \/ &quot;Hey Studio&quot; \u00e0 Bordeaux \/ musique \/ enregistrement\" aria-hidden=\"true\"\/><\/p>\n<p>                Annick Ozier-Lafontaine, pianiste martiniquaise.<br \/>\n                     \u2022<br \/>\n                            \u00a9Collection priv\u00e9e \/ DR<\/p>\n<p>C\u2019est chose faite, puisque parall\u00e8lement \u00e0 son s\u00e9jour en clinique, Annick s\u2019est concentr\u00e9e sur 5 nouvelles compositions, avant de s\u2019installer \u00e0 \u00ab\u00a0Hey Studio\u00a0\u00bb, dans la ville de Bordeaux.<\/p>\n<\/p>\n<p>\n      Extrait du prochain album de la pianiste martiniquaise, Annick Ozier-Lafontaine (\u00e0 para\u00eetre en octobre 2025).<\/p>\n<p>      \u2022<\/p>\n<p>        \u00a9YouTube \/ la production\n  <\/p>\n<blockquote class=\"ftvi_content_quote\">\n<p class=\"ftvi_citation_quote\">\u00ab\u00a0Passionata\u00a0\u00bb nous invite \u00e0 un voyage int\u00e9rieur, o\u00f9 chaque note respire l\u2019\u00e9motion et la lumi\u00e8re. Cet album est une c\u00e9l\u00e9bration de la sensibilit\u00e9, de la fluidit\u00e9 et de la puret\u00e9 musicale, un tissage d\u2019harmonies qui porte l\u2019auditeur vers un \u00e9tat de gr\u00e2ce et de s\u00e9r\u00e9nit\u00e9. Chaque pi\u00e8ce r\u00e9v\u00e8le une part d\u2019intimit\u00e9, mais aussi un \u00e9lan universel, celui de l\u2019amour, de l\u2019espoir et de la beaut\u00e9. Dans \u00ab\u00a0Passionata\u00a0\u00bb, la musique devient langage du c\u0153ur, espace de r\u00e9sonance et de partage, un souffle qui relie l\u2019\u00e2me \u00e0 l\u2019infini.<\/p>\n<\/blockquote>\n<blockquote class=\"ftvi_content_quote\">\n<p class=\"ftvi_citation_quote\">\u00c0 travers mon piano, j\u2019ai voulu fa\u00e7onner un univers sonore \u00e0 la fois d\u00e9licat et puissant, o\u00f9 la virtuosit\u00e9 s\u2019efface devant l\u2019essentiel, la v\u00e9rit\u00e9 de l\u2019\u00e9motion et l\u2019harmonie des instants suspendus. \u00ab\u00a0Passionata\u00a0\u00bb n\u2019est pas seulement un album, c\u2019est une exp\u00e9rience musicale intime et lumineuse, une invitation \u00e0 \u00e9couter autrement, avec le c\u0153ur grand ouvert.<\/p>\n<\/blockquote>\n<p>                                    <img class=\"a-article__image lazy libre\" width=\"0\" height=\"0\" data-src=\"https:\/\/www.europesays.com\/fr\/wp-content\/uploads\/2025\/09\/atrium-annick-68cda68e955fc476182250.jpg\" style=\"--img-placeholder: url('\/assets\/img\/placeholders\/article-800-450.svg');\" alt=\"Piano \/ Annick Ozier-Lafontaine \/ musique \/ &quot;Hey Studio&quot; \u00e0 Bordeaux \/ musique \/ enregistrement \/ Atrium\" aria-hidden=\"true\"\/><\/p>\n<p>                La pianiste Annick Ozier-Lafontaine en concert \u00e0 Fort-de-France \u00e0 Tropiques Atrium avec ses musiciens (f\u00e9vrier 2022).<br \/>\n                     \u2022<br \/>\n                            \u00a9Agence Sud Photo<\/p>\n<p>La virtuose martiniquaise souvent sollicit\u00e9e pour des musiques de film \u00e9galement, reviendra sur sc\u00e8ne \u00e0 Fort-de-France pr\u00e9senter au public cette derni\u00e8re production le mardi 28 octobre prochain, \u00e0 l\u2019Atrium.<\/p>\n<p>Aux c\u00f4t\u00e9s de deux autres pointures (Maher Beauroy et Guy-Marc Vadeleux), Annick Ozier-Lafontaine participera au concert \u00ab\u00a0piano en libert\u00e9\u00a0\u00bb, organis\u00e9 par le Lions Club du Fort Saint-Louis, afin de \u00ab\u00a0collecter des fonds en faveur des personnes n\u00e9cessiteuses de la Martinique\u00a0\u00bb.<\/p>\n<p>Puis, Annick est attendue pour un r\u00e9cital au mois de d\u00e9cembre en Italie, o\u00f9 elle \u00e0 l\u2019intention de s\u2019installer d\u00e9finitivement\u2026 dans quelques ann\u00e9es.<\/p>\n","protected":false},"excerpt":{"rendered":"Ce nouvel opus pr\u00e9vu pour la mi-octobre prochain s\u2019intitule \u00ab\u00a0Passionata\u00a0\u00bb, une 15e \u0153uvre musicale, qui est \u00ab\u00a0une exp\u00e9rience&hellip;\n","protected":false},"author":2,"featured_media":420339,"comment_status":"","ping_status":"","sticky":false,"template":"","format":"standard","meta":{"footnotes":""},"categories":[2817],"tags":[1111,11,1997,1777,674,1011,27,12,2219,25],"class_list":{"0":"post-420338","1":"post","2":"type-post","3":"status-publish","4":"format-standard","5":"has-post-thumbnail","7":"category-bordeaux","8":"tag-actu","9":"tag-actualites","10":"tag-bordeaux","11":"tag-eu","12":"tag-europe","13":"tag-fr","14":"tag-france","15":"tag-news","16":"tag-nouvelle-aquitaine","17":"tag-republique-francaise"},"share_on_mastodon":{"url":"https:\/\/pubeurope.com\/@fr\/115273795130548963","error":""},"_links":{"self":[{"href":"https:\/\/www.europesays.com\/fr\/wp-json\/wp\/v2\/posts\/420338","targetHints":{"allow":["GET"]}}],"collection":[{"href":"https:\/\/www.europesays.com\/fr\/wp-json\/wp\/v2\/posts"}],"about":[{"href":"https:\/\/www.europesays.com\/fr\/wp-json\/wp\/v2\/types\/post"}],"author":[{"embeddable":true,"href":"https:\/\/www.europesays.com\/fr\/wp-json\/wp\/v2\/users\/2"}],"replies":[{"embeddable":true,"href":"https:\/\/www.europesays.com\/fr\/wp-json\/wp\/v2\/comments?post=420338"}],"version-history":[{"count":0,"href":"https:\/\/www.europesays.com\/fr\/wp-json\/wp\/v2\/posts\/420338\/revisions"}],"wp:featuredmedia":[{"embeddable":true,"href":"https:\/\/www.europesays.com\/fr\/wp-json\/wp\/v2\/media\/420339"}],"wp:attachment":[{"href":"https:\/\/www.europesays.com\/fr\/wp-json\/wp\/v2\/media?parent=420338"}],"wp:term":[{"taxonomy":"category","embeddable":true,"href":"https:\/\/www.europesays.com\/fr\/wp-json\/wp\/v2\/categories?post=420338"},{"taxonomy":"post_tag","embeddable":true,"href":"https:\/\/www.europesays.com\/fr\/wp-json\/wp\/v2\/tags?post=420338"}],"curies":[{"name":"wp","href":"https:\/\/api.w.org\/{rel}","templated":true}]}}