{"id":420349,"date":"2025-09-27T02:08:13","date_gmt":"2025-09-27T02:08:13","guid":{"rendered":"https:\/\/www.europesays.com\/fr\/420349\/"},"modified":"2025-09-27T02:08:13","modified_gmt":"2025-09-27T02:08:13","slug":"lyon-ce-groupe-connu-annonce-un-concert-exceptionnel-a-la-ldlc-arena","status":"publish","type":"post","link":"https:\/\/www.europesays.com\/fr\/420349\/","title":{"rendered":"Lyon. Ce groupe connu annonce un concert exceptionnel \u00e0 la LDLC Arena"},"content":{"rendered":"<p>            Par<br \/>\n        <strong><br \/>\n            <a href=\"https:\/\/actu.fr\/auteur\/ludivine-caporal\" title=\"Consulter tous les articles de Ludivine Caporal\" rel=\"nofollow noopener\" target=\"_blank\">Ludivine Caporal<\/a><br \/>\n        <\/strong><\/p>\n<p>        Publi\u00e9 le<\/p>\n<p>            26 sept. 2025 \u00e0 16h58        <\/p>\n<p>Une magnifique nouvelle pour les fans. Alors qu\u2019il ne s\u2019est pas produit en France depuis 2022 (et hors festival depuis pr\u00e8s de 10 ans), le groupe australien <strong>Tame Impala<\/strong> vient d\u2019annoncer deux dates fran\u00e7aises pour 2026 \u00e0 l\u2019occasion de sa tourn\u00e9e \u00ab\u00a0Deadbeat\u00a0\u00bb, nom de son album \u00e0 venir.<\/p>\n<p class=\" wall-content\">Les rois de la musique pop\/ind\u00e9\/alternative, port\u00e9s par le talentueux <strong>Kevin Parker<\/strong>, seront en effet sur la sc\u00e8ne de la <a href=\"https:\/\/actu.fr\/tag\/ldlc-arena\" rel=\"nofollow noopener\" target=\"_blank\">LDLC Arena<\/a> de <a href=\"https:\/\/actu.fr\/lyon\/\" rel=\"nofollow noopener\" target=\"_blank\">Lyon<\/a>-D\u00e9cines <strong>le 10 avril 2026.<\/strong><\/p>\n<p>Mise en vente des billets d\u00e9but octobre<\/p>\n<p class=\" wall-content\">Le concert, qui se d\u00e9roulera <strong>un vendredi soir<\/strong>, sera sans aucun doute un show musical et lumineux impressionnant puisque l\u2019univers de Tame Impala r\u00e9side grandement dans le psych\u00e9d\u00e9lique.<\/p>\n<p class=\" wall-content\"><a href=\"https:\/\/www.instagram.com\/p\/DPDtcq8jry8\/embed\" title=\"Ouvrir le lien sur Instagram\" rel=\"nofollow noopener\" target=\"_blank\">Visualiser le contenu sur Instagram<\/a><\/p>\n<p class=\" wall-content\">Les Lyonnais qui parviendront \u00e0 obtenir une place auront donc la chance d\u2019entonner les titres tels que \u00ab\u00a0Let It Happen\u00a0\u00bb, \u00ab\u00a0The Less I Know The Better\u00a0\u00bb ou encore \u00ab\u00a0One More Hour\u00a0\u00bb en direct live.\u00a0<\/p>\n<p class=\" wall-content\">Si l\u2019on ne conna\u00eet pas encore les prix des billets, on sait d\u2019ores et d\u00e9j\u00e0 qu\u2019ils seront mis en vente le vendredi 3 octobre 2025 \u00e0 10h. Soyez pr\u00eats !<\/p>\n<p class=\" wall-content\">Personnalisez votre actualit\u00e9 en ajoutant vos villes et m\u00e9dias en favori avec <a href=\"https:\/\/moncompte.actu.fr\" title=\"D\u00e9couvez Mon Actu\" rel=\"nofollow noopener\" data-trk=\"{&quot;cta&quot;:{&quot;action&quot;:&quot;https:\\\/\\\/moncompte.actu.fr&quot;,&quot;category&quot;:&quot;mon compte&quot;,&quot;from&quot;:&quot;article footer&quot;,&quot;name&quot;:&quot;Mon actu&quot;,&quot;type&quot;:&quot;cta&quot;}}\" target=\"_blank\">Mon Actu<\/a>.<\/p>\n<p>                    <script async src=\"\/\/www.instagram.com\/embed.js\"><\/script><\/p>\n","protected":false},"excerpt":{"rendered":"Par Ludivine Caporal Publi\u00e9 le 26 sept. 2025 \u00e0 16h58 Une magnifique nouvelle pour les fans. Alors qu\u2019il&hellip;\n","protected":false},"author":2,"featured_media":420350,"comment_status":"","ping_status":"","sticky":false,"template":"","format":"standard","meta":{"footnotes":""},"categories":[1889],"tags":[1111,11,2430,1697,1777,674,1011,27,7602,1652,2428,12,25],"class_list":{"0":"post-420349","1":"post","2":"type-post","3":"status-publish","4":"format-standard","5":"has-post-thumbnail","7":"category-lyon","8":"tag-actu","9":"tag-actualites","10":"tag-auvergne-rhone-alpes","11":"tag-concert","12":"tag-eu","13":"tag-europe","14":"tag-fr","15":"tag-france","16":"tag-ldlc-arena","17":"tag-loisirs-culture","18":"tag-lyon","19":"tag-news","20":"tag-republique-francaise"},"share_on_mastodon":{"url":"https:\/\/pubeurope.com\/@fr\/115273826671098140","error":""},"_links":{"self":[{"href":"https:\/\/www.europesays.com\/fr\/wp-json\/wp\/v2\/posts\/420349","targetHints":{"allow":["GET"]}}],"collection":[{"href":"https:\/\/www.europesays.com\/fr\/wp-json\/wp\/v2\/posts"}],"about":[{"href":"https:\/\/www.europesays.com\/fr\/wp-json\/wp\/v2\/types\/post"}],"author":[{"embeddable":true,"href":"https:\/\/www.europesays.com\/fr\/wp-json\/wp\/v2\/users\/2"}],"replies":[{"embeddable":true,"href":"https:\/\/www.europesays.com\/fr\/wp-json\/wp\/v2\/comments?post=420349"}],"version-history":[{"count":0,"href":"https:\/\/www.europesays.com\/fr\/wp-json\/wp\/v2\/posts\/420349\/revisions"}],"wp:featuredmedia":[{"embeddable":true,"href":"https:\/\/www.europesays.com\/fr\/wp-json\/wp\/v2\/media\/420350"}],"wp:attachment":[{"href":"https:\/\/www.europesays.com\/fr\/wp-json\/wp\/v2\/media?parent=420349"}],"wp:term":[{"taxonomy":"category","embeddable":true,"href":"https:\/\/www.europesays.com\/fr\/wp-json\/wp\/v2\/categories?post=420349"},{"taxonomy":"post_tag","embeddable":true,"href":"https:\/\/www.europesays.com\/fr\/wp-json\/wp\/v2\/tags?post=420349"}],"curies":[{"name":"wp","href":"https:\/\/api.w.org\/{rel}","templated":true}]}}