{"id":420351,"date":"2025-09-27T02:09:17","date_gmt":"2025-09-27T02:09:17","guid":{"rendered":"https:\/\/www.europesays.com\/fr\/420351\/"},"modified":"2025-09-27T02:09:17","modified_gmt":"2025-09-27T02:09:17","slug":"lyon-trop-de-monde-au-meeting-de-jean-michel-aulas-des-centaines-de-personnes-refoulees","status":"publish","type":"post","link":"https:\/\/www.europesays.com\/fr\/420351\/","title":{"rendered":"Lyon. Trop de monde au meeting de Jean-Michel Aulas, des centaines de personnes refoul\u00e9es"},"content":{"rendered":"<p>            Par<br \/>\n        <strong><br \/>\n            <a href=\"https:\/\/actu.fr\/auteur\/nicolas-zaugra\" title=\"Consulter tous les articles de Nicolas Zaugra\" target=\"_blank\" rel=\"noopener\">Nicolas Zaugra<\/a><br \/>\n        <\/strong><\/p>\n<p>        Publi\u00e9 le<\/p>\n<p>            27 sept. 2025 \u00e0 0h10        <\/p>\n<p>Une salle trop petite ? Un engouement d\u00e9j\u00e0 tr\u00e8s fort et une \u00e9quipe qui a sous-estim\u00e9 la curiosit\u00e9 autour de <a href=\"https:\/\/actu.fr\/auvergne-rhone-alpes\/lyon_69123\/direct-municipales-2026-a-lyon-jean-michel-aulas-se-lance-suivez-son-premier-meeting_63216637.html\" target=\"_blank\" rel=\"noopener\">Jean-Michel Aulas<\/a> ? Pour son <a href=\"https:\/\/actu.fr\/auvergne-rhone-alpes\/lyon_69123\/lyon-municipales-2026-jean-michel-aulas-cogne-sur-gregory-doucet-de-premieres-promesses-devoilees_63222770.html\" target=\"_blank\" rel=\"noopener\">premier meeting de campagne<\/a> vendredi soir \u00e0 <a href=\"https:\/\/actu.fr\/auvergne-rhone-alpes\/lyon_69123\" target=\"_blank\" rel=\"noopener\">Lyon<\/a>, le candidat officiellement d\u00e9clar\u00e9 a attir\u00e9 une foule importante. Le chef d\u2019entreprise avait donn\u00e9 rendez-vous au H7, un incubateur de start-up dans le quartier de Confluence (2e). Mais <strong>la salle s\u2019est r\u00e9v\u00e9l\u00e9e trop petite<\/strong> face \u00e0 l\u2019afflux de participants. Des <strong>centaines de curieux sont rest\u00e9s dehors<\/strong>.\u00a0<\/p>\n<p>\u00ab\u00a0Ce n\u2019est pas normal\u00a0\u00bb<\/p>\n<p class=\" wall-content\">\u00ab\u00a0Ce n\u2019est pas normal, quand on organise quelque chose, on pr\u00e9voit la jauge n\u00e9cessaire\u00a0\u00bb, peste un homme \u00e0 notre micro. A c\u00f4t\u00e9, une militante LR revendiqu\u00e9e \u00ab\u00a0qui a fait la campagne d\u2019Etienne Blanc en 2020 (le candidat de droite de l\u2019\u00e9poque) et de Wauquiez\u00a0\u00bb s\u2019agace de rester derri\u00e8re la barri\u00e8re. Elle ne rentrera pas. Comme elle, plusieurs centaines de participants pour certains inscrits n\u2019ont pas pu \u00e9couter Jean-Michel Aulas prononcer son premier discours de candidat.\u00a0<\/p>\n<blockquote class=\"tiktok-embed\" cite=\"https:\/\/www.tiktok.com\/@actulyon\/video\/7554489583145078038\" data-video-id=\"7554489583145078038\" data-embed-from=\"oembed\" style=\"max-width:605px; min-width:325px;\"><p>\n<a target=\"_blank\" title=\"@actulyon\" href=\"https:\/\/www.tiktok.com\/@actulyon?refer=embed\" rel=\"noopener\">@actulyon<\/a> <\/p>\n<p>\ud83d\udd34 Municipales 2026 Jean-Michel Aulas, candidat \u00e0 la mairie de Lyon, a lanc\u00e9 sa campagne vendredi en tenant son premier meeting. L\u2019\u00e9venement a fait le plein au point de devoir refouler des centaines de curieux et d\u2019inscrits. Ce qui en a agac\u00e9 certains. L\u2019organisation explique que Jean-Michel Aulas s\u2019exprimera dans une vid\u00e9o sur les r\u00e9seaux sociaux adress\u00e9e \u00e0 ceux qui sont venus.  <a title=\"lyon\" target=\"_blank\" href=\"https:\/\/www.tiktok.com\/tag\/lyon?refer=embed\" rel=\"noopener\">#lyon<\/a> <a title=\"pourtoi\" target=\"_blank\" href=\"https:\/\/www.tiktok.com\/tag\/pourtoi?refer=embed\" rel=\"noopener\">#pourtoi<\/a> <a title=\"foryour\" target=\"_blank\" href=\"https:\/\/www.tiktok.com\/tag\/foryour?refer=embed\" rel=\"noopener\">#foryour<\/a> <\/p>\n<p> <a target=\"_blank\" title=\"\u266c son original - actu Lyon\" href=\"https:\/\/www.tiktok.com\/music\/son-original-7554489578896263958?refer=embed\" rel=\"noopener\">\u266c son original \u2013 actu Lyon<\/a> <\/p>\n<\/blockquote>\n<p>\u00a0D\u00e9j\u00e0 1 000 personnes \u00e0 l\u2019int\u00e9rieur<\/p>\n<p class=\" wall-content\">Au moins 1 000 personnes se sont mass\u00e9es \u00e0 l\u2019int\u00e9rieur et plusieurs centaines sont rest\u00e9es dehors. Une importante file d\u2019attente s\u2019est form\u00e9e devant le b\u00e2timent.<\/p>\n<p class=\" wall-content\">Du c\u00f4t\u00e9 de l\u2019\u00e9quipe de campagne, on assure avoir \u00e9t\u00e9 victime de l\u2019engouement face \u00e0 un grand nombre d\u2019inscriptions. \u00ab\u00a0A 17h, la salle \u00e9tait d\u00e9j\u00e0 pleine\u00a0\u00bb, affirme un membre du staff. \u00ab\u00a0On ne pouvait pas fermer les inscriptions en cours de route\u00a0\u00bb.<\/p>\n<p class=\" wall-content\">Si l\u2019incident a fait grincer des dents dans la foule, les images sont \u00e0 la faveur du candidat qui a r\u00e9ussi \u00e0 provoquer la curiosit\u00e9 pour son premier meeting. \u00ab\u00a0Il aurait pu remplir un Z\u00e9nith\u00a0\u00bb, s\u2019amuse un cadre LR.\u00a0<\/p>\n<p>    <img   decoding=\"async\" loading=\"lazy\" src=\"https:\/\/www.europesays.com\/fr\/wp-content\/uploads\/2025\/09\/meeting-aulas-foule-lyon-960x640.jpeg\" alt=\"Une file d'attente s'est form\u00e9e au milieu de la foule.\" width=\"960\" height=\"640\"\/><br \/>\n    Une file d\u2019attente s\u2019est form\u00e9e au milieu de la foule. (\u00a9Nicolas Zaugra\/ actu Lyon)<\/p>\n<p>Votre r\u00e9gion, votre actu !<\/p>\n<p>Recevez chaque jour les infos qui comptent pour vous.<\/p>\n<p>\t<a href=\"https:\/\/actu.fr\/newsletter\" class=\"ac-btn ac-btn--corner ac-btn--medium ac-btn--blue800\" target=\"_blank\" rel=\"noopener\">S&rsquo;incrire<\/a><br \/>\n\u00ab\u00a0On refera un certain nombre de meetings\u00a0\u00bb, s\u2019excuse Aulas<\/p>\n<p class=\" wall-content\">Le candidat, qui n\u2019a pas \u00e9t\u00e9 \u00e0 la rencontre des d\u00e9\u00e7us \u00e0 l\u2019ext\u00e9rieur, a rapidement tent\u00e9 de corriger le tir en publiant une vid\u00e9o sur ses r\u00e9seaux sociaux.\u00a0<\/p>\n<p class=\" wall-content\">\n<p class=\" wall-content\">\u00ab\u00a0Je pense \u00e0 ceux qui n\u2019ont pas pu rentrer (\u2026) certains ont d\u00fb repartir. Je formule le voeux et la promesse de venir rencontrer tous ceux qui n\u2019ont pas pu venir. On refera un certain nombre de meetings, on aura l\u2019occasion de rentrer en contact directement avec eux, qu\u2019ils se fassent conna\u00eetre, on fera ce qu\u2019il faut pour recommencer tout ce qui a \u00e9t\u00e9 dit\u00a0\u00bb, affirme Jean-Michel Aulas face cam\u00e9ra.\u00a0<\/p>\n<p class=\" wall-content\">Personnalisez votre actualit\u00e9 en ajoutant vos villes et m\u00e9dias en favori avec <a href=\"https:\/\/moncompte.actu.fr\" title=\"D\u00e9couvez Mon Actu\" rel=\"nofollow noopener\" data-trk=\"{&quot;cta&quot;:{&quot;action&quot;:&quot;https:\\\/\\\/moncompte.actu.fr&quot;,&quot;category&quot;:&quot;mon compte&quot;,&quot;from&quot;:&quot;article footer&quot;,&quot;name&quot;:&quot;Mon actu&quot;,&quot;type&quot;:&quot;cta&quot;}}\" target=\"_blank\">Mon Actu<\/a>.<\/p>\n<p>                    <script async src=\"\/\/www.tiktok.com\/embed.js\"><\/script><\/p>\n","protected":false},"excerpt":{"rendered":"Par Nicolas Zaugra Publi\u00e9 le 27 sept. 2025 \u00e0 0h10 Une salle trop petite ? Un engouement d\u00e9j\u00e0&hellip;\n","protected":false},"author":2,"featured_media":420352,"comment_status":"","ping_status":"","sticky":false,"template":"","format":"standard","meta":{"footnotes":""},"categories":[1889],"tags":[1111,11,2430,3157,4188,1777,674,1011,27,5227,2428,3434,12,316,25],"class_list":{"0":"post-420351","1":"post","2":"type-post","3":"status-publish","4":"format-standard","5":"has-post-thumbnail","7":"category-lyon","8":"tag-actu","9":"tag-actualites","10":"tag-auvergne-rhone-alpes","11":"tag-confluence","12":"tag-elections-municipales","13":"tag-eu","14":"tag-europe","15":"tag-fr","16":"tag-france","17":"tag-jean-michel-aulas","18":"tag-lyon","19":"tag-municipales-2026","20":"tag-news","21":"tag-politique","22":"tag-republique-francaise"},"share_on_mastodon":{"url":"https:\/\/pubeurope.com\/@fr\/115273830506423977","error":""},"_links":{"self":[{"href":"https:\/\/www.europesays.com\/fr\/wp-json\/wp\/v2\/posts\/420351","targetHints":{"allow":["GET"]}}],"collection":[{"href":"https:\/\/www.europesays.com\/fr\/wp-json\/wp\/v2\/posts"}],"about":[{"href":"https:\/\/www.europesays.com\/fr\/wp-json\/wp\/v2\/types\/post"}],"author":[{"embeddable":true,"href":"https:\/\/www.europesays.com\/fr\/wp-json\/wp\/v2\/users\/2"}],"replies":[{"embeddable":true,"href":"https:\/\/www.europesays.com\/fr\/wp-json\/wp\/v2\/comments?post=420351"}],"version-history":[{"count":0,"href":"https:\/\/www.europesays.com\/fr\/wp-json\/wp\/v2\/posts\/420351\/revisions"}],"wp:featuredmedia":[{"embeddable":true,"href":"https:\/\/www.europesays.com\/fr\/wp-json\/wp\/v2\/media\/420352"}],"wp:attachment":[{"href":"https:\/\/www.europesays.com\/fr\/wp-json\/wp\/v2\/media?parent=420351"}],"wp:term":[{"taxonomy":"category","embeddable":true,"href":"https:\/\/www.europesays.com\/fr\/wp-json\/wp\/v2\/categories?post=420351"},{"taxonomy":"post_tag","embeddable":true,"href":"https:\/\/www.europesays.com\/fr\/wp-json\/wp\/v2\/tags?post=420351"}],"curies":[{"name":"wp","href":"https:\/\/api.w.org\/{rel}","templated":true}]}}