{"id":420357,"date":"2025-09-27T02:13:26","date_gmt":"2025-09-27T02:13:26","guid":{"rendered":"https:\/\/www.europesays.com\/fr\/420357\/"},"modified":"2025-09-27T02:13:26","modified_gmt":"2025-09-27T02:13:26","slug":"le-trophee-des-champions-entre-le-psg-et-lom-se-jouera-le-8-janvier-au-koweit","status":"publish","type":"post","link":"https:\/\/www.europesays.com\/fr\/420357\/","title":{"rendered":"le Troph\u00e9e des champions entre le PSG et l&rsquo;OM se jouera le 8 janvier au Kowe\u00eft"},"content":{"rendered":"\n<p class=\"c-chapo \">\n  La date et le lieu du match opposant le vainqueur de la Ligue 1 et de la Coupe de France \u00e0 son dauphin en championnat \u00e9taient en suspens depuis plusieurs semaines.\n<\/p>\n<p>            lire plus tard<\/p>\n<p id=\"dialog__title\" class=\"dialog__title\">Pour sauvegarder cet article, connectez-vous ou cr\u00e9ez un compte franceinfo<\/p>\n<p class=\"dialog__description\">Sans paiement. Sans abonnement.<\/p>\n<p>        Fermer la fen\u00eatre d\u2019activation des notifications France Info<\/p>\n<p>            cr\u00e9er votre compte<\/p>\n<p>            se connecter<\/p>\n<p>        Fermer la fen\u00eatre de pr\u00e9sentation<\/p>\n<p>    <img loading=\"lazy\" decoding=\"async\" class=\"signature__image lazyload\" width=\"100\" height=\"100\" data- alt=\"\" src=\"https:\/\/www.europesays.com\/fr\/wp-content\/uploads\/2025\/05\/logosport1-65fdc209c3726464026706.png\"\/><\/p>\n<p>          France T\u00e9l\u00e9visions &#8211; R\u00e9daction Sport<\/p>\n<p>    Publi\u00e9 le 26\/09\/2025 17:23<\/p>\n<p>        Temps de lecture : 1min<\/p>\n<p>    <img decoding=\"async\"  alt=\"Le ballon du Troph\u00e9e des champions avant le match entre le PSG et l'AS Monaco au Stade 974 de Doha au Qatar, le 5 janvier 2025. (MOHAMMED DABBOUS \/ AFP)\" width=\"432\" height=\"243\" src=\"https:\/\/www.europesays.com\/fr\/wp-content\/uploads\/2025\/09\/068-aa-05012025-2016803-68d6ac4f723d5467860454.jpg\" fetchpriority=\"high\"\/><\/p>\n<p>      Le ballon du Troph\u00e9e des champions avant le match entre le PSG et l&rsquo;AS Monaco au Stade 974 de Doha au Qatar, le 5 janvier 2025. (MOHAMMED DABBOUS \/ AFP)<\/p>\n<p>Un terrain in\u00e9dit pour disputer le Troph\u00e9e des champions. Le match qui opposera le PSG \u00e0 l&rsquo;OM se tiendra au Kowe\u00eft au stade Jaber Al-Ahmad, le 8 janvier 2026, <a href=\"https:\/\/www.lfp.fr\/article\/le-koweit-accueillera-le-trophee-des-champions\" target=\"_blank\" rel=\"noopener nofollow\">a officialis\u00e9 la Ligue de football professionnel (LFP)<\/a>, vendredi 26 septembre. Il s&rsquo;agit d&rsquo;une enceinte de 58 000 places, r\u00e9inaugur\u00e9e en 2015, et ayant d\u00e9j\u00e0 accueilli la Coupe du Golfe des nations en 2017 et 2024.\u00a0<\/p>\n<p>La rencontre devait initialement se tenir cet \u00e9t\u00e9 mais le calendrier tr\u00e8s charg\u00e9 du PSG, qui a disput\u00e9 le Mondial des clubs aux Etats-Unis, avait pouss\u00e9 la LFP \u00e0 d\u00e9caler la rencontre. Le club de la capitale est le triple tenant du titre de ce troph\u00e9e. Il l&rsquo;a disput\u00e9 chaque saison depuis 2013, ne s&rsquo;inclinant qu&rsquo;une seule fois, en 2021 face au Losc.<\/p>\n<p>C&rsquo;est dire la difficult\u00e9 de la t\u00e2che qui attend l&rsquo;Olympique de Marseille, dont la derni\u00e8re participation remonte \u00e0 2020, avec une d\u00e9faite 2-1 au stade Bollaert-Delelis contre le m\u00eame PSG. Le club phoc\u00e9en n&rsquo;a plus soulev\u00e9 de coupe depuis 2011 et son dernier succ\u00e8s en Troph\u00e9e des champions (5-4 face \u00e0 Lille).<\/p>\n","protected":false},"excerpt":{"rendered":"La date et le lieu du match opposant le vainqueur de la Ligue 1 et de la Coupe&hellip;\n","protected":false},"author":2,"featured_media":420358,"comment_status":"","ping_status":"","sticky":false,"template":"","format":"standard","meta":{"footnotes":""},"categories":[1888],"tags":[1111,1928,11,1927,1777,674,1011,27,12,1926,626,1925,25],"class_list":{"0":"post-420357","1":"post","2":"type-post","3":"status-publish","4":"format-standard","5":"has-post-thumbnail","7":"category-paris","8":"tag-actu","9":"tag-actu-paris","10":"tag-actualites","11":"tag-actualites-paris","12":"tag-eu","13":"tag-europe","14":"tag-fr","15":"tag-france","16":"tag-news","17":"tag-news-paris","18":"tag-paris","19":"tag-paris-news","20":"tag-republique-francaise"},"share_on_mastodon":{"url":"https:\/\/pubeurope.com\/@fr\/115273846436481000","error":""},"_links":{"self":[{"href":"https:\/\/www.europesays.com\/fr\/wp-json\/wp\/v2\/posts\/420357","targetHints":{"allow":["GET"]}}],"collection":[{"href":"https:\/\/www.europesays.com\/fr\/wp-json\/wp\/v2\/posts"}],"about":[{"href":"https:\/\/www.europesays.com\/fr\/wp-json\/wp\/v2\/types\/post"}],"author":[{"embeddable":true,"href":"https:\/\/www.europesays.com\/fr\/wp-json\/wp\/v2\/users\/2"}],"replies":[{"embeddable":true,"href":"https:\/\/www.europesays.com\/fr\/wp-json\/wp\/v2\/comments?post=420357"}],"version-history":[{"count":0,"href":"https:\/\/www.europesays.com\/fr\/wp-json\/wp\/v2\/posts\/420357\/revisions"}],"wp:featuredmedia":[{"embeddable":true,"href":"https:\/\/www.europesays.com\/fr\/wp-json\/wp\/v2\/media\/420358"}],"wp:attachment":[{"href":"https:\/\/www.europesays.com\/fr\/wp-json\/wp\/v2\/media?parent=420357"}],"wp:term":[{"taxonomy":"category","embeddable":true,"href":"https:\/\/www.europesays.com\/fr\/wp-json\/wp\/v2\/categories?post=420357"},{"taxonomy":"post_tag","embeddable":true,"href":"https:\/\/www.europesays.com\/fr\/wp-json\/wp\/v2\/tags?post=420357"}],"curies":[{"name":"wp","href":"https:\/\/api.w.org\/{rel}","templated":true}]}}