{"id":420359,"date":"2025-09-27T02:14:12","date_gmt":"2025-09-27T02:14:12","guid":{"rendered":"https:\/\/www.europesays.com\/fr\/420359\/"},"modified":"2025-09-27T02:14:12","modified_gmt":"2025-09-27T02:14:12","slug":"la-presidente-du-tribunal-menacee-de-mort-et-dagression-violente","status":"publish","type":"post","link":"https:\/\/www.europesays.com\/fr\/420359\/","title":{"rendered":"la pr\u00e9sidente du tribunal \u00ab\u00a0menac\u00e9e de mort et d\u2019agression violente\u00a0\u00bb"},"content":{"rendered":"<p>            Par<br \/>\n        <strong><br \/>\n            <a href=\"https:\/\/actu.fr\/auteur\/redaction-paris\" title=\"Consulter tous les articles de R\u00e9daction Paris\" target=\"_blank\" rel=\"noopener\">R\u00e9daction Paris<\/a><br \/>\n        <\/strong><\/p>\n<p>        Publi\u00e9 le<\/p>\n<p>            26 sept. 2025 \u00e0 18h59        <\/p>\n<p>L\u2019Union syndicale des magistrats (USM) a annonc\u00e9 vendredi 26\u00a0septembre 2025 avoir fait <strong>des signalements \u00e0 la justice<\/strong> sur les<strong> menaces visant la pr\u00e9sidente du tribunal correctionnel<\/strong> qui a<a href=\"https:\/\/actu.fr\/politique\/financement-libyen-condamne-a-5-ans-ferme-nicolas-sarkozy-va-bientot-dormir-en-prison_63212665.html\" target=\"_blank\" rel=\"noopener\"> condamn\u00e9 Nicolas Sarkozy \u00e0 cinq ans de prison<\/a> et ordonn\u00e9 son incarc\u00e9ration prochaine.<\/p>\n<p>Vis\u00e9e par des menaces de mort et d\u2019agressions violentes sur les r\u00e9seaux<\/p>\n<p class=\" wall-content\">\u00ab\u2009L\u2019USM s\u2019inqui\u00e8te de la d\u00e9signation publique des magistrats, du parquet comme du si\u00e8ge, comme des ennemis politiques et des cons\u00e9quences, m\u00eame indirectes, qui en d\u00e9coulent\u2009: <strong>menaces de mort ou de violences graves<\/strong>\u2009\u00bb, \u00e9crit le syndicat majoritaire dans un communiqu\u00e9.<\/p>\n<p class=\" wall-content\">\u00ab\u2009L\u2019USM appelle chacun \u00e0 la responsabilit\u00e9 et \u00e0 la retenue, l\u2019affaiblissement de l\u2019autorit\u00e9 judiciaire ne peut que participer \u00e0 un affaiblissement g\u00e9n\u00e9ral de l\u2019autorit\u00e9 de l\u2019\u00c9tat et partant de la France\u2009\u00bb, ajoute-t-il.<\/p>\n<p class=\" wall-content\">Selon le secr\u00e9taire g\u00e9n\u00e9ral adjoint de l\u2019USM, Aur\u00e9lien Martini, la <strong>magistrate est vis\u00e9e par des menaces de mort et d\u2019agression violente<\/strong> sur les r\u00e9seaux sociaux, o\u00f9 sa photo est publi\u00e9e. \u00ab\u2009On est attentifs et inquiets\u2009\u00bb, a-t-il d\u00e9clar\u00e9 \u00e0 l\u2019AFP.<\/p>\n<p class=\" wall-content\">Le Syndicat de la magistrature (SM) a de son c\u00f4t\u00e9 d\u00e9nonc\u00e9 les attaques d\u2019\u00ab\u2009une partie de la classe politique\u2009\u00bb, qui estime que la condamnation de l\u2019ancien pr\u00e9sident \u00e9tait \u00ab\u2009le fruit d\u2019un\u2009\u00bb acharnement\u00ab\u2009voire d\u2019une\u2009\u00bb vengeance \u00ab\u2009de la justice\u2009\u00bb.<\/p>\n<p class=\" wall-content\">\u00ab\u2009Ces accusations constituent <strong>une diversion qui ne doit tromper personne<\/strong>\u2009\u00bb, estime le syndicat class\u00e9 \u00e0 gauche. \u00ab\u2009La strat\u00e9gie par laquelle <a href=\"https:\/\/actu.fr\/politique\/ce-qu-ils-ont-humilie-c-est-la-france-nicolas-sarkozy-clame-son-innocence-et-ira-en-prison-la-tete-haute_63212784.html\" target=\"_blank\" rel=\"noopener\">l\u2019accus\u00e9 se fait l\u2019accusateur<\/a> de ses juges est <strong>un grand classique des personnalit\u00e9s publiques<\/strong> poursuivies ou condamn\u00e9es\u2009\u00bb, ajoute-t-il, observant que les magistrats exer\u00e7aient \u00ab\u2009leurs fonctions avec impartialit\u00e9, professionnalisme et ind\u00e9pendamment de leurs opinions\u2009\u00bb.<\/p>\n<p class=\" wall-content\">\u00ab\u2009Ce n\u2019est pas le\u2009\u00bb gouvernement des juges \u00ab\u2009qui devrait \u00eatre au c\u0153ur du d\u00e9bat, mais bien<strong> la lutte contre la d\u00e9linquance \u00e9conomique et financi\u00e8re<\/strong>, et ce jusqu\u2019au plus haut sommet de l\u2019\u00c9tat\u2009\u00bb, poursuit-il. \u00ab\u2009La haine n\u2019a d\u00e9cid\u00e9ment aucune limite\u2009\u00bb, avait r\u00e9agi Nicolas Sarkozy apr\u00e8s sa condamnation.<\/p>\n<p class=\" wall-content\"><strong>Avec AFP<\/strong><\/p>\n<p class=\" wall-content\">Personnalisez votre actualit\u00e9 en ajoutant vos villes et m\u00e9dias en favori avec <a href=\"https:\/\/moncompte.actu.fr\" title=\"D\u00e9couvez Mon Actu\" rel=\"nofollow noopener\" data-trk=\"{&quot;cta&quot;:{&quot;action&quot;:&quot;https:\\\/\\\/moncompte.actu.fr&quot;,&quot;category&quot;:&quot;mon compte&quot;,&quot;from&quot;:&quot;article footer&quot;,&quot;name&quot;:&quot;Mon actu&quot;,&quot;type&quot;:&quot;cta&quot;}}\" target=\"_blank\">Mon Actu<\/a>.<\/p>\n","protected":false},"excerpt":{"rendered":"Par R\u00e9daction Paris Publi\u00e9 le 26 sept. 2025 \u00e0 18h59 L\u2019Union syndicale des magistrats (USM) a annonc\u00e9 vendredi&hellip;\n","protected":false},"author":2,"featured_media":35224,"comment_status":"","ping_status":"","sticky":false,"template":"","format":"standard","meta":{"footnotes":""},"categories":[1888],"tags":[11,1777,674,1011,27,303,12,3091,626,899,25,104],"class_list":{"0":"post-420359","1":"post","2":"type-post","3":"status-publish","4":"format-standard","5":"has-post-thumbnail","7":"category-paris","8":"tag-actualites","9":"tag-eu","10":"tag-europe","11":"tag-fr","12":"tag-france","13":"tag-justice","14":"tag-news","15":"tag-nicolas-sarkozy","16":"tag-paris","17":"tag-prisons","18":"tag-republique-francaise","19":"tag-societe"},"share_on_mastodon":{"url":"https:\/\/pubeurope.com\/@fr\/115273850148345445","error":""},"_links":{"self":[{"href":"https:\/\/www.europesays.com\/fr\/wp-json\/wp\/v2\/posts\/420359","targetHints":{"allow":["GET"]}}],"collection":[{"href":"https:\/\/www.europesays.com\/fr\/wp-json\/wp\/v2\/posts"}],"about":[{"href":"https:\/\/www.europesays.com\/fr\/wp-json\/wp\/v2\/types\/post"}],"author":[{"embeddable":true,"href":"https:\/\/www.europesays.com\/fr\/wp-json\/wp\/v2\/users\/2"}],"replies":[{"embeddable":true,"href":"https:\/\/www.europesays.com\/fr\/wp-json\/wp\/v2\/comments?post=420359"}],"version-history":[{"count":0,"href":"https:\/\/www.europesays.com\/fr\/wp-json\/wp\/v2\/posts\/420359\/revisions"}],"wp:featuredmedia":[{"embeddable":true,"href":"https:\/\/www.europesays.com\/fr\/wp-json\/wp\/v2\/media\/35224"}],"wp:attachment":[{"href":"https:\/\/www.europesays.com\/fr\/wp-json\/wp\/v2\/media?parent=420359"}],"wp:term":[{"taxonomy":"category","embeddable":true,"href":"https:\/\/www.europesays.com\/fr\/wp-json\/wp\/v2\/categories?post=420359"},{"taxonomy":"post_tag","embeddable":true,"href":"https:\/\/www.europesays.com\/fr\/wp-json\/wp\/v2\/tags?post=420359"}],"curies":[{"name":"wp","href":"https:\/\/api.w.org\/{rel}","templated":true}]}}