{"id":420364,"date":"2025-09-27T02:17:14","date_gmt":"2025-09-27T02:17:14","guid":{"rendered":"https:\/\/www.europesays.com\/fr\/420364\/"},"modified":"2025-09-27T02:17:14","modified_gmt":"2025-09-27T02:17:14","slug":"carte-guerre-en-ukraine-menaces-sur-le-kremlin-nouvelle-tactique-russe-drones-le-point-du","status":"publish","type":"post","link":"https:\/\/www.europesays.com\/fr\/420364\/","title":{"rendered":"CARTE. Guerre en Ukraine\u00a0: menaces sur le Kremlin, nouvelle tactique russe, drones\u2026 Le point du"},"content":{"rendered":"<p>Le porte-parole de la pr\u00e9sidence russe a jug\u00e9 <strong>\u00ab\u00a0irresponsable\u00a0\u00bb, <\/strong>vendredi 26\u00a0septembre 2025, les <strong>\u00ab\u00a0menaces\u00a0\u00bb<\/strong> de frappes contre le Kremlin formul\u00e9es par le pr\u00e9sident ukrainien Volodymyr Zelensky dans un entretien diffus\u00e9 la veille. Le dirigeant ukrainien <strong>\u00ab\u00a0balance des menaces \u00e0 tout va, ce qui para\u00eet assez irresponsable\u00a0\u00bb,<\/strong> a r\u00e9agi Dmitri Peskov, questionn\u00e9 \u00e0 ce sujet lors de son briefing quotidien auquel participait notamment l\u2019Agence France-Presse (AFP).<\/p>\n<\/p>\n<p>Les responsables russes pourraient avoir besoin de \u00ab\u00a0leurs abris antia\u00e9riens\u00a0\u00bb, selon Zelensky<\/p>\n<p>Volodymyr Zelensky a d\u00e9clar\u00e9, dans un entretien avec un journaliste du m\u00e9dia am\u00e9ricain Axios diffus\u00e9 le 25\u00a0septembre, que les responsables russes pourraient effectivement avoir besoin de <strong>\u00ab\u00a0leurs abris antia\u00e9riens\u00a0\u00bb<\/strong> s\u2019ils ne mettaient pas fin au conflit. L\u2019Ukraine lance r\u00e9guli\u00e8rement des drones contre la Russie en r\u00e9ponse \u00e0 l\u2019attaque russe contre son territoire et aux frappes a\u00e9riennes lanc\u00e9es quotidiennement contre ses villes. D\u00e9but septembre, un missile russe a endommag\u00e9 le si\u00e8ge du gouvernement ukrainien \u00e0 Kiev, situ\u00e9 \u00e0 des centaines de kilom\u00e8tres du front, selon les autorit\u00e9s ukrainiennes.<\/p>\n<p>Les attaques de l\u2019Ukraine visent souvent les infrastructures p\u00e9troli\u00e8res et gazi\u00e8res russes. Des drones atteignent \u00e9galement parfois Moscou ou ses abords. Lors de son entretien \u00e0 Axios, Volodymyr Zelensky a ajout\u00e9 que l\u2019Ukraine n\u2019avait pas l\u2019intention de frapper des civils en Russie. <strong>\u00ab\u00a0Nous ne sommes pas des terroristes\u00a0\u00bb,<\/strong> a-t-il justifi\u00e9.\u00a0Les frappes men\u00e9es par l\u2019Ukraine avec des armes occidentales sur le territoire russe, loin du front, constituent une question d\u00e9licate, certains des alli\u00e9s de Kiev craignant notamment de s\u2019impliquer dans une escalade avec Moscou.<\/p>\n<p>Le chef d\u2019\u00c9tat ukrainien a n\u00e9anmoins assur\u00e9 \u00e0 Axios que Donald Trump lui avait donn\u00e9 son feu vert pour continuer \u00e0 frapper des infrastructures \u00e9nerg\u00e9tiques russes. Le pr\u00e9sident am\u00e9ricain, qui s\u2019\u00e9tait rapproch\u00e9 de Vladimir Poutine mais a exprim\u00e9 une frustration croissante \u00e0 son \u00e9gard ces derni\u00e8res semaines, a r\u00e9cemment compar\u00e9 la Russie \u00e0 un <strong>\u00ab\u00a0tigre de papier\u00a0\u00bb.<\/strong><\/p>\n<p><strong>Lire aussi\u00a0:<\/strong> <a href=\"https:\/\/rennes.maville.com\/actu\/actudet_-trump-tend-une-main-interessee-a-l-ukraine-_54135-6991030_actu.Htm\" target=\"_self\" rel=\"noopener\">Donald Trump tend une main int\u00e9ress\u00e9e \u00e0 l\u2019Ukraine<\/a><\/p>\n<p>La Russie utilise une nouvelle\u00a0tactique d\u2019assaut, selon le chef des arm\u00e9es ukrainiennes<\/p>\n<p>Les troupes de Vladimir Poutine utilisent une nouvelle strat\u00e9gie consistant \u00e0 mener de nombreux assauts avec de tr\u00e8s petits groupes de soldats afin de p\u00e9n\u00e9trer les d\u00e9fenses ukrainiennes en utilisant moins d\u2019hommes, a affirm\u00e9 le commandant en chef des arm\u00e9es ukrainiennes, Oleksandr Syrsky.<\/p>\n<p><strong>\u00ab\u00a0Depuis le d\u00e9but de l\u2019\u00e9t\u00e9, les tactiques de l\u2019ennemi ont chang\u00e9\u00a0\u00bb,<\/strong> a-t-il dit \u00e0 un groupe de journalistes, dont l\u2019Agence France-Presse jeudi. Leur nouvelle strat\u00e9gie, utilis\u00e9e sur le front est, consiste \u00e0 utiliser <strong>\u00ab\u00a0un grand nombre de petits groupes d\u2019assaut\u00a0\u00bb<\/strong> de quatre \u00e0 six soldats charg\u00e9s d\u2019avancer aussi loin que possible sans \u00eatre rep\u00e9r\u00e9s, a-t-il expliqu\u00e9. Objectif\u00a0: <strong>\u00ab\u00a0paralyser\u00a0\u00bb<\/strong> la logistique ukrainienne et<strong> \u00ab\u00a0conqu\u00e9rir des territoires sans utiliser un grand nombre de soldats\u00a0\u00bb,<\/strong> a estim\u00e9 le g\u00e9n\u00e9ral Syrsky.<\/p>\n<p>Cette strat\u00e9gie sert aussi, selon lui, \u00e0 <strong>\u00ab\u00a0d\u00e9clarer leur pr\u00e9sence\u00a0\u00bb<\/strong> et planter leur drapeau, revendiquant ainsi des avanc\u00e9es m\u00eame si elles ne sont le fait que d\u2019un petit groupe. Il a compar\u00e9 cette tactique \u00e0 celle des <strong>\u00ab\u00a0mille coupures\u00a0\u00bb,<\/strong> forme de torture infligeant de multiples petites entailles.<\/p>\n<p>Selon Oleksandr Syrsky, l\u2019arm\u00e9e russe a op\u00e9r\u00e9 de cette mani\u00e8re pr\u00e8s de la ville de Dobropillia, dans la r\u00e9gion de Donetsk, et dans la r\u00e9gion de Dnipropetrovsk, en y p\u00e9n\u00e9trant cet \u00e9t\u00e9 pour la premi\u00e8re fois depuis le d\u00e9but de son invasion de l\u2019Ukraine en 2022. Le g\u00e9n\u00e9ral a reconnu que la situation \u00e9tait <strong>\u00ab\u00a0difficile\u00a0\u00bb<\/strong> sur le front et que l\u2019arm\u00e9e russe continuait d\u2019avancer dans des secteurs importants, comme ceux des villes de Pokrovsk et Dobropillia.<\/p>\n<p><strong>Lire aussi\u00a0: <\/strong> <a href=\"https:\/\/rennes.maville.com\/actu\/actudet_-si-des-avions-etaient-vises-ce-serait-la-guerre-l-ambassadeur-russe-en-france-avertit-l-otan-_54135-6992359_actu.Htm\" target=\"_self\" rel=\"noopener\">Si des avions \u00e9taient vis\u00e9s, \u00ab\u00a0ce serait la guerre\u00a0\u00bb\u00a0: l\u2019ambassadeur russe en France avertit l\u2019Otan<\/a><\/p>\n<p>L\u2019Ukraine soup\u00e7onne la Hongrie de vols de drones de reconnaissance dans son espace a\u00e9rien<\/p>\n<p>L\u2019Ukraine soup\u00e7onne la Hongrie d\u2019avoir effectu\u00e9 des vols de drones de reconnaissance dans son espace a\u00e9rien, a d\u00e9clar\u00e9 vendredi Volodymyr Zelensky, <strong>\u00ab\u00a0Les forces ukrainiennes ont enregistr\u00e9 des violations de notre espace a\u00e9rien par des drones de reconnaissance, qui sont probablement hongrois\u00a0\u00bb,<\/strong> a d\u00e9clar\u00e9 Volodymyr Zelensky sur les r\u00e9seaux sociaux.<\/p>\n<p>Cette d\u00e9claration a suscit\u00e9 un d\u00e9menti acerbe de Budapest. <strong>\u00ab\u00a0Il perd la t\u00eate \u00e0 cause de son obsession anti-hongroise. Il commence maintenant \u00e0 voir des choses qui n\u2019existent pas\u00a0\u00bb,<\/strong> a r\u00e9agi sur X le chef de la diplomatie hongroise Peter Szijjarto. Volodymyr Zelensky a affirm\u00e9 que, selon les premi\u00e8res analyses, les drones suspects <strong>\u00ab\u00a0effectuaient peut-\u00eatre des reconnaissances sur le potentiel industriel des zones frontali\u00e8res de l\u2019Ukraine\u00a0\u00bb.<\/strong>\u00a0Il n\u2019a cependant pas donn\u00e9 de d\u00e9tail sur la localisation pr\u00e9cise de ces incidents ni leurs dates, indiquant simplement qu\u2019ils \u00e9taient <strong>\u00ab\u00a0r\u00e9cents\u00a0\u00bb.<\/strong><\/p>\n<p><strong>Lire aussi\u00a0: <\/strong> <a href=\"https:\/\/rennes.maville.com\/actu\/actudet_-robert-brovdi-le-hongrois-d-ukraine-qui-agace-viktor-orban-_54135-6962008_actu.Htm\" target=\"_self\" rel=\"noopener\">Robert Brovdi, le Hongrois d\u2019Ukraine qui agace Viktor Orb\u00e1n<\/a><\/p>\n<p>Rare pays de l\u2019Union europ\u00e9enne et de l\u2019Otan \u00e0 avoir renforc\u00e9 ses liens politiques et \u00e9conomiques avec Moscou depuis l\u2019invasion de l\u2019Ukraine en 2022, la Hongrie partage environ 140\u00a0kilom\u00e8tres de fronti\u00e8re avec la partie occidentale de l\u2019Ukraine. Les tensions entre Kiev et Budapest, d\u00e9j\u00e0 importantes, se sont accrues depuis le d\u00e9but de la guerre. La Hongrie refuse d\u2019aider militairement Kiev, paralyse ses n\u00e9gociations d\u2019adh\u00e9sion \u00e0 l\u2019Union europ\u00e9enne et entrave l\u2019adoption des sanctions de l\u2019UE contre la Russie.<\/p>\n<p>\u00a0<\/p>\n","protected":false},"excerpt":{"rendered":"Le porte-parole de la pr\u00e9sidence russe a jug\u00e9 \u00ab\u00a0irresponsable\u00a0\u00bb, vendredi 26\u00a0septembre 2025, les \u00ab\u00a0menaces\u00a0\u00bb de frappes contre le&hellip;\n","protected":false},"author":2,"featured_media":420365,"comment_status":"","ping_status":"","sticky":false,"template":"","format":"standard","meta":{"footnotes":""},"categories":[1590],"tags":[11,1438,11617,2024,1777,674,1146,4432,4998,2824,12,2043,8013,17794,220],"class_list":{"0":"post-420364","1":"post","2":"type-post","3":"status-publish","4":"format-standard","5":"has-post-thumbnail","7":"category-ukraine","8":"tag-actualites","9":"tag-angers","10":"tag-carte","11":"tag-drones","12":"tag-eu","13":"tag-europe","14":"tag-guerre","15":"tag-jour","16":"tag-kremlin","17":"tag-menaces","18":"tag-news","19":"tag-nouvelle","20":"tag-russe","21":"tag-tactique","22":"tag-ukraine"},"share_on_mastodon":{"url":"https:\/\/pubeurope.com\/@fr\/115273862366988507","error":""},"_links":{"self":[{"href":"https:\/\/www.europesays.com\/fr\/wp-json\/wp\/v2\/posts\/420364","targetHints":{"allow":["GET"]}}],"collection":[{"href":"https:\/\/www.europesays.com\/fr\/wp-json\/wp\/v2\/posts"}],"about":[{"href":"https:\/\/www.europesays.com\/fr\/wp-json\/wp\/v2\/types\/post"}],"author":[{"embeddable":true,"href":"https:\/\/www.europesays.com\/fr\/wp-json\/wp\/v2\/users\/2"}],"replies":[{"embeddable":true,"href":"https:\/\/www.europesays.com\/fr\/wp-json\/wp\/v2\/comments?post=420364"}],"version-history":[{"count":0,"href":"https:\/\/www.europesays.com\/fr\/wp-json\/wp\/v2\/posts\/420364\/revisions"}],"wp:featuredmedia":[{"embeddable":true,"href":"https:\/\/www.europesays.com\/fr\/wp-json\/wp\/v2\/media\/420365"}],"wp:attachment":[{"href":"https:\/\/www.europesays.com\/fr\/wp-json\/wp\/v2\/media?parent=420364"}],"wp:term":[{"taxonomy":"category","embeddable":true,"href":"https:\/\/www.europesays.com\/fr\/wp-json\/wp\/v2\/categories?post=420364"},{"taxonomy":"post_tag","embeddable":true,"href":"https:\/\/www.europesays.com\/fr\/wp-json\/wp\/v2\/tags?post=420364"}],"curies":[{"name":"wp","href":"https:\/\/api.w.org\/{rel}","templated":true}]}}