{"id":420368,"date":"2025-09-27T02:19:13","date_gmt":"2025-09-27T02:19:13","guid":{"rendered":"https:\/\/www.europesays.com\/fr\/420368\/"},"modified":"2025-09-27T02:19:13","modified_gmt":"2025-09-27T02:19:13","slug":"une-auxiliaire-de-creche-londonienne-condamnee-a-huit-ans-de-prison-pour-avoir-maltraite-21-bebes","status":"publish","type":"post","link":"https:\/\/www.europesays.com\/fr\/420368\/","title":{"rendered":"une auxiliaire de cr\u00e8che londonienne condamn\u00e9e \u00e0 huit ans de prison pour avoir maltrait\u00e9 21 b\u00e9b\u00e9s"},"content":{"rendered":"<p>Entre octobre 2023 et juin 2024, la jeune femme de 22 ans a s\u00e9vi dans deux cr\u00e8ches de la capitale anglaise.<\/p>\n<p class=\"fig-paragraph\">Violence gratuite, abus en tous genres, addiction au cannabis&#8230; C\u2019est une affaire sordide qui a connu son d\u00e9nouement ce vendredi \u00e0 Kingston, au sud-ouest de\u00a0<a href=\"http:\/\/www.lefigaro.fr\/international\/accuse-par-donald-trump-de-vouloir-instaurer-la-charia-a-londres-le-maire-sadiq-khan-l-accuse-d-etre-raciste-sexiste-misogyne-et-islamophobe-20250924\" data-fig-type=\"NewsFlash\" data-gtm-custom-categorie=\"navigation\" data-gtm-custom-action=\"crossclick\" data-gtm-custom-label=\"Contextuel\" data-gtm-event=\"customEventSPE\" data-fig-domain=\"LEFIGARO\" target=\"_blank\" rel=\"noopener\">Londres<\/a>. Roksana Lecka, 22 ans, a \u00e9t\u00e9 reconnu coupable d\u2019abus \u00abgratuits\u00bb et \u00absadiques\u00bb sur 21 b\u00e9b\u00e9s dans des cr\u00e8ches de la capitale anglaise. Les faits remontent au mois de juin 2024, la jeune auxiliaire avait alors \u00e9t\u00e9 renvoy\u00e9e chez elle apr\u00e8s avoir \u00abpinc\u00e9 un certain nombre d\u2019enfants et \u00eatre apparue agit\u00e9e \u00e0 la cr\u00e8che Montessori Riverside de Twickenham\u00bb, narre\u00a0<a href=\"https:\/\/www.theguardian.com\/uk-news\/2025\/sep\/26\/woman-jailed-abusing-babies-london-nurseries\" target=\"_blank\" rel=\"sponsored noopener\" data-gtm-custom-categorie=\"navigation\" data-gtm-custom-action=\"crossclick\" data-gtm-custom-label=\"Contextuel\" data-gtm-event=\"customEventSPE\">le Guardian<\/a> .<\/p>\n<p class=\"fig-paragraph\">La police avait ainsi pu mettre la main sur les images de vid\u00e9osurveillance et constater l\u2019ensemble de ses faits, concentr\u00e9s sur une p\u00e9riode de moins d\u2019un an entre octobre 2023 et juin 2024, principalement dans deux cr\u00e8ches londoniennes. \u00abVous les avez pinc\u00e9s, gifl\u00e9s, frapp\u00e9s. Vous leur avez tir\u00e9 les oreilles, les cheveux et les orteils. Vous avez renvers\u00e9 des enfants la t\u00eate la premi\u00e8re dans des lits de camp. Vous avez caus\u00e9 des ecchymoses et des marques rouges persistantes\u00bb, relate la juge en charge de l\u2019affaire Sarah Plaschkes.<\/p>\n<p>                                    <a class=\"fig-a11y-skip a11y-hidden\" href=\"#fig-a11y-skip-main-inarticle\"><br \/>\n        Passer la publicit\u00e9<br \/>\n    <\/a><\/p>\n<p>\u00abL\u2019ampleur de ses abus est stup\u00e9fiante\u00bb<\/p>\n<p class=\"fig-paragraph\">\u00abLe CPS (l\u2019organisme public charg\u00e9 de mener des poursuites p\u00e9nales au Royaume-Uni) a pr\u00e9sent\u00e9 des preuves convaincantes qui montrent clairement qu\u2019elle ciblait des enfants lorsque ses coll\u00e8gues \u00e9taient \u00e0 l\u2019ext\u00e9rieur de la pi\u00e8ce ou avaient le dos tourn\u00e9\u00bb, assure quant \u00e0 elle la procureur principale de la Couronne, Gemma Burns. Elle a \u00e9galement condamn\u00e9 des actes \u00abd\u2019une cruaut\u00e9 exceptionnelle\u00bb, ajoutant que \u00abl\u2019ampleur de ses abus est stup\u00e9fiante\u00bb. Certains parents auraient m\u00eame pleur\u00e9 lorsque les images ont \u00e9t\u00e9 diffus\u00e9es pendant le proc\u00e8s selon le Guardian.<\/p>\n<p class=\"fig-paragraph\">Ils se sont succ\u00e9d\u00e9 \u00e0 la barre pour raconter l\u2019impact de ces violences sur leurs enfants et sur eux-m\u00eames. \u00abCes enfants \u00e9taient si innocents, vuln\u00e9rables. Ils ne pouvaient pas parler, pas se d\u00e9fendre (&#8230;) ils \u00e9taient totalement d\u00e9munis et Roksana s\u2019est attaqu\u00e9e \u00e0 eux\u00bb, s\u2019est indign\u00e9 une m\u00e8re. La juge a qualifi\u00e9 son comportement de \u00absadique\u00bb, tandis que le cabinet d\u2019avocats Irwin Mitchell, qui repr\u00e9sente 18 des familles, s\u2019est interrog\u00e9 sur la mani\u00e8re dont les agressions commises par Lecka ont pu passer \u00abinaper\u00e7ues\u00bb, avant qu\u2019elles ne soient d\u00e9couvertes en juin 2024.<\/p>\n<p>Une addiction au cannabis<\/p>\n<p class=\"fig-paragraph\">L\u2019accus\u00e9e a de son c\u00f4t\u00e9 reconnu sept chefs d\u2019accusation sur des enfants de moins de 16 ans, tout en changeant de version \u00e0 plusieurs reprises avant le d\u00e9but de son proc\u00e8s sous la pression des images de vid\u00e9osurveillance. Lorsqu\u2019il lui a \u00e9t\u00e9 demand\u00e9 si elle avait menti, Roksana Lecka a r\u00e9pondu\u00a0: \u00abJe ne mentais pas parce que je ne savais pas ce que je faisais et les choses que je faisais, je ne me souviens pas des choses que je faisais parce que je fumais du cannabis qui affectait ma m\u00e9moire.\u00bb\u00a0<\/p>\n<p class=\"fig-paragraph\">Une explication qu\u2019elle a r\u00e9it\u00e9r\u00e9e dans une lettre adress\u00e9e au tribunal dans laquelle elle ajoute qu\u2019elle a r\u00e9fl\u00e9chi \u00e0 ses actes et qu\u2019elle souhaite s\u2019excuser aupr\u00e8s des parents. Son avocate, Arlette Piercy, a mentionn\u00e9 son \u00e2ge comme circonstance att\u00e9nuante, tout en d\u00e9crivant son exp\u00e9rience en prison lors de sa d\u00e9tention provisoire comme ayant \u00e9t\u00e9 \u00abextr\u00eamement difficile\u00bb. Elle a \u00e9t\u00e9 reconnue non coupable, en parall\u00e8le, d\u2019actes de cruaut\u00e9 envers trois autres enfants.<\/p>\n","protected":false},"excerpt":{"rendered":"Entre octobre 2023 et juin 2024, la jeune femme de 22 ans a s\u00e9vi dans deux cr\u00e8ches de&hellip;\n","protected":false},"author":2,"featured_media":420369,"comment_status":"","ping_status":"","sticky":false,"template":"","format":"standard","meta":{"footnotes":""},"categories":[1588],"tags":[11,4073,2695,1777,674,4534,12,473,1853,1851,1850,1852],"class_list":{"0":"post-420368","1":"post","2":"type-post","3":"status-publish","4":"format-standard","5":"has-post-thumbnail","7":"category-royaume-uni","8":"tag-actualites","9":"tag-condamnation","10":"tag-creche","11":"tag-eu","12":"tag-europe","13":"tag-londres","14":"tag-news","15":"tag-royaume-uni","16":"tag-royaume-uni-de-grande-bretagne-et-dirlande-du-nord","17":"tag-uk","18":"tag-united-kingdom","19":"tag-united-kingdom-of-great-britain-and-northern-ireland"},"share_on_mastodon":{"url":"https:\/\/pubeurope.com\/@fr\/115273869862418082","error":""},"_links":{"self":[{"href":"https:\/\/www.europesays.com\/fr\/wp-json\/wp\/v2\/posts\/420368","targetHints":{"allow":["GET"]}}],"collection":[{"href":"https:\/\/www.europesays.com\/fr\/wp-json\/wp\/v2\/posts"}],"about":[{"href":"https:\/\/www.europesays.com\/fr\/wp-json\/wp\/v2\/types\/post"}],"author":[{"embeddable":true,"href":"https:\/\/www.europesays.com\/fr\/wp-json\/wp\/v2\/users\/2"}],"replies":[{"embeddable":true,"href":"https:\/\/www.europesays.com\/fr\/wp-json\/wp\/v2\/comments?post=420368"}],"version-history":[{"count":0,"href":"https:\/\/www.europesays.com\/fr\/wp-json\/wp\/v2\/posts\/420368\/revisions"}],"wp:featuredmedia":[{"embeddable":true,"href":"https:\/\/www.europesays.com\/fr\/wp-json\/wp\/v2\/media\/420369"}],"wp:attachment":[{"href":"https:\/\/www.europesays.com\/fr\/wp-json\/wp\/v2\/media?parent=420368"}],"wp:term":[{"taxonomy":"category","embeddable":true,"href":"https:\/\/www.europesays.com\/fr\/wp-json\/wp\/v2\/categories?post=420368"},{"taxonomy":"post_tag","embeddable":true,"href":"https:\/\/www.europesays.com\/fr\/wp-json\/wp\/v2\/tags?post=420368"}],"curies":[{"name":"wp","href":"https:\/\/api.w.org\/{rel}","templated":true}]}}