{"id":42037,"date":"2025-04-21T17:42:15","date_gmt":"2025-04-21T17:42:15","guid":{"rendered":"https:\/\/www.europesays.com\/fr\/42037\/"},"modified":"2025-04-21T17:42:15","modified_gmt":"2025-04-21T17:42:15","slug":"kombouare-invite-francois-letexier-a-se-reposer-apres-le-derby-france-nantes","status":"publish","type":"post","link":"https:\/\/www.europesays.com\/fr\/42037\/","title":{"rendered":"Kombouar\u00e9 invite Fran\u00e7ois Letexier \u00e0 \u00ab\u00a0se reposer\u00a0\u00bb apr\u00e8s le derby &#8211; France &#8211; Nantes"},"content":{"rendered":"<p>Vite, les vacances.<\/p>\n<p>La d\u00e9cision de Fran\u00e7ois Letexier de <strong>ne pas expulser Lucas Stassin<\/strong> dimanche lors du <a target=\"_blank\" href=\"https:\/\/www.sofoot.com\/articles\/saint-etienne-stassin-les-rend-afou\" rel=\"nofollow noopener\">derby entre Saint-\u00c9tienne et Lyon<\/a> a cr\u00e9\u00e9 quelques remous. Et c\u2019est un euph\u00e9misme. <strong>Antoine Kombouar\u00e9 a r\u00e9agi ce lundi<\/strong> en conf\u00e9rence de presse, \u00e0 la veille du match en retard des Canaris face au Paris Saint-Germain. <strong>Le coach nantais n\u2019a pas fait de langue de bois<\/strong>, comme souvent.<\/p>\n<p>\u00ab\u202fDe temps en temps, c\u2019est comme les joueurs, il faut se reposer \u202f\u00bb<\/p>\n<p>\u00ab\u00a0J\u2019ai un grand souvenir de ce monsieur, c\u2019est pour \u00e7a que je suis toujours attentif aux matchs qu\u2019il arbitre, a-t-il tacl\u00e9. Je me souviens d\u2019un match \u00e0 Nice, c\u2019\u00e9tait catastrophique. (\u2026) Cette saison, il y a le Classico : Amine Harit fait la faute, carton rouge. Il explique que l\u2019important, c\u2019est l\u2019int\u00e9grit\u00e9 physique des joueurs. Apr\u00e8s, vous voyez l\u2019\u00e9tat dans lequel se retrouve <a target=\"_blank\" href=\"https:\/\/www.sofoot.com\/breves\/monaco-wilfried-singo-sexcuse-aupres-de-donnarumma-psg-a-la-suite-de-leur-collision\" rel=\"nofollow noopener\">Donnarumma apr\u00e8s le pied de Singo<\/a>. Il est d\u00e9figur\u00e9. Et hier (dimanche), Tolisso sort sur civi\u00e8re.\u00a0\u00bb <\/p>\n<p>\u00ab\u00a0Les cons\u00e9quences sont graves pour Le Havre, pour nous, car Saint-\u00c9tienne se retrouve avec deux points de plus\u00a0\u00bb, poursuit Kombouar\u00e9, dont l\u2019\u00e9quipe ne compte plus que trois points d\u2019avance sur les Verts. Le Kanak estime que Fran\u00e7ois Letexier devrait prendre du recul suite \u00e0 sa prestation : \u00ab\u00a0Dans la semaine, M. Letexier a quand m\u00eame arbitr\u00e9 le Real Madrid contre Arsenal. De temps en temps, c\u2019est comme les joueurs, il faut se reposer. D\u00e8s fois, on peut \u00eatre un peu fatigu\u00e9. Ce n\u2019est pas parce que tu es le meilleur arbitre, soi-disant, que tu dois encha\u00eener tous les matchs. C\u2019est un homme comme tout le monde.\u00a0\u00bb<\/p>\n<p><a target=\"_blank\" href=\"https:\/\/www.sofoot.com\/breves\/lom-va-se-mettre-au-vert-a-rome\" rel=\"nofollow noopener\">Rome est une bonne destination de mise au vert<\/a>, para\u00eet-il.<\/p>\n<p>\t\t\t\t\t\t\t\t\t\t<a class=\"lien-connexe\" href=\"https:\/\/www.sofoot.com\/articles\/les-10-meilleurs-cadeaux-de-derniere-minute-pour-noel\" rel=\"nofollow noopener\" target=\"_blank\">Les 10 meilleurs cadeaux de derni\u00e8re minute pour No\u00ebl<\/a>\t\t\t\t\t<\/p>\n","protected":false},"excerpt":{"rendered":"Vite, les vacances. La d\u00e9cision de Fran\u00e7ois Letexier de ne pas expulser Lucas Stassin dimanche lors du derby&hellip;\n","protected":false},"author":2,"featured_media":42038,"comment_status":"","ping_status":"","sticky":false,"template":"","format":"standard","meta":{"footnotes":""},"categories":[9653],"tags":[1111,47,11,61,2430,69,65,64,1777,674,63,1011,27,68,66,12,62,70,25,4001,67],"class_list":{"0":"post-42037","1":"post","2":"type-post","3":"status-publish","4":"format-standard","5":"has-post-thumbnail","7":"category-saint-etienne","8":"tag-actu","9":"tag-actualite","10":"tag-actualites","11":"tag-actus-football","12":"tag-auvergne-rhone-alpes","13":"tag-bundesliga","14":"tag-championnats-europeens","15":"tag-equipe-de-france","16":"tag-eu","17":"tag-europe","18":"tag-football","19":"tag-fr","20":"tag-france","21":"tag-ligua","22":"tag-ligue-1","23":"tag-news","24":"tag-news-foot","25":"tag-premier-league","26":"tag-republique-francaise","27":"tag-saint-etienne","28":"tag-serie-a"},"share_on_mastodon":{"url":"https:\/\/pubeurope.com\/@fr\/114377191899473375","error":""},"_links":{"self":[{"href":"https:\/\/www.europesays.com\/fr\/wp-json\/wp\/v2\/posts\/42037","targetHints":{"allow":["GET"]}}],"collection":[{"href":"https:\/\/www.europesays.com\/fr\/wp-json\/wp\/v2\/posts"}],"about":[{"href":"https:\/\/www.europesays.com\/fr\/wp-json\/wp\/v2\/types\/post"}],"author":[{"embeddable":true,"href":"https:\/\/www.europesays.com\/fr\/wp-json\/wp\/v2\/users\/2"}],"replies":[{"embeddable":true,"href":"https:\/\/www.europesays.com\/fr\/wp-json\/wp\/v2\/comments?post=42037"}],"version-history":[{"count":0,"href":"https:\/\/www.europesays.com\/fr\/wp-json\/wp\/v2\/posts\/42037\/revisions"}],"wp:featuredmedia":[{"embeddable":true,"href":"https:\/\/www.europesays.com\/fr\/wp-json\/wp\/v2\/media\/42038"}],"wp:attachment":[{"href":"https:\/\/www.europesays.com\/fr\/wp-json\/wp\/v2\/media?parent=42037"}],"wp:term":[{"taxonomy":"category","embeddable":true,"href":"https:\/\/www.europesays.com\/fr\/wp-json\/wp\/v2\/categories?post=42037"},{"taxonomy":"post_tag","embeddable":true,"href":"https:\/\/www.europesays.com\/fr\/wp-json\/wp\/v2\/tags?post=42037"}],"curies":[{"name":"wp","href":"https:\/\/api.w.org\/{rel}","templated":true}]}}