{"id":420378,"date":"2025-09-27T02:24:14","date_gmt":"2025-09-27T02:24:14","guid":{"rendered":"https:\/\/www.europesays.com\/fr\/420378\/"},"modified":"2025-09-27T02:24:14","modified_gmt":"2025-09-27T02:24:14","slug":"ce-sms-glacant-de-lamant-de-delphine-jubillar-revele","status":"publish","type":"post","link":"https:\/\/www.europesays.com\/fr\/420378\/","title":{"rendered":"ce SMS gla\u00e7ant de l\u2019amant de Delphine Jubillar r\u00e9v\u00e9l\u00e9"},"content":{"rendered":"<p>Pr\u00e8s de cinq ans apr\u00e8s la <strong>disparition de Delphine<br \/>\nJubillar<\/strong>, le myst\u00e8re reste entier. Cette m\u00e8re de famille<br \/>\net infirmi\u00e8re de 33 ans s\u2019est volatilis\u00e9e dans la nuit du 15<br \/>\nd\u00e9cembre 2020 \u00e0 Cagnac-les-Mines (Tarn), sans laisser de trace.<br \/>\nDepuis, l\u2019enqu\u00eate explore plusieurs pistes, centr\u00e9es notamment sur<br \/>\n<a href=\"https:\/\/www.melty.fr\/societe\/proces-cedric-jubillar-rencontres-bdsm-darknet-la-double-vie-de-delphine-avec-lamant-de-montauban-2265084.html\" target=\"_blank\" rel=\"noopener\"><br \/>\nson mari, C\u00e9dric Jubillar,<\/a> mis en examen pour meurtre en juin<br \/>\n2021 et toujours incarc\u00e9r\u00e9.<\/p>\n<p>Des messages troublants retrouv\u00e9s<\/p>\n<p>Mais de nouvelles r\u00e9v\u00e9lations, publi\u00e9es par Le Figaro,<br \/>\n\u00e9clairent une facette intime et troublante de la vie de la disparue<br \/>\n: celle de <strong>sa relation avec son amant<\/strong>. Les<br \/>\nenqu\u00eateurs ont en effet retrouv\u00e9 une s\u00e9rie de messages \u00e9chang\u00e9s<br \/>\nentre <a href=\"https:\/\/www.melty.fr\/societe\/une-amie-de-delphine-jubillar-ecoeuree-par-les-propos-sexuels-de-cedric-details-dune-grande-vulgarite-2264685.html\" target=\"_blank\" rel=\"noopener\"><br \/>\nDelphine et cet homme<\/a>, rencontr\u00e9 via un site de rencontre<br \/>\nquelques mois avant sa disparition. Identifi\u00e9 sous le pr\u00e9nom fictif<br \/>\nde Jean, il raconte avoir entam\u00e9 une relation \u00e0 distance avec<br \/>\nl\u2019infirmi\u00e8re d\u00e8s l\u2019\u00e9t\u00e9 2020.<\/p>\n<p>Les deux amants communiquaient surtout via Snapchat, partageant<br \/>\ndes confidences, des photos mais aussi des conversations d\u2019une<br \/>\ngrande crudit\u00e9. Dans ce flot d\u2019\u00e9changes, plusieurs d\u00e9tails<br \/>\ninterpellent les enqu\u00eateurs. Certains messages mettent en lumi\u00e8re<br \/>\nla fragilit\u00e9 de leur relation. Delphine surnommait r\u00e9guli\u00e8rement<br \/>\nson compagnon virtuel <strong>\u201cpetit kiki\u201d<\/strong>, le<br \/>\ncritiquant sur ses performances sexuelles et exigeant qu\u2019il<br \/>\n\u201csoit plus performant la prochaine fois\u201d.<\/p>\n<p>Ce SMS tr\u00e8s troublant re\u00e7u par Delphine Jubillar<\/p>\n<p>De son c\u00f4t\u00e9, Jean semblait tout aussi d\u00e9sinvolte. Dans un SMS<br \/>\nr\u00e9v\u00e9l\u00e9 par Le Figaro, il confiait \u00e0 une amie : \u201cAvec<br \/>\nDelphine, c\u2019\u00e9tait toujours sushis-champagne-h\u00f4tel. Elle me revenait<br \/>\ncher. Mais bon, j\u2019avais un <strong>bon retour sur<br \/>\ninvestissement.\u201d<\/strong> Une phrase gla\u00e7ante, qui interroge<br \/>\nsur la sinc\u00e9rit\u00e9 de ses sentiments et sur la nature r\u00e9elle de leur<br \/>\nlien. Le dernier contact entre Delphine et son amant remonte au 14<br \/>\nd\u00e9cembre 2020, la veille de sa disparition.<\/p>\n<p>Les deux auraient \u00e9chang\u00e9 en visioconf\u00e9rence, comme le pr\u00e9cise<br \/>\nl\u2019enqu\u00eate. Le lendemain, la jeune femme ne donne plus signe de vie.<br \/>\nPour les proches et les enqu\u00eateurs, cette chronologie renforce la<br \/>\nth\u00e8se d\u2019un projet de d\u00e9part. Car selon plusieurs t\u00e9moignages,<br \/>\nDelphine voulait s\u2019installer avec Jean, loin de C\u00e9dric Jubillar,<br \/>\ndont elle pr\u00e9parait la s\u00e9paration. Des indices mat\u00e9riels viennent<br \/>\ncorroborer cette hypoth\u00e8se.<\/p>\n<p>C\u00e9dric Jubillar va devoir r\u00e9pondre de<br \/>\nses actes face \u00e0 la justice<\/p>\n<p>Dans la maison familiale, les enqu\u00eateurs ont retrouv\u00e9 deux<br \/>\npetits bouts de papier, griffonn\u00e9s par <strong>Delphine<\/strong>.<br \/>\nSur l\u2019un figuraient des notes sur un appartement \u00e0 Albi, avec le<br \/>\nnum\u00e9ro du propri\u00e9taire. Sur l\u2019autre, des informations li\u00e9es \u00e0 une<br \/>\nproc\u00e9dure de divorce : le contact d\u2019un avocat, un calcul de pension<br \/>\nalimentaire bas\u00e9e sur un \u00e9cart de 200 euros, et la mention d\u2019une<br \/>\ngarde altern\u00e9e par semaines paires et impaires.<\/p>\n<p>Autant d\u2019\u00e9l\u00e9ments qui tendent \u00e0 confirmer que la jeune femme<br \/>\npr\u00e9parait activement son d\u00e9part. Ces r\u00e9v\u00e9lations renforcent aussi<br \/>\nl\u2019image d\u2019une femme d\u00e9termin\u00e9e \u00e0 tourner la page, malgr\u00e9 les<br \/>\ntensions avec son mari. Pour les enqu\u00eateurs, elles s\u2019ajoutent \u00e0 une<br \/>\naccumulation de preuves sugg\u00e9rant que la s\u00e9paration \u00e9tait<br \/>\nimminente. Mais C\u00e9dric Jubillar continue de clamer son innocence,<br \/>\naffirmant n\u2019avoir rien \u00e0 voir avec la disparition de son \u00e9pouse,<br \/>\nqui poss\u00e9dait <a href=\"https:\/\/www.melty.fr\/societe\/affaire-jubillar-ces-tenues-affriolantes-que-delphine-gardait-sur-son-lieu-de-travail-2264644.html\" target=\"_blank\" rel=\"noopener\"><br \/>\ndes tenues \u00e9tonnantes \u00e0 son travail.<\/a><\/p>\n","protected":false},"excerpt":{"rendered":"Pr\u00e8s de cinq ans apr\u00e8s la disparition de Delphine Jubillar, le myst\u00e8re reste entier. Cette m\u00e8re de famille&hellip;\n","protected":false},"author":2,"featured_media":420379,"comment_status":"","ping_status":"","sticky":false,"template":"","format":"standard","meta":{"footnotes":""},"categories":[2],"tags":[905,11,38151,33030,1011,27,12,25],"class_list":{"0":"post-420378","1":"post","2":"type-post","3":"status-publish","4":"format-standard","5":"has-post-thumbnail","7":"category-actualites","8":"tag-a-la-une-melty","9":"tag-actualites","10":"tag-affaire-delphine-jubillar","11":"tag-cedric-jubillar","12":"tag-fr","13":"tag-france","14":"tag-news","15":"tag-republique-francaise"},"share_on_mastodon":{"url":"https:\/\/pubeurope.com\/@fr\/115273889621245825","error":""},"_links":{"self":[{"href":"https:\/\/www.europesays.com\/fr\/wp-json\/wp\/v2\/posts\/420378","targetHints":{"allow":["GET"]}}],"collection":[{"href":"https:\/\/www.europesays.com\/fr\/wp-json\/wp\/v2\/posts"}],"about":[{"href":"https:\/\/www.europesays.com\/fr\/wp-json\/wp\/v2\/types\/post"}],"author":[{"embeddable":true,"href":"https:\/\/www.europesays.com\/fr\/wp-json\/wp\/v2\/users\/2"}],"replies":[{"embeddable":true,"href":"https:\/\/www.europesays.com\/fr\/wp-json\/wp\/v2\/comments?post=420378"}],"version-history":[{"count":0,"href":"https:\/\/www.europesays.com\/fr\/wp-json\/wp\/v2\/posts\/420378\/revisions"}],"wp:featuredmedia":[{"embeddable":true,"href":"https:\/\/www.europesays.com\/fr\/wp-json\/wp\/v2\/media\/420379"}],"wp:attachment":[{"href":"https:\/\/www.europesays.com\/fr\/wp-json\/wp\/v2\/media?parent=420378"}],"wp:term":[{"taxonomy":"category","embeddable":true,"href":"https:\/\/www.europesays.com\/fr\/wp-json\/wp\/v2\/categories?post=420378"},{"taxonomy":"post_tag","embeddable":true,"href":"https:\/\/www.europesays.com\/fr\/wp-json\/wp\/v2\/tags?post=420378"}],"curies":[{"name":"wp","href":"https:\/\/api.w.org\/{rel}","templated":true}]}}