{"id":420380,"date":"2025-09-27T02:25:35","date_gmt":"2025-09-27T02:25:35","guid":{"rendered":"https:\/\/www.europesays.com\/fr\/420380\/"},"modified":"2025-09-27T02:25:35","modified_gmt":"2025-09-27T02:25:35","slug":"ecoreseau-business-pauperisation-de-la-classe-moyenne-en-france-mythe-ou-realite","status":"publish","type":"post","link":"https:\/\/www.europesays.com\/fr\/420380\/","title":{"rendered":"\u00c9coR\u00e9seau Business &#8211; Paup\u00e9risation de la classe moyenne en France : mythe ou r\u00e9alit\u00e9 ?"},"content":{"rendered":"<p>    <strong>Alors que la <a style=\"color: #ff6600;\" href=\"https:\/\/www.ecoreseau.fr\/actualites\/economie-societe\/pourquoi-la-taxe-zucman-fait-elle-tant-parler-2025-06-15-114358\" target=\"_blank\" rel=\"noopener\">taxe Zucman<\/a> est sur toutes les l\u00e8vres, une \u00e9tude publi\u00e9e le 24 septembre par la Direction de la recherche, des \u00e9tudes, de l\u2019\u00e9valuation et des statistiques (Drees) r\u00e9v\u00e8le que la France compte moins de personnes pauvres que la moyenne de l\u2019Union europ\u00e9enne. Une bonne nouvelle&#8230; a priori\u00a0! Selon cette m\u00eame \u00e9tude, la France compte plus de personnes modestes que la moyenne europ\u00e9enne. Ce terme d\u00e9signe les personnes\u00a0au-dessus du seuil de pauvret\u00e9 mais aux revenus limit\u00e9s. Soit, une partie de celles que l\u2019on regroupe sous l\u2019expression de \u00ab\u00a0classe moyenne\u00a0\u00bb.<\/strong><\/p>\n<p>\n            \u00ab\u00a0Les classes moyennes n\u2019ont pas disparu, leurs effectifs continuent d\u2019augmenter\u00a0! La rupture tient plut\u00f4t \u00e0 leur fragilisation. Elles font d\u00e9sormais face \u00e0 une mont\u00e9e des incertitudes, notamment par rapport \u00e0 l\u2019emploi\u00a0\u00bb, alertait Louis Maurin, directeur de l\u2019Observatoire des in\u00e9galit\u00e9s, dans les colonnes de L\u2019Obs le 23 juin 2022.        <\/p>\n","protected":false},"excerpt":{"rendered":"Alors que la taxe Zucman est sur toutes les l\u00e8vres, une \u00e9tude publi\u00e9e le 24 septembre par la&hellip;\n","protected":false},"author":2,"featured_media":420381,"comment_status":"","ping_status":"","sticky":false,"template":"","format":"standard","meta":{"footnotes":""},"categories":[4],"tags":[11,54952,54953,1011,27,9345,12,2922,25,54954,52897],"class_list":{"0":"post-420380","1":"post","2":"type-post","3":"status-publish","4":"format-standard","5":"has-post-thumbnail","7":"category-france","8":"tag-actualites","9":"tag-classes-moyennes","10":"tag-economie-et-societe","11":"tag-fr","12":"tag-france","13":"tag-inflation","14":"tag-news","15":"tag-pouvoir-dachat","16":"tag-republique-francaise","17":"tag-sentiment-de-declassement","18":"tag-taxe-zucman"},"share_on_mastodon":{"url":"https:\/\/pubeurope.com\/@fr\/115273893353899009","error":""},"_links":{"self":[{"href":"https:\/\/www.europesays.com\/fr\/wp-json\/wp\/v2\/posts\/420380","targetHints":{"allow":["GET"]}}],"collection":[{"href":"https:\/\/www.europesays.com\/fr\/wp-json\/wp\/v2\/posts"}],"about":[{"href":"https:\/\/www.europesays.com\/fr\/wp-json\/wp\/v2\/types\/post"}],"author":[{"embeddable":true,"href":"https:\/\/www.europesays.com\/fr\/wp-json\/wp\/v2\/users\/2"}],"replies":[{"embeddable":true,"href":"https:\/\/www.europesays.com\/fr\/wp-json\/wp\/v2\/comments?post=420380"}],"version-history":[{"count":0,"href":"https:\/\/www.europesays.com\/fr\/wp-json\/wp\/v2\/posts\/420380\/revisions"}],"wp:featuredmedia":[{"embeddable":true,"href":"https:\/\/www.europesays.com\/fr\/wp-json\/wp\/v2\/media\/420381"}],"wp:attachment":[{"href":"https:\/\/www.europesays.com\/fr\/wp-json\/wp\/v2\/media?parent=420380"}],"wp:term":[{"taxonomy":"category","embeddable":true,"href":"https:\/\/www.europesays.com\/fr\/wp-json\/wp\/v2\/categories?post=420380"},{"taxonomy":"post_tag","embeddable":true,"href":"https:\/\/www.europesays.com\/fr\/wp-json\/wp\/v2\/tags?post=420380"}],"curies":[{"name":"wp","href":"https:\/\/api.w.org\/{rel}","templated":true}]}}