{"id":420388,"date":"2025-09-27T02:32:14","date_gmt":"2025-09-27T02:32:14","guid":{"rendered":"https:\/\/www.europesays.com\/fr\/420388\/"},"modified":"2025-09-27T02:32:14","modified_gmt":"2025-09-27T02:32:14","slug":"le-jeune-ajaccien-gregory-ballati-est-team-manager-de-lecurie-virtuelle-de-romain-grosjean-lancien-pilote-francais-de-formule-1","status":"publish","type":"post","link":"https:\/\/www.europesays.com\/fr\/420388\/","title":{"rendered":"Le jeune Ajaccien, Gregory Ballati, est team manager de l&rsquo;\u00e9curie virtuelle de Romain Grosjean, l&rsquo;ancien pilote fran\u00e7ais de Formule 1"},"content":{"rendered":"<p>\u00c0 seulement 23 ans, Gregory Ballati poss\u00e8de d\u00e9j\u00e0 un destin hors du commun. Il a su franchir les diff\u00e9rentes \u00e9tapes qui l&rsquo;ont men\u00e9 de la console de jeux \u00e0 la fonction d&rsquo;ing\u00e9nieur m\u00e9canique virtuel d&rsquo;une \u00e9quipe de pilotes. \u00ab\u00a0En 2022, je me suis fait rep\u00e9rer en faisant des courses en ligne sur un jeu de Formule 1. J&rsquo;\u00e9tais chez moi, dans mon baquet de gamer et \u00e0 la suite d&rsquo;une course j&rsquo;ai re\u00e7u un mail d&rsquo;Alpine\u00a0\u00bb, a expliqu\u00e9 l&rsquo;Ajaccien.<\/p>\n<p>Puis, tout s&rsquo;est encha\u00een\u00e9 pour lui. Le constructeur fran\u00e7ais engag\u00e9 en Formule 1 a souhait\u00e9 s&rsquo;attacher les services du jeune Corse, notamment pour ses capacit\u00e9s \u00e0 r\u00e9gler la voiture de ses pilotes virtuels. En effet, chaque \u00e9curie de F1 r\u00e9elle poss\u00e8de une filiale en ligne pour disputer un championnat qui se dispute en douze manches. \u00ab\u00a0C&rsquo;est obligatoire depuis 2018. Certaines \u00e9curies s&rsquo;\u00e9tendent m\u00eame au-del\u00e0 de la F1. Mercedes a par exemple des programmes en GT3, idem pour Ferrari. Alpine est \u00e9galement engag\u00e9e en hypercar\u00a0\u00bb, a indiqu\u00e9 Gregory Ballati.<\/p>\n<p>Si celui-ci a depuis quitt\u00e9 le baquet de pilote virtuel professionnel en 2023, il est devenu un team manager particuli\u00e8rement reconnu dans le milieu du simracing. Cette ann\u00e9e, il officie pour R8G eSports dont le pr&#8230;<\/p>\n","protected":false},"excerpt":{"rendered":"\u00c0 seulement 23 ans, Gregory Ballati poss\u00e8de d\u00e9j\u00e0 un destin hors du commun. Il a su franchir les&hellip;\n","protected":false},"author":2,"featured_media":420389,"comment_status":"","ping_status":"","sticky":false,"template":"","format":"standard","meta":{"footnotes":""},"categories":[1412],"tags":[17,54955,54956,932,1451,1452,1453,1454,1455,1011,27,1988,3913,9828,60,26401],"class_list":{"0":"post-420388","1":"post","2":"type-post","3":"status-publish","4":"format-standard","5":"has-post-thumbnail","7":"category-f1","8":"tag-17","9":"tag-ajaccien","10":"tag-ballati","11":"tag-est","12":"tag-f1","13":"tag-formula-1","14":"tag-formula1","15":"tag-formule-1","16":"tag-formule1","17":"tag-fr","18":"tag-france","19":"tag-gregory","20":"tag-jeune","21":"tag-manager","22":"tag-sports","23":"tag-team"},"share_on_mastodon":{"url":"https:\/\/pubeurope.com\/@fr\/115273920912572794","error":""},"_links":{"self":[{"href":"https:\/\/www.europesays.com\/fr\/wp-json\/wp\/v2\/posts\/420388","targetHints":{"allow":["GET"]}}],"collection":[{"href":"https:\/\/www.europesays.com\/fr\/wp-json\/wp\/v2\/posts"}],"about":[{"href":"https:\/\/www.europesays.com\/fr\/wp-json\/wp\/v2\/types\/post"}],"author":[{"embeddable":true,"href":"https:\/\/www.europesays.com\/fr\/wp-json\/wp\/v2\/users\/2"}],"replies":[{"embeddable":true,"href":"https:\/\/www.europesays.com\/fr\/wp-json\/wp\/v2\/comments?post=420388"}],"version-history":[{"count":0,"href":"https:\/\/www.europesays.com\/fr\/wp-json\/wp\/v2\/posts\/420388\/revisions"}],"wp:featuredmedia":[{"embeddable":true,"href":"https:\/\/www.europesays.com\/fr\/wp-json\/wp\/v2\/media\/420389"}],"wp:attachment":[{"href":"https:\/\/www.europesays.com\/fr\/wp-json\/wp\/v2\/media?parent=420388"}],"wp:term":[{"taxonomy":"category","embeddable":true,"href":"https:\/\/www.europesays.com\/fr\/wp-json\/wp\/v2\/categories?post=420388"},{"taxonomy":"post_tag","embeddable":true,"href":"https:\/\/www.europesays.com\/fr\/wp-json\/wp\/v2\/tags?post=420388"}],"curies":[{"name":"wp","href":"https:\/\/api.w.org\/{rel}","templated":true}]}}